{"id":19735,"date":"2022-07-08T17:50:06","date_gmt":"2022-07-08T14:50:06","guid":{"rendered":"http:\/\/akdenizolaygazetesi.com\/?p=19735"},"modified":"2022-07-08T17:50:06","modified_gmt":"2022-07-08T14:50:06","slug":"baskan-abdullah-ozyigit-mersin-sehitligini-ziyaret-etti","status":"publish","type":"post","link":"https:\/\/akdenizolaygazetesi.com\/?p=19735","title":{"rendered":"Ba\u015fkan Abdullah \u00d6zyi\u011fit, Mersin \u015eehitli\u011fi\u2019ni ziyaret etti"},"content":{"rendered":"<p>Mersin Yeni\u015fehir Belediye Ba\u015fkan\u0131 Abdullah \u00d6zyi\u011fit, Kurban Bayram\u0131 nedeniyle Mersin \u015eehitli\u011fi\u2019ni ziyaret ederek \u015fehitlerin kabirlerine karanfil b\u0131rakt\u0131, \u015fehit aileleriyle bayramla\u015ft\u0131.<br \/>\nYeni\u015fehir Belediye Ba\u015fkan\u0131 Abdullah \u00d6zyi\u011fit, Kurban Bayram\u0131 dolay\u0131s\u0131yla Mersin Valili\u011fi taraf\u0131ndan d\u00fczenlenen program kapsam\u0131nda Mersin Valisi Ali Hamza Pehlihan, Mersin B\u00fcy\u00fck\u015fehir Belediye Ba\u015fkan\u0131 Vahap Se\u00e7er ve kent protokol\u00fc ile birlikte Mersin \u015eehitli\u011fi\u2019ni ziyaret etti. \u015eehitlikte \u015fehit aileleri ile bayramla\u015fan Ba\u015fkan Abdullah \u00d6zyi\u011fit, \u015fehitlerin kabirlerine karanfil b\u0131rakt\u0131. Ba\u015fkan \u00d6zyi\u011fit, \u201cKurban Bayram\u0131\u2019n\u0131n \u00fclkemiz ad\u0131na bar\u0131\u015f ve huzur getirmesini diliyorum. Bug\u00fcn T\u00fcrkiye Cumhuriyet i\u00e7in canlar\u0131yla bedel \u00f6deyen \u015fehitlerimizin kabirleriniziyaret ettik, \u015fehit ailelerimizle bulu\u015ftuk.  Onlar\u0131n ya\u015fad\u0131klar\u0131 bu ac\u0131lar\u0131 anlamak m\u00fcmk\u00fcn de\u011fil ama yanlar\u0131nda oldu\u011fumuzu ifade etmek ve ac\u0131lar\u0131n\u0131 payla\u015fmak i\u00e7in hep birlikte buraday\u0131z. \u015eehitlerimize bir kez daha Allah\u2019tan rahmet, ailelerine sab\u0131r diliyorum. \u00dclkemiz ve gelece\u011fimiz i\u00e7in en b\u00fcy\u00fck dile\u011fimiz bar\u0131\u015f.\u201d diye konu\u015ftu.<br \/>\nVatanda\u015flar\u0131n b\u00fcy\u00fck ekonomik zorluklar i\u00e7erisinde Kurban Bayram\u0131\u2019n\u0131 kar\u015f\u0131lad\u0131\u011f\u0131n\u0131 ifade eden Ba\u015fkan Abdullah \u00d6zyi\u011fit, \u201cBu y\u0131l ya\u015fad\u0131\u011f\u0131m\u0131z bayram di\u011ferlerinden \u00e7ok farkl\u0131. Vatanda\u015flar\u0131m\u0131z b\u00fcy\u00fck ekonomik zorluklar i\u00e7erisinde bu bayrama giriyor. \u00dclkemizde var olmas\u0131 gereken ve cumhuriyetin anlam kazanmas\u0131 i\u00e7in gerekli olan demokrasinin t\u00fcm kurum ve kurallar\u0131yla i\u015flemedi\u011fi bir d\u00f6nemdeyiz. Ba\u011f\u0131ms\u0131z bir adalet sisteminin olmad\u0131\u011f\u0131 ve devlet erk\u00e2n\u0131n\u0131n tam objektif bak\u0131\u015f a\u00e7\u0131s\u0131yla halk\u0131n t\u00fcm kesimlerine ula\u015famad\u0131\u011f\u0131 bir ortam\u0131n ya\u015fand\u0131\u011f\u0131n\u0131 g\u00f6r\u00fcyoruz. T\u00fcm bu s\u00fcre\u00e7lerden \u00fclkemizi kurtaraca\u011f\u0131m\u0131z bir d\u00f6neme ge\u00e7memiz gerekiyor. Demokrasi tam anlam\u0131yla yerle\u015fti\u011finde ve herkes adalet sistemine tam anlam\u0131yla g\u00fcven duydu\u011funda \u00fclkemiz tekrar ayaklar\u0131 \u00fczerine basacak ve refah seviyesi y\u00fckselecektir. Bug\u00fcn maalesef e\u011fitimli insanlar\u0131m\u0131z umudu d\u0131\u015far\u0131da ar\u0131yor, ya\u015famlar\u0131na ba\u015fka \u00fclkelerde devam etmek istiyorlar, bunu de\u011fi\u015ftirmek zorunday\u0131z.  Bu \u00fclke bizim. Gelecek g\u00fczel g\u00fcnlerde bar\u0131\u015f ve huzur i\u00e7erisinde ya\u015famak umuduyla t\u00fcm halk\u0131m\u0131z\u0131n Kurban Bayram\u0131\u2019n\u0131 kutluyorum.\u201d ifadelerini kulland\u0131. <\/p>\n","protected":false},"excerpt":{"rendered":"<p>Mersin Yeni\u015fehir Belediye Ba\u015fkan\u0131 Abdullah \u00d6zyi\u011fit, Kurban Bayram\u0131 nedeniyle Mersin \u015eehitli\u011fi\u2019ni ziyaret ederek \u015fehitlerin kabirlerine karanfil b\u0131rakt\u0131, \u015fehit aileleriyle bayramla\u015ft\u0131. Yeni\u015fehir Belediye Ba\u015fkan\u0131 Abdullah \u00d6zyi\u011fit, Kurban Bayram\u0131 dolay\u0131s\u0131yla Mersin Valili\u011fi &hellip; <a href=\"https:\/\/akdenizolaygazetesi.com\/?p=19735\" class=\"more-link\">Devam\u0131n\u0131 Oku&#8230;<\/a><\/p>\n","protected":false},"author":2,"featured_media":19736,"comment_status":"open","ping_status":"open","sticky":false,"template":"","format":"standard","meta":[],"categories":[1,2,3,5],"tags":[],"_links":{"self":[{"href":"https:\/\/akdenizolaygazetesi.com\/index.php?rest_route=\/wp\/v2\/posts\/19735"}],"collection":[{"href":"https:\/\/akdenizolaygazetesi.com\/index.php?rest_route=\/wp\/v2\/posts"}],"about":[{"href":"https:\/\/akdenizolaygazetesi.com\/index.php?rest_route=\/wp\/v2\/types\/post"}],"author":[{"embeddable":true,"href":"https:\/\/akdenizolaygazetesi.com\/index.php?rest_route=\/wp\/v2\/users\/2"}],"replies":[{"embeddable":true,"href":"https:\/\/akdenizolaygazetesi.com\/index.php?rest_route=%2Fwp%2Fv2%2Fcomments&post=19735"}],"version-history":[{"count":1,"href":"https:\/\/akdenizolaygazetesi.com\/index.php?rest_route=\/wp\/v2\/posts\/19735\/revisions"}],"predecessor-version":[{"id":19737,"href":"https:\/\/akdenizolaygazetesi.com\/index.php?rest_route=\/wp\/v2\/posts\/19735\/revisions\/19737"}],"wp:featuredmedia":[{"embeddable":true,"href":"https:\/\/akdenizolaygazetesi.com\/index.php?rest_route=\/wp\/v2\/media\/19736"}],"wp:attachment":[{"href":"https:\/\/akdenizolaygazetesi.com\/index.php?rest_route=%2Fwp%2Fv2%2Fmedia&parent=19735"}],"wp:term":[{"taxonomy":"category","embeddable":true,"href":"https:\/\/akdenizolaygazetesi.com\/index.php?rest_route=%2Fwp%2Fv2%2Fcategories&post=19735"},{"taxonomy":"post_tag","embeddable":true,"href":"https:\/\/akdenizolaygazetesi.com\/index.php?rest_route=%2Fwp%2Fv2%2Ftags&post=19735"}],"curies":[{"name":"wp","href":"https:\/\/api.w.org\/{rel}","templated":true}]}}