{"id":19738,"date":"2022-07-08T17:51:53","date_gmt":"2022-07-08T14:51:53","guid":{"rendered":"http:\/\/akdenizolaygazetesi.com\/?p=19738"},"modified":"2022-07-08T17:51:53","modified_gmt":"2022-07-08T14:51:53","slug":"mersin-buyuksehir-belediyesi-otobusleri-bayram-suresince-vatandaslara-ucretsiz-hizmet-verecek","status":"publish","type":"post","link":"https:\/\/akdenizolaygazetesi.com\/?p=19738","title":{"rendered":"MERS\u0130N B\u00dcY\u00dcK\u015eEH\u0130R BELED\u0130YES\u0130 OTOB\u00dcSLER\u0130 BAYRAM S\u00dcRES\u0130NCE VATANDA\u015eLARA \u00dcCRETS\u0130Z H\u0130ZMET VERECEK"},"content":{"rendered":"<p>Mersin B\u00fcy\u00fck\u015fehir Belediyesi t\u00fcm birimleri ile Kurban Bayram\u0131 haz\u0131rl\u0131klar\u0131n\u0131 tamamlad\u0131. Ba\u015fkan Vahap se\u00e7er \u00f6nc\u00fcl\u00fc\u011f\u00fcnde, Mersinlilerin bayramlar\u0131n\u0131 en g\u00fczel \u015fekilde ge\u00e7irebilmesi i\u00e7in \u00e7al\u0131\u015fmalar\u0131n\u0131 tamamlayan ekipler, bayram s\u00fcresince de vatanda\u015flardan gelecek istek, talep ve \u015fikayetler do\u011frultusunda teyakkuz halinde olacak.<\/p>\n<p>Vatanda\u015flar\u0131n kurbanl\u0131klar\u0131n\u0131 sa\u011fl\u0131kl\u0131 ve hijyenik \u015fartlarda kestirebilmesi i\u00e7in bayram\u0131n 1. ve 2. g\u00fcn\u00fc hizmet verecek olan Anamur, \u00c7aml\u0131yayla, G\u00fclnar, Erdemli, Silifke, Mut, Tarsus ve Yakak\u00f6y Kesimhaneleri&#8217;nin yan\u0131 s\u0131ra, n\u00fcfus yo\u011funlu\u011fu ve kesim kapasiteleri dikkate al\u0131narak farkl\u0131 b\u00f6lgelere yerle\u015ftirilen ve bayram\u0131n 1.g\u00fcn\u00fc hizmet verecek 22 adet mobil kesim \u00fcnitesi ile birlikte 30 adet kurban kesim yerinin de haz\u0131rland\u0131\u011f\u0131n\u0131 bildiren yetkililer, bayram\u0131n ilk g\u00fcn\u00fc saat 07:00 ile 15:00 aras\u0131nda ise Yakak\u00f6y Mezbahas\u0131&#8217;na her iki saatte bir olmak \u00fczere \u00fccretsiz otob\u00fcs ringi olu\u015fturuldu\u011funu belirttiler.<\/p>\n<p>Mezbaha ve mobil kesim \u00fcnitelerinin bulundu\u011fu yerlerin dezenfeksiyonunun sa\u011flanmas\u0131 i\u00e7in d\u00fczenli olarak ila\u00e7lanaca\u011f\u0131n\u0131, kesim sonunda mobil kesim \u00fcnitelerinin ve mezbahalar\u0131n\u0131n \u00e7evresinin temizli\u011finin yap\u0131laca\u011f\u0131n\u0131 ifade eden Mersin B\u00fcy\u00fck\u015fehir Belediyesi yetkilileri, mobil kesim \u00fcnitelerinde elektrik kesintisi olmas\u0131 durumunda ise jenerat\u00f6rlerin devreye girece\u011fini kaydettiler.<\/p>\n<p>Mezarl\u0131klar\u0131n yan\u0131 s\u0131ra cami, kilise ve cemevinin bayram \u00f6ncesi temizlik ve bak\u0131mlar\u0131n\u0131n tamamland\u0131\u011f\u0131n\u0131 bildiren yetkililer, B\u00fcy\u00fck\u015fehir Belediyesi otob\u00fcslerinin de 4 g\u00fcnl\u00fck bayram tatili s\u00fcresince vatanda\u015flara \u00fccretsiz olarak hizmet verece\u011fini belirttiler.<\/p>\n<p>Merkez il\u00e7elerde kurulacak olan kesim yerleri i\u00e7in masa, sandalye ve \u015femsiye g\u00f6lgeli\u011finin de haz\u0131rland\u0131\u011f\u0131n\u0131 kaydeden yetkililer, vatanda\u015flar\u0131n olas\u0131 bir olumsuzlu\u011fu ALO 185 ve TEKS\u0130N uygulamas\u0131 \u00fczerinden ilgili birimlere aktarabileceklerini ifade ettiler. <\/p>\n","protected":false},"excerpt":{"rendered":"<p>Mersin B\u00fcy\u00fck\u015fehir Belediyesi t\u00fcm birimleri ile Kurban Bayram\u0131 haz\u0131rl\u0131klar\u0131n\u0131 tamamlad\u0131. Ba\u015fkan Vahap se\u00e7er \u00f6nc\u00fcl\u00fc\u011f\u00fcnde, Mersinlilerin bayramlar\u0131n\u0131 en g\u00fczel \u015fekilde ge\u00e7irebilmesi i\u00e7in \u00e7al\u0131\u015fmalar\u0131n\u0131 tamamlayan ekipler, bayram s\u00fcresince de vatanda\u015flardan gelecek istek, &hellip; <a href=\"https:\/\/akdenizolaygazetesi.com\/?p=19738\" class=\"more-link\">Devam\u0131n\u0131 Oku&#8230;<\/a><\/p>\n","protected":false},"author":2,"featured_media":19739,"comment_status":"open","ping_status":"open","sticky":false,"template":"","format":"standard","meta":[],"categories":[34,1,2,3,5],"tags":[],"_links":{"self":[{"href":"https:\/\/akdenizolaygazetesi.com\/index.php?rest_route=\/wp\/v2\/posts\/19738"}],"collection":[{"href":"https:\/\/akdenizolaygazetesi.com\/index.php?rest_route=\/wp\/v2\/posts"}],"about":[{"href":"https:\/\/akdenizolaygazetesi.com\/index.php?rest_route=\/wp\/v2\/types\/post"}],"author":[{"embeddable":true,"href":"https:\/\/akdenizolaygazetesi.com\/index.php?rest_route=\/wp\/v2\/users\/2"}],"replies":[{"embeddable":true,"href":"https:\/\/akdenizolaygazetesi.com\/index.php?rest_route=%2Fwp%2Fv2%2Fcomments&post=19738"}],"version-history":[{"count":1,"href":"https:\/\/akdenizolaygazetesi.com\/index.php?rest_route=\/wp\/v2\/posts\/19738\/revisions"}],"predecessor-version":[{"id":19740,"href":"https:\/\/akdenizolaygazetesi.com\/index.php?rest_route=\/wp\/v2\/posts\/19738\/revisions\/19740"}],"wp:featuredmedia":[{"embeddable":true,"href":"https:\/\/akdenizolaygazetesi.com\/index.php?rest_route=\/wp\/v2\/media\/19739"}],"wp:attachment":[{"href":"https:\/\/akdenizolaygazetesi.com\/index.php?rest_route=%2Fwp%2Fv2%2Fmedia&parent=19738"}],"wp:term":[{"taxonomy":"category","embeddable":true,"href":"https:\/\/akdenizolaygazetesi.com\/index.php?rest_route=%2Fwp%2Fv2%2Fcategories&post=19738"},{"taxonomy":"post_tag","embeddable":true,"href":"https:\/\/akdenizolaygazetesi.com\/index.php?rest_route=%2Fwp%2Fv2%2Ftags&post=19738"}],"curies":[{"name":"wp","href":"https:\/\/api.w.org\/{rel}","templated":true}]}}