{"id":19744,"date":"2022-07-08T17:57:10","date_gmt":"2022-07-08T14:57:10","guid":{"rendered":"http:\/\/akdenizolaygazetesi.com\/?p=19744"},"modified":"2022-07-08T17:57:10","modified_gmt":"2022-07-08T14:57:10","slug":"akdenizde-artik-baris-ve-sevgi-var","status":"publish","type":"post","link":"https:\/\/akdenizolaygazetesi.com\/?p=19744","title":{"rendered":"\u201cAkdeniz\u2019de art\u0131k bar\u0131\u015f ve sevgi var\u201d"},"content":{"rendered":"<p>Akdeniz Belediyesi K\u00fclt\u00fcr ve Sosyal \u0130\u015fler M\u00fcd\u00fcrl\u00fc\u011f\u00fc\u2019ne ba\u011fl\u0131 hizmet veren \u00d6zg\u00fcrl\u00fck Mahallesi K\u00fclt\u00fcr ve Sanat Evi\u2019nde y\u0131lsonu g\u00f6sterisi d\u00fczenlendi. Farkl\u0131 etkinlikler ve sergilerle renklenen g\u00f6steride h\u00fcnerlerini sergileyen kre\u015f miniklerine karneleri verildi.  <\/p>\n<p>Etkinli\u011fe Akdeniz Belediye Ba\u015fkan\u0131 M. Mustafa G\u00fcltak, AK Parti Akdeniz \u0130l\u00e7e Ba\u015fkan\u0131 Emin Gen\u00e7, \u00d6zg\u00fcrl\u00fck Mahalle Muhtar\u0131 \u00d6mer Erguvan, Ye\u015fil\u00e7imen Mahalle Muhtar\u0131 Cemal Ak\u00e7ay, k\u00fclt\u00fcr sanat evi e\u011fitmenleri ve kre\u015f \u00f6\u011fretmenleri, kursiyer gen\u00e7ler ve kad\u0131nlar ile \u00e7ocuklar\u0131 kat\u0131ld\u0131. Birbirinden renkli ve e\u011flenceli etkinliklere sahne olan bulu\u015fmada, kre\u015f \u00f6\u011frencisi miniklerin \u2018Farecik\u2019 ve \u2018Senden Daha G\u00fczel\u2019 isimli g\u00f6sterisi be\u011feni toplad\u0131. <\/p>\n<p>\u201cAkdeniz\u2019de art\u0131k bar\u0131\u015f ve sevgi var\u201d<\/p>\n<p>Etkinlikte kre\u015f \u00f6\u011frencilerinin sahneledi\u011fi Diyarbak\u0131r y\u00f6resine ait halkoyunlar\u0131, giyim ve el sanatlar\u0131 s\u0131n\u0131flar\u0131n\u0131n haz\u0131rlad\u0131\u011f\u0131 geri d\u00f6n\u00fc\u015f\u00fcm ve y\u00f6resel kost\u00fcm sergisi, e\u011fitimde oyun etkinlikleri kursu \u00f6\u011frencilerinin haz\u0131rlad\u0131\u011f\u0131 \u0130stiklal Mar\u015f\u0131 ve Bayrak G\u00f6sterisi izleyenlerden tam not ald\u0131. Bulu\u015fmada, kre\u015f \u00f6\u011frencisi miniklerin karneleri de t\u00f6renle takdim edildi. \u00d6zg\u00fcrl\u00fck Mahallesi K\u00fclt\u00fcr ve Sanat Evi y\u0131lsonu etkinli\u011finde konu\u015fan Akdeniz Belediye Ba\u015fkan\u0131 M. Mustafa G\u00fcltak; \u201cAkdeniz\u2019de art\u0131k, bar\u0131\u015f ve karde\u015flik var. Art\u0131k Akdeniz\u2019de hi\u00e7 kimse dilinden, dininden, mezhebi ve etnik k\u00f6keninden dolay\u0131 \u00f6tekile\u015ftirilmiyor. Akdeniz art\u0131k sevgi ve muhabbet dolu. Tabi bu g\u00fcnlere kolay gelmedik. Ama sizlerle birlikte azimle devam ediyoruz. \u00d6zellikle kad\u0131nlar ve gen\u00e7lere y\u00f6nelik yo\u011fun projeler \u00fcretiyoruz\u201d diye konu\u015ftu. <\/p>\n<p>\u201cAkdenizli kad\u0131nlar, art\u0131k d\u00f6rt duvar aras\u0131nda de\u011fil\u201d<\/p>\n<p>\u00d6zg\u00fcrl\u00fck Mahallesi\u2019ne kazand\u0131r\u0131lan park ve aile sa\u011fl\u0131\u011f\u0131 merkezi ile T\u0131rm\u0131l Tepe civar\u0131na yap\u0131lacak olan ve i\u00e7inde kapal\u0131 spor salonu, gen\u00e7lik merkezi ve futbol sahas\u0131 olacak spor kompleksinden bahseden Ba\u015fkan G\u00fcltak, Akdeniz\u2019in t\u00fcm mahallerine ve sakinlerine hizmetlerin artarak s\u00fcrece\u011fini vurgulad\u0131. Ba\u015fkan G\u00fcltak, Akdeniz Belediyesi\u2019nin de deste\u011fiyle kurulan kad\u0131n kooperatiflerine \u00fcye olup \u00fcretim s\u00fcrecine kat\u0131lmalar\u0131 i\u00e7in mahalleli kad\u0131nlar\u0131 davet ederek; \u201cAkdeniz\u2019in kad\u0131nlar\u0131, art\u0131k d\u00f6rt duvar aras\u0131na s\u0131k\u0131\u015fan de\u011fil,  \u00fcreten, \u00fcrettiklerini de satan, evine para g\u00f6t\u00fcrebilen kad\u0131nlar olmaya ba\u015flad\u0131\u201d dedi. Akdenizli kad\u0131nlar\u0131 aralar\u0131nda farkl\u0131 illerin de oldu\u011fu k\u00fclt\u00fcr, tarih ve do\u011fa gezilerine, gen\u00e7leri ve \u00e7ocuklar\u0131 da Silifke kamp\u0131na g\u00f6nderdiklerini hat\u0131rlatan Ba\u015fkan G\u00fcltak, \u201cAmac\u0131m\u0131z, dezavantajl\u0131 durumda olan, hayat\u0131nda hi\u00e7 tatile veya denize gidememi\u015f insanlar\u0131m\u0131za bu imk\u00e2nlar\u0131 sunmakt\u0131r\u201d ifadesini kulland\u0131. <\/p>\n","protected":false},"excerpt":{"rendered":"<p>Akdeniz Belediyesi K\u00fclt\u00fcr ve Sosyal \u0130\u015fler M\u00fcd\u00fcrl\u00fc\u011f\u00fc\u2019ne ba\u011fl\u0131 hizmet veren \u00d6zg\u00fcrl\u00fck Mahallesi K\u00fclt\u00fcr ve Sanat Evi\u2019nde y\u0131lsonu g\u00f6sterisi d\u00fczenlendi. Farkl\u0131 etkinlikler ve sergilerle renklenen g\u00f6steride h\u00fcnerlerini sergileyen kre\u015f miniklerine karneleri &hellip; <a href=\"https:\/\/akdenizolaygazetesi.com\/?p=19744\" class=\"more-link\">Devam\u0131n\u0131 Oku&#8230;<\/a><\/p>\n","protected":false},"author":2,"featured_media":19745,"comment_status":"open","ping_status":"open","sticky":false,"template":"","format":"standard","meta":[],"categories":[34,2,3,5],"tags":[],"_links":{"self":[{"href":"https:\/\/akdenizolaygazetesi.com\/index.php?rest_route=\/wp\/v2\/posts\/19744"}],"collection":[{"href":"https:\/\/akdenizolaygazetesi.com\/index.php?rest_route=\/wp\/v2\/posts"}],"about":[{"href":"https:\/\/akdenizolaygazetesi.com\/index.php?rest_route=\/wp\/v2\/types\/post"}],"author":[{"embeddable":true,"href":"https:\/\/akdenizolaygazetesi.com\/index.php?rest_route=\/wp\/v2\/users\/2"}],"replies":[{"embeddable":true,"href":"https:\/\/akdenizolaygazetesi.com\/index.php?rest_route=%2Fwp%2Fv2%2Fcomments&post=19744"}],"version-history":[{"count":1,"href":"https:\/\/akdenizolaygazetesi.com\/index.php?rest_route=\/wp\/v2\/posts\/19744\/revisions"}],"predecessor-version":[{"id":19746,"href":"https:\/\/akdenizolaygazetesi.com\/index.php?rest_route=\/wp\/v2\/posts\/19744\/revisions\/19746"}],"wp:featuredmedia":[{"embeddable":true,"href":"https:\/\/akdenizolaygazetesi.com\/index.php?rest_route=\/wp\/v2\/media\/19745"}],"wp:attachment":[{"href":"https:\/\/akdenizolaygazetesi.com\/index.php?rest_route=%2Fwp%2Fv2%2Fmedia&parent=19744"}],"wp:term":[{"taxonomy":"category","embeddable":true,"href":"https:\/\/akdenizolaygazetesi.com\/index.php?rest_route=%2Fwp%2Fv2%2Fcategories&post=19744"},{"taxonomy":"post_tag","embeddable":true,"href":"https:\/\/akdenizolaygazetesi.com\/index.php?rest_route=%2Fwp%2Fv2%2Ftags&post=19744"}],"curies":[{"name":"wp","href":"https:\/\/api.w.org\/{rel}","templated":true}]}}