{"id":19753,"date":"2022-07-10T09:13:36","date_gmt":"2022-07-10T06:13:36","guid":{"rendered":"http:\/\/akdenizolaygazetesi.com\/?p=19753"},"modified":"2022-07-10T09:13:36","modified_gmt":"2022-07-10T06:13:36","slug":"secer-birimlerimiz-7-24-vatandasin-hizmetinde-olacak","status":"publish","type":"post","link":"https:\/\/akdenizolaygazetesi.com\/?p=19753","title":{"rendered":"SE\u00c7ER: &#8220;B\u0130R\u0130MLER\u0130M\u0130Z 7\/24 VATANDA\u015eIN H\u0130ZMET\u0130NDE OLACAK&#8221;"},"content":{"rendered":"<p>Mersin B\u00fcy\u00fck\u015fehir Belediye Ba\u015fkan\u0131 Vahap Se\u00e7er, Kurban Bayram\u0131 dolay\u0131s\u0131yla Mersin Valili\u011fi taraf\u0131ndan Mersin \u015eehitli\u011fi&#8217;nde d\u00fczenlenen bayramla\u015fma t\u00f6renine kat\u0131ld\u0131. Duygu dolu anlar\u0131n ya\u015fand\u0131\u011f\u0131 ve dualar\u0131n okundu\u011fu \u015fehitlik ziyaretinde Ba\u015fkan Se\u00e7er, \u015fehit mezarlar\u0131na karanfiller b\u0131rakarak, \u015fehit aileleri ile tek tek bayramla\u015ft\u0131. Ba\u015fkan Se\u00e7er, Kurban Bayram\u0131 \u00f6ncesi t\u00fcm haz\u0131rl\u0131klar\u0131n tamamland\u0131\u011f\u0131n\u0131 ifade ederek, &#8220;Huzur, bar\u0131\u015f ve karde\u015flik hakim olsun. Herkesin bayram\u0131 kutlu olsun&#8221; dedi. <\/p>\n<p>Toroslar il\u00e7esi Akbelen Mahallesi \u015eehir Mezarl\u0131\u011f\u0131&#8217;ndaki \u015fehitlikte d\u00fczenlenen t\u00f6rene; Mersin Valisi Ali Hamza Pehlivan, Akdeniz B\u00f6lge ve Garnizon Komutan\u0131 Tu\u011famiral Fuat Gedik, Mersin B\u00fcy\u00fck\u015fehir Belediye Ba\u015fkan\u0131 Vahap Se\u00e7er, Mersin milletvekilleri, \u015fehit aileleri, gaziler ve kent protokol\u00fc kat\u0131ld\u0131.<\/p>\n<p>T\u00f6rende, Kur&#8217;an-\u0131 Kerim tilavetinin ard\u0131ndan, Mersin \u0130l M\u00fcft\u00fcs\u00fc Ayd\u0131n Y\u0131\u011fman taraf\u0131ndan dua okundu. Ard\u0131ndan da Ba\u015fkan Se\u00e7er ve kent protokol\u00fc taraf\u0131ndan \u015fehit mezarlar\u0131na karanfiller b\u0131rak\u0131l\u0131rken, \u015fehit aileleri ile bayramla\u015f\u0131ld\u0131.<\/p>\n<p>Ba\u015fkan Se\u00e7er: &#8220;T\u00fcm \u015fehitlerimize Allah&#8217;tan rahmet diliyorum&#8221;<\/p>\n<p>Kurban Bayram\u0131 Arifesi&#8217;nde \u015eehitlik ziyaretini ger\u00e7ekle\u015ftiren Ba\u015fkan Se\u00e7er, &#8220;Bu kabirlerde yatan \u00e7ocuklar\u0131m\u0131z bu vatan u\u011fruna, bu \u00fclke u\u011fruna, bu millet u\u011fruna hayatlar\u0131n\u0131 feda ettiler. Ba\u015fta Gazi Mustafa Kemal Atat\u00fcrk olmak \u00fczere t\u00fcm gazilerimizin, \u015fehitlerimizin \u00f6n\u00fcnde sayg\u0131yla e\u011filiyorum. Allah hepsine gani gani rahmet eylesin. Hayatta olan gazilerimize de \u015f\u00fckranlar\u0131m\u0131z\u0131 sunuyoruz. Vatan bug\u00fcn ba\u011f\u0131ms\u0131zsa, \u00f6zg\u00fcrse, T\u00fcrk milleti kendi topraklar\u0131 \u00fczerinde mutluluk, huzur ve g\u00fcven i\u00e7erisinde ya\u015f\u0131yorsa, burada yatan \u00e7ocuklar\u0131m\u0131za bor\u00e7luyuz&#8221; dedi.<\/p>\n<p>&#8220;Bayram \u00f6ncesi ev temizli\u011fimizi yapt\u0131k&#8221;<\/p>\n<p>Ba\u015fkan Se\u00e7er, Kurban Bayram\u0131 \u00f6ncesi t\u00fcm haz\u0131rl\u0131klar\u0131n tamamland\u0131\u011f\u0131n\u0131 da ifade ederek, \u015funlar\u0131 s\u00f6yledi:<\/p>\n<p>&#8220;Anamur&#8217;dan Tarsus&#8217;a, Mut&#8217;tan \u00c7aml\u0131yayla&#8217;ya kadar merkezde, il\u00e7elerimizde mezarl\u0131k ve ibadethane temizliklerimiz ger\u00e7ekle\u015fti. Mersin, \u00fczerinde bir\u00e7ok k\u00fclt\u00fcr\u00fcn ya\u015fad\u0131\u011f\u0131 bir toprak. Bu y\u00fczden de farkl\u0131 semavi dinlerin de mabetleri var. Ekiplerimiz taraf\u0131ndan onlar\u0131n da temizli\u011fi ger\u00e7ekle\u015ftirildi. Bunun yan\u0131nda, mezarl\u0131k ziyaretine gelen misafirlerimiz i\u00e7in, arkada\u015flar\u0131m\u0131z kar\u015f\u0131lama yap\u0131yorlar. Kendilerine ekilebilecek \u00e7i\u00e7ekler veriyorlar, su ihtiya\u00e7lar\u0131n\u0131 kar\u015f\u0131l\u0131yorlar. Akbelen ve G\u00fcneykent Mezarl\u0131\u011f\u0131&#8217;na merkezden servislerimiz var. Vatanda\u015flar\u0131m\u0131z g\u00fczergah\u0131 sosyal medya hesaplar\u0131m\u0131zdan g\u00f6rebilirler. Yine Belediye otob\u00fcslerimiz bayram boyunca \u00fccretsiz olacak. Birimlerimiz tabi ki 7\/24 gece g\u00fcnd\u00fcz, ya\u011fmur \u00e7amur demeden vatanda\u015f\u0131n hizmetinde olacak. \u00c7\u00fcnk\u00fc bayram dolay\u0131s\u0131yla farkl\u0131 kentlerde ya\u015fayan insanlar da buraya gelecek.  Tatil i\u00e7in gelen olacak. Kendisi Ankara, \u0130stanbul gibi farkl\u0131 kentlerde veya yurtd\u0131\u015f\u0131nda ya\u015fayan, fakat burada bulunan anne babas\u0131n\u0131 ziyaret edecek olan hem\u015fehrilerimiz olacak. Tabi ki onlar\u0131n g\u00fczel bir Mersin g\u00f6rmesini istiyoruz. Onlar da kendi kentleriyle, bir Mersinli olmakla gurur duysunlar. Ben bunu arzu ederim.&#8221;<\/p>\n<p>&#8220;B\u00fcy\u00fck\u015fehir bayramda da g\u00f6rev ba\u015f\u0131nda&#8221;<\/p>\n<p>Ekiplerin \u00e7ok yo\u011fun bir \u00e7al\u0131\u015fma yapt\u0131klar\u0131n\u0131 kaydeden Ba\u015fkan Se\u00e7er, &#8220;Bizde gelenektir, bayram \u00f6ncesi ev temizli\u011fi yap\u0131l\u0131r ya, biz de B\u00fcy\u00fck\u015fehir Belediyesi olarak ev temizli\u011fimizi tamamlad\u0131k. Birimlerimiz \u00e7al\u0131\u015fmaya devam ediyor. Zab\u0131ta birimi, \u0130tfaiye birimi, \u00c7evre Koruma gibi bir\u00e7ok birimimiz g\u00f6rev ba\u015f\u0131nda. Mevsim s\u0131cak, dolay\u0131s\u0131yla sivrisine\u011fin yo\u011fun oldu\u011fu d\u00f6nemdeyiz. \u0130lgili birimlerimiz sinekle m\u00fccadele ediyor. Kurban Bayram\u0131&#8217;ndan dolay\u0131 ba\u015fta karasinek olmak \u00fczere di\u011fer ha\u015fereler de yo\u011fun bir rahats\u0131zl\u0131k verebilir. Bunun i\u00e7in arkada\u015flar\u0131m\u0131z tedbirlerini ald\u0131lar ve bayram s\u00fcresi boyunca ila\u00e7lama \u00e7al\u0131\u015fmalar\u0131na devam edece\u011fiz. Tabii ki Kurban Bayram\u0131 dolay\u0131s\u0131yla kurbanlar kesilecek. Bunun i\u00e7in de \u00fccretsiz kurban kesme hizmetimiz olacak. 13 il\u00e7emizdeki 8 mezbahanede bayram\u0131n 1. ve 2. g\u00fcn\u00fc,  22 mobil kesim \u00fcnitemizde ise bayram\u0131n 1. g\u00fcn\u00fc olmak \u00fczere, toplamda 30 ayr\u0131 noktada \u00fccretsiz kesim hizmeti verilecek&#8221; dedi. <\/p>\n<p>&#8220;Huzur, bar\u0131\u015f ve karde\u015flik hakim olsun. Herkesin bayram\u0131 kutlu olsun&#8221;<\/p>\n<p>T\u00fcm detaylar\u0131 d\u00fc\u015f\u00fcn\u00fcp hizmetleri yerine getirdiklerini s\u00f6zlerine ekleyen Ba\u015fkan Se\u00e7er, &#8220;Ben vatanda\u015flar\u0131m\u0131n bayramlar\u0131n\u0131 kutluyorum. Mutlu, huzurlu olsunlar. Bu dilekleri sadece \u00fclkem insan\u0131 i\u00e7in de\u011fil, t\u00fcm insanl\u0131k i\u00e7in diliyorum. Sava\u015f\u0131n, g\u00f6zya\u015f\u0131n\u0131n, kan\u0131n olmad\u0131\u011f\u0131 bir d\u00fcnya istiyoruz, talep ediyoruz. Dualar\u0131m\u0131z, dileklerimiz, isteklerimiz hep bu y\u00f6nde. Bu Kurban Bayram\u0131&#8217;nda da ayn\u0131 dilek ve dualarla niyetimizi yineliyoruz. Huzur, bar\u0131\u015f ve karde\u015flik hakim olsun. Herkesin bayram\u0131 kutlu olsun&#8221; dedi.<\/p>\n<p>Se\u00e7er, \u015eehitlik ziyareti \u00f6ncesi b\u00fcrokratlarla bayramla\u015ft\u0131<\/p>\n<p>Ba\u015fkan Se\u00e7er, Mersin \u015eehitli\u011fi ziyareti \u00f6ncesinde de makam\u0131nda Mersin B\u00fcy\u00fck\u015fehir Belediyesi ve MESK\u0130 Genel M\u00fcd\u00fcrl\u00fc\u011f\u00fc&#8217;nde g\u00f6rev yapan daire ba\u015fkanlar\u0131 ile bayramla\u015ft\u0131. Bayramla\u015fmada, Mersin B\u00fcy\u00fck\u015fehir Belediyesi Genel Sekreter Vekili Olcay Tok, Genel Sekreter Yard\u0131mc\u0131lar\u0131, MESK\u0130 Genel M\u00fcd\u00fcr Vekili \u0130rfan Korkmaz ile B\u00fcy\u00fck\u015fehir Belediyesi ve MESK\u0130 daire ba\u015fkanlar\u0131 yer ald\u0131.<\/p>\n","protected":false},"excerpt":{"rendered":"<p>Mersin B\u00fcy\u00fck\u015fehir Belediye Ba\u015fkan\u0131 Vahap Se\u00e7er, Kurban Bayram\u0131 dolay\u0131s\u0131yla Mersin Valili\u011fi taraf\u0131ndan Mersin \u015eehitli\u011fi&#8217;nde d\u00fczenlenen bayramla\u015fma t\u00f6renine kat\u0131ld\u0131. Duygu dolu anlar\u0131n ya\u015fand\u0131\u011f\u0131 ve dualar\u0131n okundu\u011fu \u015fehitlik ziyaretinde Ba\u015fkan Se\u00e7er, \u015fehit &hellip; <a href=\"https:\/\/akdenizolaygazetesi.com\/?p=19753\" class=\"more-link\">Devam\u0131n\u0131 Oku&#8230;<\/a><\/p>\n","protected":false},"author":2,"featured_media":19754,"comment_status":"open","ping_status":"open","sticky":false,"template":"","format":"standard","meta":[],"categories":[1,2,3,5],"tags":[],"_links":{"self":[{"href":"https:\/\/akdenizolaygazetesi.com\/index.php?rest_route=\/wp\/v2\/posts\/19753"}],"collection":[{"href":"https:\/\/akdenizolaygazetesi.com\/index.php?rest_route=\/wp\/v2\/posts"}],"about":[{"href":"https:\/\/akdenizolaygazetesi.com\/index.php?rest_route=\/wp\/v2\/types\/post"}],"author":[{"embeddable":true,"href":"https:\/\/akdenizolaygazetesi.com\/index.php?rest_route=\/wp\/v2\/users\/2"}],"replies":[{"embeddable":true,"href":"https:\/\/akdenizolaygazetesi.com\/index.php?rest_route=%2Fwp%2Fv2%2Fcomments&post=19753"}],"version-history":[{"count":1,"href":"https:\/\/akdenizolaygazetesi.com\/index.php?rest_route=\/wp\/v2\/posts\/19753\/revisions"}],"predecessor-version":[{"id":19755,"href":"https:\/\/akdenizolaygazetesi.com\/index.php?rest_route=\/wp\/v2\/posts\/19753\/revisions\/19755"}],"wp:featuredmedia":[{"embeddable":true,"href":"https:\/\/akdenizolaygazetesi.com\/index.php?rest_route=\/wp\/v2\/media\/19754"}],"wp:attachment":[{"href":"https:\/\/akdenizolaygazetesi.com\/index.php?rest_route=%2Fwp%2Fv2%2Fmedia&parent=19753"}],"wp:term":[{"taxonomy":"category","embeddable":true,"href":"https:\/\/akdenizolaygazetesi.com\/index.php?rest_route=%2Fwp%2Fv2%2Fcategories&post=19753"},{"taxonomy":"post_tag","embeddable":true,"href":"https:\/\/akdenizolaygazetesi.com\/index.php?rest_route=%2Fwp%2Fv2%2Ftags&post=19753"}],"curies":[{"name":"wp","href":"https:\/\/api.w.org\/{rel}","templated":true}]}}