{"id":19756,"date":"2022-07-10T09:16:12","date_gmt":"2022-07-10T06:16:12","guid":{"rendered":"http:\/\/akdenizolaygazetesi.com\/?p=19756"},"modified":"2022-07-10T09:16:12","modified_gmt":"2022-07-10T06:16:12","slug":"aile-butcelerine-katki-sunacak-kazlar-tarsuslu-yetistiricilere-de-teslim-edildi","status":"publish","type":"post","link":"https:\/\/akdenizolaygazetesi.com\/?p=19756","title":{"rendered":"A\u0130LE B\u00dcT\u00c7ELER\u0130NE KATKI SUNACAK KAZLAR, TARSUSLU YET\u0130\u015eT\u0130R\u0130C\u0130LERE DE TESL\u0130M ED\u0130LD\u0130"},"content":{"rendered":"<p>Mersin B\u00fcy\u00fck\u015fehir Belediyesi&#8217;nin aile ekonomisine katk\u0131 sunacak, \u00fcreticiyi destekleyici projeleri s\u00fcr\u00fcyor. B\u00fcy\u00fck\u015fehir Belediyesi Tar\u0131msal Hizmetler Dairesi Ba\u015fkanl\u0131\u011f\u0131 taraf\u0131ndan y\u00fcr\u00fct\u00fclen &#8216;Kazan\u00e7 Projesi&#8217; kapsam\u0131nda yeti\u015ftiricilere kaz da\u011f\u0131t\u0131m\u0131 ve yem deste\u011fi verilmeye devam ediliyor.<\/p>\n<p>Ge\u00e7ti\u011fimiz y\u0131l ba\u015flat\u0131lan projenin devam\u0131 olan \u00e7al\u0131\u015fma kapsam\u0131nda Mersin&#8217;in Akdeniz, Yeni\u015fehir, Mezitli, Toroslar ve Tarsus il\u00e7elerinde yer alan toplam 50 yeti\u015ftiriciye 70 di\u015fi, 30 erkek olmak \u00fczere 100&#8217;er adet kaz ve 600 kg yem deste\u011fi veriliyor.<\/p>\n<p>\u00d6ncelikle kad\u0131n yeti\u015ftiricilerin desteklenmesini ama\u00e7layan projede, kaz teslimi yap\u0131lan yeti\u015ftiricilerden y\u0131l i\u00e7inde 300 adet yumurta al\u0131n\u0131p kulu\u00e7kaya yat\u0131r\u0131larak, bir sonraki y\u0131l da\u011f\u0131t\u0131lacak olan kazlar\u0131n \u00fcretimi sa\u011flan\u0131yor.<\/p>\n<p>16 yeti\u015ftiriciye daha teslimat yap\u0131ld\u0131<\/p>\n<p>B\u00fcy\u00fck\u015fehir Belediyesi Muhtarl\u0131k \u0130\u015fleri Dairesi Ba\u015fkanl\u0131\u011f\u0131 Tarsus Koordinasyon \u015eube M\u00fcd\u00fcrl\u00fc\u011f\u00fc&#8217;nde yap\u0131lan da\u011f\u0131t\u0131m t\u00f6reninde Tarsuslu 8&#8217;i kad\u0131n, toplam 16 yeti\u015ftiriciye kaz ve yem teslimleri ger\u00e7ekle\u015ftirildi. Da\u011f\u0131t\u0131mda yeti\u015ftiricilere, B\u00fcy\u00fck\u015fehir yetkilileri taraf\u0131ndan &#8220;kaz bak\u0131m\u0131 ve yem kullan\u0131m\u0131&#8221; konusunda bilgi de verildi.<\/p>\n<p>Da\u011f\u0131t\u0131m t\u00f6renine B\u00fcy\u00fck\u015fehir Meclis \u00dcyesi ve B\u00fcy\u00fck\u015fehir Belediyesi \u0130mar A.\u015e. Genel M\u00fcd\u00fcr\u00fc Ali Uyan, B\u00fcy\u00fck\u015fehir Meclis \u00dcyesi Av. \u00dcnzile Kuru, CHP Tarsus \u0130l\u00e7e Ba\u015fkan\u0131 Av. Ozan Varal, Tar\u0131msal Hizmetler Dairesi Ba\u015fkanl\u0131\u011f\u0131-Tar\u0131msal Hizmetler, E\u011fitim ve Kooperatifler \u015eube M\u00fcd\u00fcr\u00fc Sel\u00e7uk \u015eahuto\u011flu, di\u011fer yetkililer ile \u00fcreticiler kat\u0131l\u0131m g\u00f6sterdi.<\/p>\n<p>Bu y\u0131lki son teslimat Tarsus&#8217;ta ger\u00e7ekle\u015ftirildi<\/p>\n<p>Tar\u0131msal Hizmetler, E\u011fitim ve Kooperatifler \u015eube M\u00fcd\u00fcr\u00fc A. Sel\u00e7uk \u015eahuto\u011flu, &#8220;B\u00fcy\u00fck\u015fehir Belediyemizin 2022 y\u0131l\u0131ndaki Kazan\u00e7 Projesi&#8217;nin son da\u011f\u0131t\u0131m\u0131 i\u00e7in hep birlikte Tarsus&#8217;tay\u0131z. Bug\u00fcn burada 16 yeti\u015ftiricimize, 100&#8217;er adet kaz teslim edece\u011fiz. 600 kilo da yem verece\u011fiz ve Kazan\u00e7 Projesi&#8217;nin ilk 50 ailesi tamamlanm\u0131\u015f olacak. Umar\u0131m bu sezon da, 2021 y\u0131l\u0131ndaki projemiz gibi ba\u015far\u0131l\u0131 ge\u00e7er. Kazlar size bereketli olur. \u015eimdiden bol kazan\u00e7lar diliyorum&#8221; dedi.<\/p>\n<p>&#8220;Tar\u0131m konusunda her zaman \u00e7ift\u00e7ilerimizin, \u00fcreticilerimizin yan\u0131nday\u0131z&#8221;<\/p>\n<p>B\u00fcy\u00fck\u015fehir Meclis \u00dcyesi ve \u0130mar A.\u015e. Genel M\u00fcd\u00fcr\u00fc Ali Uyan ise &#8220;Hepinizi Mersin B\u00fcy\u00fck\u015fehir Belediye Ba\u015fkan\u0131m\u0131z Say\u0131n Vahap Se\u00e7er ad\u0131na sayg\u0131yla, sevgiyle ve h\u00fcrmetle selaml\u0131yorum. Birazdan kazlar da\u011f\u0131t\u0131lacak, in\u015fallah bereketli bir sezon ge\u00e7ireceksiniz. Bu bereketli sezonun sonunda da kazlar\u0131n yeti\u015ferek kesim vakti geldi\u011finde, hepiniz ailelerinizi ge\u00e7indireceksiniz. Sonu\u00e7ta bu bir ticari kazan\u00e7 olacak. Sizler hizmet edeceksiniz, emek vereceksiniz buna. \u00d6nemli bir proje. Mersin B\u00fcy\u00fck\u015fehir Belediyemiz ve Say\u0131n Ba\u015fkan\u0131m\u0131z Vahap Se\u00e7er, tar\u0131m konusunda her zaman \u00e7ift\u00e7ilerimizin, \u00fcreticilerimizin yan\u0131nda oldu. Bundan \u00f6nce de bir\u00e7ok da\u011f\u0131t\u0131m yap\u0131ld\u0131&#8221; ifadelerini kulland\u0131.<\/p>\n<p>&#8220;Ba\u015fvurdum, bana da \u00e7\u0131kt\u0131&#8221;<\/p>\n<p>Tarsus&#8217;a ba\u011fl\u0131 \u00c7avu\u015flu Mahallesi&#8217;nden kad\u0131n yeti\u015ftirici Rukiye C\u0131l\u0131z, &#8220;Bu projeden yararlanmay\u0131 \u00e7ok \u00f6nceden de istiyordum. Ki daha \u00f6nceden de kendim kaz \u00fcrettim, bakt\u0131m. Yapabilece\u011fime de inan\u0131yorum. Ba\u015fvurdum ve \u00e7ok te\u015fekk\u00fcr ediyorum bana da \u00e7\u0131kt\u0131. \u00c7\u0131kt\u0131\u011f\u0131 i\u00e7in \u00e7ok mutluyum. Yem deste\u011fimizi de ald\u0131k. \u015eu an hayvanlar\u0131m\u0131z\u0131 da al\u0131yoruz. Bu katk\u0131s\u0131 i\u00e7in Vahap Bey&#8217;e, Mersin B\u00fcy\u00fck\u015fehir Belediyesi&#8217;ne \u00e7ok te\u015fekk\u00fcr ederim&#8221; \u015feklinde konu\u015ftu.<\/p>\n<p>&#8220;B\u00fct\u00e7emize katk\u0131 olacak&#8221;<\/p>\n<p>Ke\u015fli Mahallesi&#8217;nden Bayram Ali \u00c7evik isimli yeti\u015ftirici de projenin aile b\u00fct\u00e7esine katk\u0131 sunaca\u011f\u0131na inand\u0131\u011f\u0131n\u0131 ifade ederek, &#8220;Kaz da\u011f\u0131t\u0131ld\u0131\u011f\u0131n\u0131 duyduk. Vahap Bey&#8217;e te\u015fekk\u00fcr ederiz. B\u00fct\u00e7emize katk\u0131 olaca\u011f\u0131n\u0131 d\u00fc\u015f\u00fcn\u00fcyorum, iyi olur in\u015fallah&#8221; diye konu\u015ftu.<\/p>\n","protected":false},"excerpt":{"rendered":"<p>Mersin B\u00fcy\u00fck\u015fehir Belediyesi&#8217;nin aile ekonomisine katk\u0131 sunacak, \u00fcreticiyi destekleyici projeleri s\u00fcr\u00fcyor. B\u00fcy\u00fck\u015fehir Belediyesi Tar\u0131msal Hizmetler Dairesi Ba\u015fkanl\u0131\u011f\u0131 taraf\u0131ndan y\u00fcr\u00fct\u00fclen &#8216;Kazan\u00e7 Projesi&#8217; kapsam\u0131nda yeti\u015ftiricilere kaz da\u011f\u0131t\u0131m\u0131 ve yem deste\u011fi verilmeye devam &hellip; <a href=\"https:\/\/akdenizolaygazetesi.com\/?p=19756\" class=\"more-link\">Devam\u0131n\u0131 Oku&#8230;<\/a><\/p>\n","protected":false},"author":2,"featured_media":19757,"comment_status":"open","ping_status":"open","sticky":false,"template":"","format":"standard","meta":[],"categories":[34,2,3,5],"tags":[],"_links":{"self":[{"href":"https:\/\/akdenizolaygazetesi.com\/index.php?rest_route=\/wp\/v2\/posts\/19756"}],"collection":[{"href":"https:\/\/akdenizolaygazetesi.com\/index.php?rest_route=\/wp\/v2\/posts"}],"about":[{"href":"https:\/\/akdenizolaygazetesi.com\/index.php?rest_route=\/wp\/v2\/types\/post"}],"author":[{"embeddable":true,"href":"https:\/\/akdenizolaygazetesi.com\/index.php?rest_route=\/wp\/v2\/users\/2"}],"replies":[{"embeddable":true,"href":"https:\/\/akdenizolaygazetesi.com\/index.php?rest_route=%2Fwp%2Fv2%2Fcomments&post=19756"}],"version-history":[{"count":1,"href":"https:\/\/akdenizolaygazetesi.com\/index.php?rest_route=\/wp\/v2\/posts\/19756\/revisions"}],"predecessor-version":[{"id":19758,"href":"https:\/\/akdenizolaygazetesi.com\/index.php?rest_route=\/wp\/v2\/posts\/19756\/revisions\/19758"}],"wp:featuredmedia":[{"embeddable":true,"href":"https:\/\/akdenizolaygazetesi.com\/index.php?rest_route=\/wp\/v2\/media\/19757"}],"wp:attachment":[{"href":"https:\/\/akdenizolaygazetesi.com\/index.php?rest_route=%2Fwp%2Fv2%2Fmedia&parent=19756"}],"wp:term":[{"taxonomy":"category","embeddable":true,"href":"https:\/\/akdenizolaygazetesi.com\/index.php?rest_route=%2Fwp%2Fv2%2Fcategories&post=19756"},{"taxonomy":"post_tag","embeddable":true,"href":"https:\/\/akdenizolaygazetesi.com\/index.php?rest_route=%2Fwp%2Fv2%2Ftags&post=19756"}],"curies":[{"name":"wp","href":"https:\/\/api.w.org\/{rel}","templated":true}]}}