{"id":19759,"date":"2022-07-10T09:19:20","date_gmt":"2022-07-10T06:19:20","guid":{"rendered":"http:\/\/akdenizolaygazetesi.com\/?p=19759"},"modified":"2022-07-10T09:19:20","modified_gmt":"2022-07-10T06:19:20","slug":"vatandaslar-bu-bayramda-da-kurbanliklarini-mersin-buyuksehire-emanet-etti","status":"publish","type":"post","link":"https:\/\/akdenizolaygazetesi.com\/?p=19759","title":{"rendered":"VATANDA\u015eLAR BU BAYRAMDA DA KURBANLIKLARINI MERS\u0130N B\u00dcY\u00dcK\u015eEH\u0130R&#8217;E EMANET ETT\u0130"},"content":{"rendered":"<p>Mersin B\u00fcy\u00fck\u015fehir Belediyesi&#8217;nin \u00fccretsiz kurban kesim noktalar\u0131, bu Kurban Bayram\u0131&#8217;nda da vatanda\u015flardan tam not ald\u0131. B\u00fcy\u00fck\u015fehir&#8217;in kent genelindeki 30 kesim noktas\u0131n\u0131 tercih eden vatanda\u015flar, kendilerine hijyenik ve sa\u011fl\u0131kl\u0131 ko\u015fullarda, \u00fccretsiz sunulan kesim hizmetinden yararland\u0131.<\/p>\n<p>22 mobil kesim \u00fcnitesi ile 8 mezbaha hizmet verdi<\/p>\n<p>B\u00fcy\u00fck\u015fehir Belediyesi&#8217;nin her bayram vatanda\u015flara hizmet veren \u00fccretsiz kurban kesim noktalar\u0131, sabah\u0131n erken saatlerinde yola \u00e7\u0131kan vatanda\u015flar i\u00e7in haz\u0131r hale getirildi. Anamur, \u00c7aml\u0131yayla, Erdemli, G\u00fclnar, Mut, Silifke, Tarsus ve Akdeniz (Yakak\u00f6y) il\u00e7elerindeki 8 mezbaha ile 4 merkez il\u00e7e,  \u00c7aml\u0131yayla, Tarsus, Erdemli, Silifke, Mut, Ayd\u0131nc\u0131k, G\u00fclnar ve Bozyaz\u0131&#8217;daki 22 mobil kesim \u00fcnitesinde, sabah\u0131n erken saatlerinde kurban kesimine ba\u015fland\u0131.<\/p>\n<p>Vatanda\u015flara verilen s\u0131ra numaras\u0131yla ger\u00e7ekle\u015fen kesim i\u015flemleri k\u0131sa s\u00fcrede ger\u00e7ekle\u015ftirildi. Mezbahalar ve mobil kesim \u00fcniteleri, donan\u0131ml\u0131 yap\u0131s\u0131 ve sundu\u011fu olanaklarla vatanda\u015flardan takdir toplad\u0131. Kesilen kurbanlar 4 par\u00e7aya ayr\u0131l\u0131p po\u015fetlenerek sahiplerine teslim edildi. Mobil noktalardaki kesimler bayram\u0131n sadece ilk g\u00fcn\u00fc ger\u00e7ekle\u015firken, mezbahalardaki kesimler bayram\u0131n 2. g\u00fcn\u00fc de devam edecek.<\/p>\n<p>&#8220;Y\u0131llard\u0131r buraya geliyoruz&#8221;<\/p>\n<p>Hijyenik ko\u015fullarda kurbanl\u0131\u011f\u0131n\u0131n kesimini ger\u00e7ekle\u015ftirdi\u011fini ifade eden Ahmet Kurt isimli vatanda\u015f, &#8220;B\u00fcy\u00fck\u015fehir&#8217;in kesim noktalar\u0131nda beklemiyoruz. Veriyoruz kurbanl\u0131\u011f\u0131 ve yine buradan par\u00e7alanm\u0131\u015f \u015fekilde al\u0131yoruz. Allah raz\u0131 olsun belediyemizden. Hizmetinden memnunuz, te\u015fekk\u00fcr ederiz belediyemize, de\u011ferli ba\u015fkan\u0131m\u0131za&#8221; dedi.<\/p>\n<p>&#8220;Her taraf tertemiz, p\u0131r\u0131l p\u0131r\u0131l&#8221;<\/p>\n<p>\u015eamil Arslan ise kesim hizmetinden duydu\u011fu memnuniyeti dile getirerek, &#8220;Ger\u00e7ekten g\u00fczel bir olay. Bizim i\u00e7in de g\u00fczel oldu. \u0130\u015flemler daha kolay yap\u0131ld\u0131\u011f\u0131 i\u00e7in seviniyoruz, mutluyuz. Ben buraya ilk defa geliyorum. Daha \u00f6nceden de s\u00f6ylemi\u015fti arkada\u015flar. Her taraf tertemiz, p\u0131r\u0131l p\u0131r\u0131l. Hayvanlar\u0131m\u0131z da burada daha g\u00fczel ortamda duruyor&#8221; dedi.<\/p>\n<p>B\u00fcy\u00fck\u015fehir&#8217;in kesim hizmeti sayesinde bayramda yorulmad\u0131klar\u0131n\u0131 ifade eden Mahmut Ba\u015fak, &#8220;Kurbanl\u0131\u011f\u0131m\u0131z\u0131 g\u00f6revlilere teslim ettik, numaram\u0131z\u0131 ald\u0131k, s\u0131ram\u0131z geldi kestirdik. Te\u015fekk\u00fcr ederiz Ba\u015fkan&#8217;a&#8221; diye konu\u015ftu.<\/p>\n<p>&#8220;Hem hijyen a\u00e7\u0131s\u0131ndan hem hayvan\u0131 strese sokmamak i\u00e7in buray\u0131 tercih ediyorum&#8221;<\/p>\n<p>Halil \u0130brahim Harnupo\u011flu ise &#8220;Kurbanl\u0131\u011f\u0131m\u0131z\u0131 ald\u0131k, Belediye&#8217;nin kesimhanesine geldik. \u015eu an s\u0131ram\u0131z\u0131 bekliyoruz. \u0130\u00e7eri verece\u011fiz. Oradan da kesilmi\u015f halde, tertemiz \u015fekilde alaca\u011f\u0131z in\u015fallah. D\u0131\u015far\u0131da kestirmektense buray\u0131 tercih ediyorum. Hem hijyenik oluyor, hem \u00e7evreyi kirletmemi\u015f oluyoruz. Ben Kazanl\u0131&#8217;da k\u00f6yde oturuyorum. Orada oturmama ra\u011fmen, kesme imkan\u0131m olmas\u0131na ra\u011fmen buray\u0131 tercih ediyorum. \u00c7\u00fcnk\u00fc hem hijyen a\u00e7\u0131s\u0131ndan, hem hayvan\u0131 strese sokmamak i\u00e7in buray\u0131 tercih ediyorum&#8221; dedi.<\/p>\n<p>Ya\u015far Yormaz da &#8220;Kurbanl\u0131\u011f\u0131m\u0131z\u0131 getirdik, s\u0131ram\u0131z\u0131 ald\u0131k, vekaletimizi verdik, kesildi. Etimizi almak i\u00e7in bekliyoruz. G\u00fczel bir hizmet. Ba\u015fka bir yerde yap\u0131lan hizmetin, bundan daha hijyenik olaca\u011f\u0131n\u0131 d\u00fc\u015f\u00fcnm\u00fcyorum. Mant\u0131kl\u0131 ve g\u00fczel hizmet. Bu hizmetlerden dolay\u0131 B\u00fcy\u00fck\u015fehir Belediye Ba\u015fkan\u0131 ve \u00e7al\u0131\u015fanlar\u0131na te\u015fekk\u00fcr ediyorum&#8221; ifadelerine yer verdi.<\/p>\n","protected":false},"excerpt":{"rendered":"<p>Mersin B\u00fcy\u00fck\u015fehir Belediyesi&#8217;nin \u00fccretsiz kurban kesim noktalar\u0131, bu Kurban Bayram\u0131&#8217;nda da vatanda\u015flardan tam not ald\u0131. B\u00fcy\u00fck\u015fehir&#8217;in kent genelindeki 30 kesim noktas\u0131n\u0131 tercih eden vatanda\u015flar, kendilerine hijyenik ve sa\u011fl\u0131kl\u0131 ko\u015fullarda, \u00fccretsiz &hellip; <a href=\"https:\/\/akdenizolaygazetesi.com\/?p=19759\" class=\"more-link\">Devam\u0131n\u0131 Oku&#8230;<\/a><\/p>\n","protected":false},"author":2,"featured_media":19760,"comment_status":"open","ping_status":"open","sticky":false,"template":"","format":"standard","meta":[],"categories":[2,3,5],"tags":[],"_links":{"self":[{"href":"https:\/\/akdenizolaygazetesi.com\/index.php?rest_route=\/wp\/v2\/posts\/19759"}],"collection":[{"href":"https:\/\/akdenizolaygazetesi.com\/index.php?rest_route=\/wp\/v2\/posts"}],"about":[{"href":"https:\/\/akdenizolaygazetesi.com\/index.php?rest_route=\/wp\/v2\/types\/post"}],"author":[{"embeddable":true,"href":"https:\/\/akdenizolaygazetesi.com\/index.php?rest_route=\/wp\/v2\/users\/2"}],"replies":[{"embeddable":true,"href":"https:\/\/akdenizolaygazetesi.com\/index.php?rest_route=%2Fwp%2Fv2%2Fcomments&post=19759"}],"version-history":[{"count":1,"href":"https:\/\/akdenizolaygazetesi.com\/index.php?rest_route=\/wp\/v2\/posts\/19759\/revisions"}],"predecessor-version":[{"id":19761,"href":"https:\/\/akdenizolaygazetesi.com\/index.php?rest_route=\/wp\/v2\/posts\/19759\/revisions\/19761"}],"wp:featuredmedia":[{"embeddable":true,"href":"https:\/\/akdenizolaygazetesi.com\/index.php?rest_route=\/wp\/v2\/media\/19760"}],"wp:attachment":[{"href":"https:\/\/akdenizolaygazetesi.com\/index.php?rest_route=%2Fwp%2Fv2%2Fmedia&parent=19759"}],"wp:term":[{"taxonomy":"category","embeddable":true,"href":"https:\/\/akdenizolaygazetesi.com\/index.php?rest_route=%2Fwp%2Fv2%2Fcategories&post=19759"},{"taxonomy":"post_tag","embeddable":true,"href":"https:\/\/akdenizolaygazetesi.com\/index.php?rest_route=%2Fwp%2Fv2%2Ftags&post=19759"}],"curies":[{"name":"wp","href":"https:\/\/api.w.org\/{rel}","templated":true}]}}