{"id":19774,"date":"2022-07-12T09:02:50","date_gmt":"2022-07-12T06:02:50","guid":{"rendered":"http:\/\/akdenizolaygazetesi.com\/?p=19774"},"modified":"2022-07-12T09:02:50","modified_gmt":"2022-07-12T06:02:50","slug":"biz-koy-denilince-daha-farkli-bir-yer-bekliyorduk-ama-cok-guzel-bir-yermis","status":"publish","type":"post","link":"https:\/\/akdenizolaygazetesi.com\/?p=19774","title":{"rendered":"&#8220;B\u0130Z &#8216;K\u00d6Y&#8217; DEN\u0130L\u0130NCE DAHA FARKLI B\u0130R YER BEKL\u0130YORDUK, AMA \u00c7OK G\u00dcZEL B\u0130R YERM\u0130\u015e&#8221;"},"content":{"rendered":"<p>13, 16, 17, 20, 23, 24, 27, 30 ve 31 Temmuz tarihlerinde d\u00fczenlenecek etkinliklerde; \u00c7ocuk At\u00f6lyesi, Tar\u0131m At\u00f6lyesi, \u00c7evre At\u00f6lyesi, Geleneksel \u00c7ocuk Oyunlar\u0131 At\u00f6lyesi, Y\u00f6resel \u00dcr\u00fcn \u00dcretim At\u00f6lyesi, Kompost G\u00fcbre Yap\u0131m\u0131 At\u00f6lyesi, Y\u00f6r\u00fck M\u00fczikleri Gecesi, S\u00f6yle\u015fi Workshop: Y\u00f6r\u00fck Yemekleri, Y\u00f6r\u00fcklerde Gelin \u0130ndirme T\u00f6reni, S\u00f6yle\u015fi: Edebiyat ve Y\u00f6r\u00fck K\u00fclt\u00fcr\u00fc, Yazl\u0131k Sinema G\u00f6sterimi ve Masal-Destan-Efsane Gecesi gibi programlar yer alacak.<\/p>\n<p>&#8220;T\u00fcm Mersinlileri, \u00e7ocuklar\u0131m\u0131zla beraber etkinliklerimize davet ediyoruz&#8221;<\/p>\n<p>Mersinlileri \u00e7ocuklar\u0131 ile birlikte etkinliklere kat\u0131lmaya davet eden Tar\u0131msal \u0130\u015fler Daire Ba\u015fkanl\u0131\u011f\u0131 g\u00f6revlisi End\u00fcstri M\u00fchendisi Esin A\u015flar &#8220;Bug\u00fcn \u00e7ocuklar\u0131m\u0131z i\u00e7in etkinli\u011fimiz fasulye \u00e7imlendirme ile ba\u015flad\u0131, ayr\u0131ca onlar i\u00e7in dans etkinlikleri d\u00fczenleniyor. Ayn\u0131 zamanda emeklilerimiz burada, onlar\u0131 da a\u011f\u0131rlamaktan \u00e7ok mutluyuz. Sonras\u0131nda etkinliklerimiz devam edecek. \u00c7evre at\u00f6lyesi, oyun at\u00f6lyesi gibi bir\u00e7ok at\u00f6lye d\u00fczenlemesi yap\u0131ld\u0131. T\u00fcm Mersinlileri, \u00e7ocuklar\u0131m\u0131zla beraber etkinliklerimize davet ediyoruz&#8221; ifadelerini kulland\u0131.<\/p>\n<p>\u00c7ocuklar\u0131n ve ebeveynlerinin b\u00fcy\u00fck ilgi g\u00f6sterdi\u011fi ilk g\u00fcnk\u00fc etkinlikler hakk\u0131nda bilgi veren Kad\u0131n ve Aile Hizmetleri Dairesi g\u00f6revlisi Vahide Dengiz ise, kat\u0131l\u0131mc\u0131lar\u0131n programdan \u00e7ok memnun oldu\u011funu belirterek &#8220;Bug\u00fcn Mersin B\u00fcy\u00fck\u015fehir Belediyesi olarak Ba\u015fkan\u0131m\u0131z Vahap Se\u00e7er \u00f6nc\u00fcl\u00fc\u011f\u00fcnde, ilk \u00f6rnek k\u00f6y\u00fcm\u00fcz olan Dar\u0131sekisi \u00d6rnek K\u00f6y\u00fc&#8217;nde 1 ayl\u0131k program\u0131m\u0131z\u0131n ilk g\u00fcn\u00fcndeydik. \u00c7ocuklar\u0131m\u0131z, b\u00fcy\u00fcklerimiz ve hatta ya\u015fl\u0131lar\u0131m\u0131zla bulu\u015ftuk. Tar\u0131m at\u00f6lyesi olarak \u00e7ocuklarla tohum \u00e7imlendirdik. Sonras\u0131nda dans ve di\u011fer etkinliklerimizle devam ettik. Yeti\u015fkin ve ya\u015fl\u0131lar\u0131m\u0131za da tar\u0131m hakk\u0131nda bilgilendirme yap\u0131yoruz. Programlar\u0131m\u0131z devam edecek. K\u00f6yl\u00fc kad\u0131nlar\u0131m\u0131zla burada \u00fcretim yap\u0131yorlar hep beraber. \u00c7arpana at\u00f6lyemiz var, onlara da destek verilecek. \u00d6rnek k\u00f6y\u00fcm\u00fcze t\u00fcm halk\u0131m\u0131z\u0131 bekliyoruz&#8221; diye konu\u015ftu.<\/p>\n<p>Beril Il\u0131baba &#8220;Arkada\u015flar\u0131ma da yapt\u0131klar\u0131m\u0131 anlataca\u011f\u0131m&#8221;<\/p>\n<p>Etkinliklere kat\u0131ld\u0131\u011f\u0131 i\u00e7in \u00e7ok mutlu oldu\u011funu s\u00f6yleyen miniklerden Beril Il\u0131baba &#8220;Daha \u00f6nce buraya gelmemi\u015ftim. \u0130lk kez geldim. \u00c7ok sevdim. Fasulye ektik, sulad\u0131k. \u00c7ok e\u011flenceliydi, sonras\u0131nda tekrar yapmak isterim. Arkada\u015flar\u0131ma da yapt\u0131klar\u0131m\u0131 anlataca\u011f\u0131m&#8221; dedi.<\/p>\n<p>Simay G\u00fccenmez isimli k\u00fc\u00e7\u00fck \u00e7ocuk ise &#8220;Bug\u00fcn \u00e7ad\u0131ra gittim, yemek yedik ve fasulye ektik. Buray\u0131 \u00e7ok sevdim, yine gelmek isterim. Geldi\u011fimde kovalamaca, saklamba\u00e7 gibi oyunlar oynamak istiyorum&#8221; s\u00f6zleri ile duygular\u0131n\u0131 ifade etti.<\/p>\n<p>&#8220;Buray\u0131 \u00e7ok sevdim, sonra yine gelmek istiyorum&#8221;<\/p>\n<p>Dar\u0131sekisi \u00d6rnek K\u00f6y\u00fc&#8217;nde ya\u015fad\u0131klar\u0131n\u0131 mahalle arkada\u015flar\u0131na mutlaka anlataca\u011f\u0131n\u0131 s\u00f6yleyen Ahmet Sel\u00e7uk A\u00e7ar ise &#8220;Burada oyun oynad\u0131m, sal\u0131ncakta salland\u0131m, \u015fark\u0131 s\u00f6yledim, resim \u00e7izdim. Buray\u0131 \u00e7ok sevdim. Sonra yine gelmek istiyorum. Gelince oyun oynayaca\u011f\u0131m, top oynayaca\u011f\u0131m. Mahalledeki arkada\u015flar\u0131ma &#8216;Oras\u0131 \u00e7ok g\u00fczel bir yerdi, resim \u00e7izdik&#8217; diye anlataca\u011f\u0131m&#8221; \u015feklinde konu\u015ftu.<\/p>\n<p>&#8220;Biz &#8216;K\u00f6y&#8217; denilince daha farkl\u0131 bir yer bekliyorduk ama \u00e7ok g\u00fczel bir yermi\u015f&#8221;<\/p>\n<p>Etkinlik program\u0131na \u00e7ocu\u011fu ile birlikte kat\u0131lan Funda \u0130nand\u0131ro\u011flu ise &#8220;Bug\u00fcn rehber hocalar\u0131m\u0131zla birlikte bizi getirdiler. \u00c7ocuklar\u0131m\u0131zla birlikte etkinlikler yap\u0131ld\u0131. \u00c7ocuklar\u0131m\u0131z da biz de memnun kald\u0131k. \u00c7ocuklar\u0131m\u0131za fasulye ektirdiler, buray\u0131 gezdirdiler. \u0130lk defa B\u00fcy\u00fck\u015fehir Belediyesi&#8217;nin bir etkinli\u011fine kat\u0131ld\u0131k, fakat sonras\u0131ndaki etkinliklere de mutlaka kat\u0131laca\u011f\u0131z. Hizmetlerinden, servislerinden \u00e7ok memnun kald\u0131k. Biz &#8216;K\u00f6y&#8217; denilince daha farkl\u0131 bir yer bekliyorduk, ama \u00e7ok g\u00fczel bir yermi\u015f&#8221; dedi.<\/p>\n<p>&#8220;\u00c7ocu\u011fum da ben de \u00e7ok memnun kald\u0131k&#8221;<\/p>\n<p>Etkinlikten \u00f6t\u00fcr\u00fc Mersin B\u00fcy\u00fck\u015fehir Belediyesi ve Ba\u015fkan Vahap Se\u00e7er&#8217;e te\u015fekk\u00fcr eden T\u00fclay Bilir isimli anne ise &#8220;Rehber e\u015fli\u011finde bu g\u00fczel yerimize geldik. \u00c7ocu\u011fumuzla birlikte \u00e7ok g\u00fczel e\u011flendik. \u00c7ok te\u015fekk\u00fcr ediyoruz b\u00f6yle bir imkan sunuldu\u011fu i\u00e7in. \u00c7ocu\u011fum da ben de \u00e7ok memnun kald\u0131k. \u0130lk defa B\u00fcy\u00fck\u015fehir Belediyesi&#8217;nin bir etkinli\u011fine kat\u0131ld\u0131m, bundan sonras\u0131nda d\u00fczenlenecek etkinliklere de kat\u0131lmay\u0131 \u00e7ok isterim&#8221; ifadelerini kuland\u0131. <\/p>\n","protected":false},"excerpt":{"rendered":"<p>13, 16, 17, 20, 23, 24, 27, 30 ve 31 Temmuz tarihlerinde d\u00fczenlenecek etkinliklerde; \u00c7ocuk At\u00f6lyesi, Tar\u0131m At\u00f6lyesi, \u00c7evre At\u00f6lyesi, Geleneksel \u00c7ocuk Oyunlar\u0131 At\u00f6lyesi, Y\u00f6resel \u00dcr\u00fcn \u00dcretim At\u00f6lyesi, Kompost G\u00fcbre &hellip; <a href=\"https:\/\/akdenizolaygazetesi.com\/?p=19774\" class=\"more-link\">Devam\u0131n\u0131 Oku&#8230;<\/a><\/p>\n","protected":false},"author":2,"featured_media":19775,"comment_status":"open","ping_status":"open","sticky":false,"template":"","format":"standard","meta":[],"categories":[34,2,3,5],"tags":[],"_links":{"self":[{"href":"https:\/\/akdenizolaygazetesi.com\/index.php?rest_route=\/wp\/v2\/posts\/19774"}],"collection":[{"href":"https:\/\/akdenizolaygazetesi.com\/index.php?rest_route=\/wp\/v2\/posts"}],"about":[{"href":"https:\/\/akdenizolaygazetesi.com\/index.php?rest_route=\/wp\/v2\/types\/post"}],"author":[{"embeddable":true,"href":"https:\/\/akdenizolaygazetesi.com\/index.php?rest_route=\/wp\/v2\/users\/2"}],"replies":[{"embeddable":true,"href":"https:\/\/akdenizolaygazetesi.com\/index.php?rest_route=%2Fwp%2Fv2%2Fcomments&post=19774"}],"version-history":[{"count":1,"href":"https:\/\/akdenizolaygazetesi.com\/index.php?rest_route=\/wp\/v2\/posts\/19774\/revisions"}],"predecessor-version":[{"id":19776,"href":"https:\/\/akdenizolaygazetesi.com\/index.php?rest_route=\/wp\/v2\/posts\/19774\/revisions\/19776"}],"wp:featuredmedia":[{"embeddable":true,"href":"https:\/\/akdenizolaygazetesi.com\/index.php?rest_route=\/wp\/v2\/media\/19775"}],"wp:attachment":[{"href":"https:\/\/akdenizolaygazetesi.com\/index.php?rest_route=%2Fwp%2Fv2%2Fmedia&parent=19774"}],"wp:term":[{"taxonomy":"category","embeddable":true,"href":"https:\/\/akdenizolaygazetesi.com\/index.php?rest_route=%2Fwp%2Fv2%2Fcategories&post=19774"},{"taxonomy":"post_tag","embeddable":true,"href":"https:\/\/akdenizolaygazetesi.com\/index.php?rest_route=%2Fwp%2Fv2%2Ftags&post=19774"}],"curies":[{"name":"wp","href":"https:\/\/api.w.org\/{rel}","templated":true}]}}