{"id":19780,"date":"2022-07-12T09:07:07","date_gmt":"2022-07-12T06:07:07","guid":{"rendered":"http:\/\/akdenizolaygazetesi.com\/?p=19780"},"modified":"2022-07-12T09:07:07","modified_gmt":"2022-07-12T06:07:07","slug":"akkuyu-nukleer-a-s-akkuyu-ngs-insaat-iscilerinin-kurban-bayramini-kutladi","status":"publish","type":"post","link":"https:\/\/akdenizolaygazetesi.com\/?p=19780","title":{"rendered":"AKKUYU N\u00dcKLEER A.\u015e., AKKUYU NGS \u0130N\u015eAAT \u0130\u015e\u00c7\u0130LER\u0130N\u0130N KURBAN BAYRAMINI KUTLADI"},"content":{"rendered":"<p>Kurban Bayram\u0131 nedeniyle 9 Temmuz g\u00fcn\u00fc AKKUYU N\u00dcKLEER A.\u015e. taraf\u0131ndan Akkuyu N\u00fckleer G\u00fc\u00e7 Santrali (NGS) in\u015faat sahas\u0131nda bir kutlama etkinli\u011fi organize edildi. <\/p>\n<p>Tatl\u0131lar ve so\u011fuk i\u00e7eceklerin de yer ald\u0131\u011f\u0131 \u00e7e\u015fitli ikramlar\u0131n sunuldu\u011fu kutlama program\u0131nda, in\u015faat i\u015f\u00e7ilerine AKKUYU N\u00dcKLEER A.\u015e. Genel M\u00fcd\u00fcr\u00fc Anastasia Zoteeva\u2019dan gelen kutlama kartlar\u0131n\u0131n da yer ald\u0131\u011f\u0131 bayram hediyeleri verildi. Kutlamalar kapsam\u0131nda in\u015faat sahas\u0131ndaki t\u00fcm yemekhanelerde de \u00f6zel bir bayram men\u00fcs\u00fc servis edildi.<\/p>\n<p>Akkuyu \u00e7al\u0131\u015fanlar\u0131na y\u00f6nelik mesaj\u0131nda herkesin bayram\u0131n\u0131 kutlayan AKKUYU N\u00dcKLEER A.\u015e. Genel M\u00fcd\u00fcr\u00fc Anastasia Zoteeva, \u00f6zellikle sahada \u00e7al\u0131\u015fan in\u015faat i\u015f\u00e7ilerinin emeklerinin alt\u0131n\u0131 \u00e7izerek \u015funlar\u0131 vurgulad\u0131:\u201c\u0130n\u015faat sahas\u0131ndaki \u00e7al\u0131\u015fmalar\u0131m\u0131z, \u00e7ok uzun s\u00fcredir bayram g\u00fcnlerinde bile devam ediyor. Etraf\u0131m\u0131zda g\u00f6rd\u00fc\u011f\u00fcm\u00fcz her \u015feyi birlikte yapt\u0131k. Evlerimize ve bir\u00e7ok i\u015fletmeye elektrik enerjisi sa\u011flayacak olan g\u00fc\u00e7 \u00fcniteleri birbiri ard\u0131na in\u015fa ediliyor. Biz, emekle \u00e7al\u0131\u015fan b\u00fcy\u00fck bir aileyiz! Bu m\u00fcbarek bayramda da gelecek nesillerin refah\u0131, mutlulu\u011fu i\u00e7in \u00e7al\u0131\u015fmaya devam etmeniz, \u00e7ok \u00f6zel minnettarl\u0131\u011f\u0131 ve derin bir sayg\u0131y\u0131 hak ediyor.\u201d<\/p>\n<p>Akkuyu N\u00fckleer G\u00fc\u00e7 sahas\u0131na en yak\u0131n k\u00f6y olan B\u00fcy\u00fckeceli Camisi\u2019nin imam\u0131 Hasan S\u00fcnb\u00fcl de etkinli\u011fe \u00f6zel olarak davet edildi. S\u00fcnb\u00fcl, i\u015f\u00e7ilerinin bayram\u0131n\u0131 kutlayarak dua okudu.<\/p>\n<p>NGS sahas\u0131nda \u00e7al\u0131\u015fan in\u015faat i\u015f\u00e7ileri hem sahadaki \u00e7al\u0131\u015fmalar hem de etkinlik ile ilgili g\u00f6r\u00fc\u015flerini ise \u015f\u00f6yle payla\u015ft\u0131:<\/p>\n<p>Erhan Yi\u011fitalp, Betonarme Demircisi, Diyarbak\u0131r: \u201cD\u00f6rd\u00fcnc\u00fc g\u00fc\u00e7 \u00fcnitesinin \u015fantiyesinde g\u00f6rev al\u0131yorum. \u015eimdi ekibimizle temelin g\u00fc\u00e7lendirilmesi i\u00e7in \u00e7al\u0131\u015f\u0131yoruz. Akkuyu NGS Projesi b\u00fcy\u00fck bir istihdam f\u0131rsat\u0131 olu\u015fturuyor. \u0130n\u015faat \u00e7al\u0131\u015fmalar\u0131n\u0131n birka\u00e7 y\u0131l daha devam edece\u011fini d\u00fc\u015f\u00fcn\u00fcrsek, b\u00f6lge halk\u0131na katk\u0131s\u0131 b\u00fcy\u00fck olacak. Sahada bizim i\u00e7in rahat \u00e7al\u0131\u015fma ko\u015fullar\u0131 olu\u015fturuldu. Meslekta\u015flar ve \u015feflerimiz ile \u00e7ok iyi ili\u015fkilerimiz var, bu y\u00fczden de keyifle \u00e7al\u0131\u015f\u0131yoruz. Bug\u00fcnk\u00fc etkinlik de bizim i\u00e7in ho\u015f bir s\u00fcrpriz oldu. Biz in\u015faat\u00e7\u0131lar i\u00e7in proje y\u00f6netiminin \u00f6zenini ve deste\u011fini hissetmek \u00e7ok \u00f6nemli. Akkuyu Genel M\u00fcd\u00fcr\u00fc\u2019n\u00fcn Kurban Bayram\u0131&#8217;m\u0131z\u0131 kutlamas\u0131 hepimizi \u00e7ok duyguland\u0131rd\u0131. M\u00fczikler e\u015fli\u011finde oynayarak g\u00fczel vakit ge\u00e7irdik. Bug\u00fcn i\u015f g\u00fcn\u00fcm\u00fcz olmas\u0131na ra\u011fmen bizim i\u00e7in bu etkinli\u011fi organize eden ve bize bu bayram\u0131n heyecan\u0131n\u0131 ya\u015fatan herkese te\u015fekk\u00fcrler.\u201d<\/p>\n<p>Baran Korkmaz, Betonarme Demircisi, Mardin: \u201cHer \u015fey \u00e7ok g\u00fczeldi, \u00e7ok e\u011flendik ve \u00e7ok keyifli ge\u00e7ti. \u015eantiyede \u00e7ok arkada\u015f canl\u0131s\u0131 bir ekibimiz var. D\u00fczenleyenlere \u00e7ok te\u015fekk\u00fcr ederiz! Burada \u00e7al\u0131\u015fmak tarif edilemeyen bir duygu benim i\u00e7in. Akkuyu NGS&#8217;nin T\u00fcrkiye ekonomisine b\u00fcy\u00fck faydalar sa\u011flayaca\u011f\u0131na eminim.\u201d<\/p>\n<p>Re\u015fit Ate\u015f, Demirci, Adana: \u201cDokuz ayd\u0131r sahada \u00e7al\u0131\u015f\u0131yorum. T\u00fcrkiye&#8217;ye b\u00fcy\u00fck katk\u0131 sa\u011flayacak b\u00f6ylesine b\u00fcy\u00fck bir uluslararas\u0131 projede \u00e7al\u0131\u015fma \u015fans\u0131 buldu\u011fum i\u00e7in \u00e7ok mutluyum. \u0130n\u015faat tamamland\u0131\u011f\u0131nda, her yerde, televizyonda, gazetelerde, internette t\u00fcm haberlerde bu proje hakk\u0131nda konu\u015facaklar ve yazacaklar. Ben o zaman \u015fimdikinden daha da b\u00fcy\u00fck bir gururla, arkada\u015flar\u0131ma, akrabalar\u0131ma, tan\u0131d\u0131klar\u0131ma ve herkese bu sahada \u00e7al\u0131\u015ft\u0131\u011f\u0131m\u0131, \u00fclkemizdeki ilk n\u00fckleer santraldeki b\u00fcy\u00fck emek verilen bu \u00e7al\u0131\u015fman\u0131n bir par\u00e7as\u0131 oldu\u011fumu s\u00f6yleyece\u011fim.\u201d<\/p>\n","protected":false},"excerpt":{"rendered":"<p>Kurban Bayram\u0131 nedeniyle 9 Temmuz g\u00fcn\u00fc AKKUYU N\u00dcKLEER A.\u015e. taraf\u0131ndan Akkuyu N\u00fckleer G\u00fc\u00e7 Santrali (NGS) in\u015faat sahas\u0131nda bir kutlama etkinli\u011fi organize edildi. Tatl\u0131lar ve so\u011fuk i\u00e7eceklerin de yer ald\u0131\u011f\u0131 \u00e7e\u015fitli &hellip; <a href=\"https:\/\/akdenizolaygazetesi.com\/?p=19780\" class=\"more-link\">Devam\u0131n\u0131 Oku&#8230;<\/a><\/p>\n","protected":false},"author":2,"featured_media":19781,"comment_status":"open","ping_status":"open","sticky":false,"template":"","format":"standard","meta":[],"categories":[2,3,5,11],"tags":[],"_links":{"self":[{"href":"https:\/\/akdenizolaygazetesi.com\/index.php?rest_route=\/wp\/v2\/posts\/19780"}],"collection":[{"href":"https:\/\/akdenizolaygazetesi.com\/index.php?rest_route=\/wp\/v2\/posts"}],"about":[{"href":"https:\/\/akdenizolaygazetesi.com\/index.php?rest_route=\/wp\/v2\/types\/post"}],"author":[{"embeddable":true,"href":"https:\/\/akdenizolaygazetesi.com\/index.php?rest_route=\/wp\/v2\/users\/2"}],"replies":[{"embeddable":true,"href":"https:\/\/akdenizolaygazetesi.com\/index.php?rest_route=%2Fwp%2Fv2%2Fcomments&post=19780"}],"version-history":[{"count":1,"href":"https:\/\/akdenizolaygazetesi.com\/index.php?rest_route=\/wp\/v2\/posts\/19780\/revisions"}],"predecessor-version":[{"id":19782,"href":"https:\/\/akdenizolaygazetesi.com\/index.php?rest_route=\/wp\/v2\/posts\/19780\/revisions\/19782"}],"wp:featuredmedia":[{"embeddable":true,"href":"https:\/\/akdenizolaygazetesi.com\/index.php?rest_route=\/wp\/v2\/media\/19781"}],"wp:attachment":[{"href":"https:\/\/akdenizolaygazetesi.com\/index.php?rest_route=%2Fwp%2Fv2%2Fmedia&parent=19780"}],"wp:term":[{"taxonomy":"category","embeddable":true,"href":"https:\/\/akdenizolaygazetesi.com\/index.php?rest_route=%2Fwp%2Fv2%2Fcategories&post=19780"},{"taxonomy":"post_tag","embeddable":true,"href":"https:\/\/akdenizolaygazetesi.com\/index.php?rest_route=%2Fwp%2Fv2%2Ftags&post=19780"}],"curies":[{"name":"wp","href":"https:\/\/api.w.org\/{rel}","templated":true}]}}