{"id":19787,"date":"2022-07-12T13:13:46","date_gmt":"2022-07-12T10:13:46","guid":{"rendered":"http:\/\/akdenizolaygazetesi.com\/?p=19787"},"modified":"2022-07-12T13:13:46","modified_gmt":"2022-07-12T10:13:46","slug":"lina-nasifsiz-ilk-dinlerin-bulusmasi-gerceklestirildi","status":"publish","type":"post","link":"https:\/\/akdenizolaygazetesi.com\/?p=19787","title":{"rendered":"L\u0130NA NAS\u0130F&#8217;S\u0130Z \u0130LK &#8216;D\u0130NLER\u0130N BULU\u015eMASI&#8217; GER\u00c7EKLE\u015eT\u0130R\u0130LD\u0130"},"content":{"rendered":"<p>Bar\u0131\u015f ve ho\u015fg\u00f6r\u00fcn\u00fcn \u015fehri Mersin&#8217;de 24. Dinler Bulu\u015fmas\u0131 etkinli\u011fi, Mersin B\u00fcy\u00fck\u015fehir Belediyesi&#8217;nin himayesinde ger\u00e7ekle\u015ftirildi. Akbelen \u015eehir Mezarl\u0131\u011f\u0131&#8217;nda d\u00fczenlenen geleneksel etkinlik bu y\u0131l ilk kez, etkinli\u011fin sembol ismi Lina Nasif&#8217;in yoklu\u011funda yap\u0131ld\u0131.<br \/>\nLina Nasif&#8217;siz ilk bulu\u015fma<br \/>\n24. Dinler Bulu\u015fmas\u0131 Mersin B\u00fcy\u00fck\u015fehir Belediyesi Akbelen \u015eehir Mezarl\u0131\u011f\u0131&#8217;nda ger\u00e7ekle\u015ftirildi. Bir s\u00fcre \u00f6nce hayat\u0131n\u0131 kaybeden, etkinli\u011fin yarat\u0131c\u0131s\u0131 Lina Nasif&#8217;siz ilk kez d\u00fczenlenen Dinler Bulu\u015fmas\u0131&#8217;nda kat\u0131l\u0131mc\u0131lar Lina Nasif&#8217;i anlatt\u0131, onun miras\u0131 olan bu etkinli\u011fin devam ettirilmesi i\u00e7in s\u00f6z verdi.<br \/>\nMersin B\u00fcy\u00fck\u015fehir Belediyesi&#8217;nin himayesinde ger\u00e7ekle\u015ftirilen 24. Dinler Bulu\u015fmas\u0131 Ney dinletisi ile ba\u015flad\u0131. Lina Nasif&#8217;in dostlar\u0131n\u0131n konu\u015fmac\u0131 olarak yer ald\u0131\u011f\u0131 &#8216;Lina Nasif&#8217; video g\u00f6sterimi ile devam eden etkinli\u011fe Mersin B\u00fcy\u00fck\u015fehir Belediyesi Genel Sekreter Yard\u0131mc\u0131s\u0131 Hasan G\u00f6kbel, Bas\u0131n Yay\u0131n ve Halkla \u0130li\u015fkiler Dairesi Ba\u015fkan\u0131 Bedrettin G\u00fcnde\u015f, MESK\u0130 Genel M\u00fcd\u00fcr Yard\u0131mc\u0131s\u0131 Seyfettin Atar, K\u00fclt\u00fcr ve Sosyal \u0130\u015fler Dairesi Koordinat\u00f6r\u00fc Bengi \u0130spir \u00d6zd\u00fclger, Sosyal Hizmetler Dairesi Ba\u015fkan\u0131 Serdal G\u00f6kayaz, Mersin Ticaret ve Sanayi Odas\u0131 Ba\u015fkan\u0131 Ayhan K\u0131z\u0131ltan, Mersin Kent Konseyi Ba\u015fkan\u0131 Ayferi Tu\u011fcu ve \u00e7ok say\u0131da Mersinli kat\u0131ld\u0131.<br \/>\nG\u00f6kbel: &#8220;Lina Nasif Mersin i\u00e7in bir sembold\u00fc&#8221;<br \/>\nYapt\u0131\u011f\u0131 konu\u015fmada Lina Nasif&#8217;in Mersin&#8217;de \u00f6nemli bir iz b\u0131rakt\u0131\u011f\u0131n\u0131 ve ebediyete intikal etti\u011fini hat\u0131rlatan Mersin B\u00fcy\u00fck\u015fehir Belediyesi Genel Sekreter Yard\u0131mc\u0131s\u0131 Hasan G\u00f6kbel, &#8220;Ama intikal ederken de y\u00fcreklerimizde derin izler b\u0131rakt\u0131. Dinlerin bulu\u015fmas\u0131 etkinli\u011fi de Lina Nasif&#8217;in y\u00f6netmenli\u011fini yapt\u0131\u011f\u0131 bir etkinlikti. A&#8217;dan Z&#8217;ye etkinli\u011fin b\u00fct\u00fcn a\u015famalar\u0131nda vard\u0131. Hatta sunuculu\u011funu bile kendisi yapard\u0131. T\u00fcm dinleri bulu\u015fturan ve bayramda bir araya getirerek dua etmesini sa\u011flayan bir ki\u015filikti. Lina Nasif Mersin i\u00e7in bir sembold\u00fc. Ho\u015fg\u00f6r\u00fc ve insan sevgisi onun en b\u00fcy\u00fck \u00f6zelli\u011fiydi&#8221; \u015feklinde konu\u015ftu.<br \/>\nTu\u011fcu: &#8220;Bu etkinlik, bundan sonra da bu \u015fekilde devam edecek&#8221;<br \/>\n24. Dinler Bulu\u015fmas\u0131 etkinli\u011finde bir konu\u015fma yapan Mersin Kent Konseyi Ba\u015fkan\u0131 Ayferi Tu\u011fcu &#8220;24.&#8217;s\u00fcn\u00fc yapt\u0131\u011f\u0131m\u0131z ve Mersin&#8217;in \u00f6z\u00fcn\u00fc temsil eden bu bulu\u015fma ile bug\u00fcnlerde d\u00fcnyada \u00e7ok\u00e7a ihtiya\u00e7 duyulan ho\u015fg\u00f6r\u00fcye, birli\u011fe, beraberli\u011fe hep birlikte katk\u0131 sunmaktay\u0131z. Bu etkinli\u011fi bug\u00fcn Mersin B\u00fcy\u00fck\u015fehir Belediyesi&#8217;nin himayesinde ger\u00e7ekle\u015ftirmekteyiz. Ve Lina&#8217;ya s\u00f6z verildi\u011fi gibi, bu etkinli\u011fin bundan sonra da bu \u015fekilde devam edece\u011fini s\u00f6ylemeliyiz. Bunun i\u00e7in Mersin B\u00fcy\u00fck\u015fehir Belediye Ba\u015fkan\u0131m\u0131z Say\u0131n Vahap Se\u00e7er ba\u015fta olmak \u00fczere, t\u00fcm eme\u011fi ge\u00e7enlere ve kat\u0131l\u0131mc\u0131lara te\u015fekk\u00fcr ederim&#8221; dedi.<br \/>\nKokulu: &#8220;Lina benim i\u00e7in hem abla, hem karde\u015f hem de kom\u015fumdu&#8221;<br \/>\nMEDEKA K\u00fclt\u00fcr Sanat Kurulu Ba\u015fkan\u0131 Vahap Kokulu, Lina Nasif&#8217;in kendisi i\u00e7in hem abla, hem karde\u015f hem de kom\u015fu oldu\u011funu belirterek &#8220;Onunla Mersin&#8217;in sanat, k\u00fclt\u00fcr ve \u00fcniversite d\u00fcnyas\u0131nda \u00e7o\u011fu kez yollar\u0131m\u0131z kesi\u015fti. Her ikimiz ve t\u00fcm Mersin dostlar\u0131 olarak, Mersin&#8217;in zengin bar\u0131\u015f ve ho\u015fg\u00f6r\u00fc ortam\u0131n\u0131n g\u00fc\u00e7lendirilmesi i\u00e7in yap\u0131lan projelerde ve \u00e7al\u0131\u015fmalarda, bizden destek isteyenlere g\u00f6n\u00fcll\u00fc yard\u0131mc\u0131 olduk, \u0131\u015f\u0131k tutmaya \u00e7al\u0131\u015ft\u0131k&#8221; diye konu\u015ftu.<br \/>\nKonu\u015fmalar\u0131n ard\u0131ndan Mersin Rum Ortodoks Kilisesi Pederi Co\u015fkun Teymur, Mersin Cemevi Dedesi Erdo\u011fan Sevim, Mersin \u0130l M\u00fcft\u00fcl\u00fc\u011f\u00fc Temsilcisi \u015eemsettin Bulgan ve Latin \u0130talyan Katolik Kilisesi Pederi Ro\u015fan Cordeiro k\u0131sa birer konu\u015fma yap\u0131p, temsilcisi olduklar\u0131 dini inan\u00e7 do\u011frultusunda dualar etiler.<br \/>\n24.&#8217;s\u00fc d\u00fczenlenen Dinler Bulu\u015fmas\u0131 etkinli\u011fi, t\u00fcm kat\u0131l\u0131mc\u0131lar\u0131n hep birlikte yapt\u0131klar\u0131 &#8216;Evrensel Dua Okuma&#8217; ile son buldu.<\/p>\n","protected":false},"excerpt":{"rendered":"<p>Bar\u0131\u015f ve ho\u015fg\u00f6r\u00fcn\u00fcn \u015fehri Mersin&#8217;de 24. Dinler Bulu\u015fmas\u0131 etkinli\u011fi, Mersin B\u00fcy\u00fck\u015fehir Belediyesi&#8217;nin himayesinde ger\u00e7ekle\u015ftirildi. Akbelen \u015eehir Mezarl\u0131\u011f\u0131&#8217;nda d\u00fczenlenen geleneksel etkinlik bu y\u0131l ilk kez, etkinli\u011fin sembol ismi Lina Nasif&#8217;in yoklu\u011funda &hellip; <a href=\"https:\/\/akdenizolaygazetesi.com\/?p=19787\" class=\"more-link\">Devam\u0131n\u0131 Oku&#8230;<\/a><\/p>\n","protected":false},"author":2,"featured_media":19788,"comment_status":"open","ping_status":"open","sticky":false,"template":"","format":"standard","meta":[],"categories":[7,1,2,3,5],"tags":[],"_links":{"self":[{"href":"https:\/\/akdenizolaygazetesi.com\/index.php?rest_route=\/wp\/v2\/posts\/19787"}],"collection":[{"href":"https:\/\/akdenizolaygazetesi.com\/index.php?rest_route=\/wp\/v2\/posts"}],"about":[{"href":"https:\/\/akdenizolaygazetesi.com\/index.php?rest_route=\/wp\/v2\/types\/post"}],"author":[{"embeddable":true,"href":"https:\/\/akdenizolaygazetesi.com\/index.php?rest_route=\/wp\/v2\/users\/2"}],"replies":[{"embeddable":true,"href":"https:\/\/akdenizolaygazetesi.com\/index.php?rest_route=%2Fwp%2Fv2%2Fcomments&post=19787"}],"version-history":[{"count":1,"href":"https:\/\/akdenizolaygazetesi.com\/index.php?rest_route=\/wp\/v2\/posts\/19787\/revisions"}],"predecessor-version":[{"id":19789,"href":"https:\/\/akdenizolaygazetesi.com\/index.php?rest_route=\/wp\/v2\/posts\/19787\/revisions\/19789"}],"wp:featuredmedia":[{"embeddable":true,"href":"https:\/\/akdenizolaygazetesi.com\/index.php?rest_route=\/wp\/v2\/media\/19788"}],"wp:attachment":[{"href":"https:\/\/akdenizolaygazetesi.com\/index.php?rest_route=%2Fwp%2Fv2%2Fmedia&parent=19787"}],"wp:term":[{"taxonomy":"category","embeddable":true,"href":"https:\/\/akdenizolaygazetesi.com\/index.php?rest_route=%2Fwp%2Fv2%2Fcategories&post=19787"},{"taxonomy":"post_tag","embeddable":true,"href":"https:\/\/akdenizolaygazetesi.com\/index.php?rest_route=%2Fwp%2Fv2%2Ftags&post=19787"}],"curies":[{"name":"wp","href":"https:\/\/api.w.org\/{rel}","templated":true}]}}