{"id":19809,"date":"2022-07-14T13:10:55","date_gmt":"2022-07-14T10:10:55","guid":{"rendered":"http:\/\/akdenizolaygazetesi.com\/?p=19809"},"modified":"2022-07-14T13:10:55","modified_gmt":"2022-07-14T10:10:55","slug":"baskan-yilmazin-15-temmuz-demokrasi-ve-milli-birlik-gunu-mesaji","status":"publish","type":"post","link":"https:\/\/akdenizolaygazetesi.com\/?p=19809","title":{"rendered":"BA\u015eKAN YILMAZ&#8217;IN, 15 TEMMUZ DEMOKRAS\u0130 VE M\u0130LL\u0130 B\u0130RL\u0130K G\u00dcN\u00dc MESAJI"},"content":{"rendered":"<p>Toroslar Belediye Ba\u015fkan\u0131 Ats\u0131z Af\u015f\u0131n Y\u0131lmaz, 15 Temmuz Demokrasi ve Milli Birlik G\u00fcn\u00fc dolay\u0131s\u0131yla bir mesaj yay\u0131nlad\u0131.<\/p>\n<p>15 Temmuz g\u00fcn\u00fcn\u00fcn, tarihe alt\u0131n harflerle yaz\u0131lm\u0131\u015f b\u00fcy\u00fck demokrasi m\u00fccadelesi oldu\u011funu belirten Ba\u015fkan Y\u0131lmaz; &#8220;15 Temmuz 2016&#8217;da ger\u00e7ekle\u015fen hain darbe giri\u015fiminde aziz T\u00fcrk Milleti, vatana ve millete olan ba\u011fl\u0131l\u0131\u011f\u0131n\u0131 bir kez daha g\u00f6stermi\u015f, demokrasimize kast edenlere kar\u015f\u0131 iman\u0131yla, cesaretiyle, milli iradeyle destan yazm\u0131\u015ft\u0131r&#8221; dedi.<\/p>\n<p>&#8220;Milli \u0130radenin \u00dczerinde Hi\u00e7bir G\u00fc\u00e7 Yoktur&#8221;<\/p>\n<p>&#8220;Vatan\u0131m\u0131z ve bayra\u011f\u0131m\u0131z s\u00f6z konusuysa bizler millet olmaktan da \u00f6te tek y\u00fcrek ve tek v\u00fccut oluruz&#8221; diyen Ba\u015fkan Y\u0131lmaz; &#8220;Kad\u0131n\u0131, erke\u011fi, genci, ya\u015fl\u0131s\u0131yla tek v\u00fccut olan kahraman milletimiz, 15 Temmuz gecesi meydanlar\u0131 doldurmu\u015f can\u0131 pahas\u0131na demokrasiye sahip \u00e7\u0131km\u0131\u015ft\u0131r. 15 Temmuz, milli birli\u011fimizin de per\u00e7inlendi\u011fi bir g\u00fcnd\u00fcr. T\u00fcrkiye Cumhuriyeti Devleti \u00e7ok b\u00fcy\u00fck bir devlet, T\u00fcrk Milleti \u00e7ok b\u00fcy\u00fck bir millettir. Vatan\u0131m\u0131z\u0131n b\u00f6l\u00fcnmez b\u00fct\u00fcnl\u00fc\u011f\u00fcne, milletimizin birli\u011fine ve huzuruna y\u00f6nelik yap\u0131lan bu al\u00e7ak\u00e7a giri\u015fimler hi\u00e7bir zaman amac\u0131na ula\u015famayacakt\u0131r. Millet olarak vatan\u0131m\u0131za ve bayra\u011f\u0131m\u0131za ilelebet sahip \u00e7\u0131kman\u0131n hakl\u0131 gururunu ya\u015f\u0131yoruz. 15 Temmuz Demokrasi ve Milli Birlik G\u00fcn\u00fc&#8217;n\u00fcn y\u0131l d\u00f6n\u00fcm\u00fcnde t\u00fcm hem\u015fehrilerimi sevgi ve sayg\u0131yla selaml\u0131yorum. \u00dclkemizin birli\u011fi ve devletimizin bekas\u0131 i\u00e7in canlar\u0131n\u0131 feda ederek \u015fehadet \u015ferbeti i\u00e7en aziz \u015fehitlerimizi bir kez daha rahmet ve minnetle an\u0131yor, gazilerimize \u015f\u00fckranlar\u0131m\u0131 sunuyorum. 15 Temmuz Demokrasi Destan\u0131n\u0131 unutmayaca\u011f\u0131z, unutturmayaca\u011f\u0131z&#8221; \u015feklinde konu\u015ftu.<\/p>\n","protected":false},"excerpt":{"rendered":"<p>Toroslar Belediye Ba\u015fkan\u0131 Ats\u0131z Af\u015f\u0131n Y\u0131lmaz, 15 Temmuz Demokrasi ve Milli Birlik G\u00fcn\u00fc dolay\u0131s\u0131yla bir mesaj yay\u0131nlad\u0131. 15 Temmuz g\u00fcn\u00fcn\u00fcn, tarihe alt\u0131n harflerle yaz\u0131lm\u0131\u015f b\u00fcy\u00fck demokrasi m\u00fccadelesi oldu\u011funu belirten Ba\u015fkan &hellip; <a href=\"https:\/\/akdenizolaygazetesi.com\/?p=19809\" class=\"more-link\">Devam\u0131n\u0131 Oku&#8230;<\/a><\/p>\n","protected":false},"author":2,"featured_media":19810,"comment_status":"open","ping_status":"open","sticky":false,"template":"","format":"standard","meta":[],"categories":[3,6],"tags":[],"_links":{"self":[{"href":"https:\/\/akdenizolaygazetesi.com\/index.php?rest_route=\/wp\/v2\/posts\/19809"}],"collection":[{"href":"https:\/\/akdenizolaygazetesi.com\/index.php?rest_route=\/wp\/v2\/posts"}],"about":[{"href":"https:\/\/akdenizolaygazetesi.com\/index.php?rest_route=\/wp\/v2\/types\/post"}],"author":[{"embeddable":true,"href":"https:\/\/akdenizolaygazetesi.com\/index.php?rest_route=\/wp\/v2\/users\/2"}],"replies":[{"embeddable":true,"href":"https:\/\/akdenizolaygazetesi.com\/index.php?rest_route=%2Fwp%2Fv2%2Fcomments&post=19809"}],"version-history":[{"count":1,"href":"https:\/\/akdenizolaygazetesi.com\/index.php?rest_route=\/wp\/v2\/posts\/19809\/revisions"}],"predecessor-version":[{"id":19811,"href":"https:\/\/akdenizolaygazetesi.com\/index.php?rest_route=\/wp\/v2\/posts\/19809\/revisions\/19811"}],"wp:featuredmedia":[{"embeddable":true,"href":"https:\/\/akdenizolaygazetesi.com\/index.php?rest_route=\/wp\/v2\/media\/19810"}],"wp:attachment":[{"href":"https:\/\/akdenizolaygazetesi.com\/index.php?rest_route=%2Fwp%2Fv2%2Fmedia&parent=19809"}],"wp:term":[{"taxonomy":"category","embeddable":true,"href":"https:\/\/akdenizolaygazetesi.com\/index.php?rest_route=%2Fwp%2Fv2%2Fcategories&post=19809"},{"taxonomy":"post_tag","embeddable":true,"href":"https:\/\/akdenizolaygazetesi.com\/index.php?rest_route=%2Fwp%2Fv2%2Ftags&post=19809"}],"curies":[{"name":"wp","href":"https:\/\/api.w.org\/{rel}","templated":true}]}}