{"id":19815,"date":"2022-07-14T13:14:25","date_gmt":"2022-07-14T10:14:25","guid":{"rendered":"http:\/\/akdenizolaygazetesi.com\/?p=19815"},"modified":"2022-07-14T13:14:25","modified_gmt":"2022-07-14T10:14:25","slug":"mersinin-her-kosesinde-etkinlik","status":"publish","type":"post","link":"https:\/\/akdenizolaygazetesi.com\/?p=19815","title":{"rendered":"MERS\u0130N&#8217;\u0130N HER K\u00d6\u015eES\u0130NDE ETK\u0130NL\u0130K&#8230;"},"content":{"rendered":"<p>Mersin B\u00fcy\u00fck\u015fehir Belediye Ba\u015fkan\u0131 Vahap Se\u00e7er&#8217;in gen\u00e7lere ve onlar\u0131n sevdi\u011fi sanat\u00e7\u0131lara verdi\u011fi \u00f6nem ve destek, d\u00fcn ak\u015fam Arpa\u00e7bah\u015fi\u015f sahilinde bir kez daha sahnedeydi. B\u00fcy\u00fck\u015fehir Belediyesi&#8217;nin yaz sezonu ile birlikte kentin her k\u00f6\u015fesinde ger\u00e7ekle\u015ftirdi\u011fi konserler dizisinde, bu kez sahneyi Hayko Cepkin ald\u0131.<br \/>\nMersin B\u00fcy\u00fck\u015fehir Belediyesi K\u00fclt\u00fcr ve Sosyal \u0130\u015fler Dairesi Koordinat\u00f6r\u00fc Bengi \u0130spir \u00d6zd\u00fclger ile Erdemli Koordinat\u00f6r\u00fc Vedat Uzunba\u011f&#8217;\u0131n da haz\u0131r bulundu\u011fu konserde binlerce Hayko Cepkin hayran\u0131, Mersin B\u00fcy\u00fck\u015fehir Belediyesi taraf\u0131ndan Erdemli&#8217;ye ba\u011fl\u0131 Arpa\u00e7bah\u015fi\u015f sahilinde d\u00fczenlenen konserde bir araya geldi. Yakla\u015f\u0131k 2 saat boyunca sahnede kalan ve performans\u0131yla hayran b\u0131rakan \u00fcnl\u00fc sanat\u00e7\u0131, sevilen \u015fark\u0131lar\u0131n\u0131 muhte\u015fem sahne \u015fovlar\u0131yla birle\u015ftirerek, kendisini dinlemeye gelenlerin be\u011fenisini kazand\u0131. Sanat\u00e7\u0131n\u0131n \u015fark\u0131lar\u0131na, konser alan\u0131n\u0131 dolduran gen\u00e7ler de zaman zaman e\u015flik etti.<br \/>\nKonser sonunda Mersin B\u00fcy\u00fck\u015fehir Belediye Ba\u015fkan\u0131 Vahap Se\u00e7er&#8217;e, sanata ve sanat\u00e7\u0131ya verdi\u011fi destek ile k\u00fclt\u00fcrel etkinliklere \u00f6nem vermesinden dolay\u0131 te\u015fekk\u00fcr eden Hayko Cepkin, &#8220;\u015eu anda en \u00e7ok ihtiyac\u0131m\u0131z olan \u015feylerden biri de\u015farj olmakt\u0131. Umar\u0131m de\u015farj olmu\u015fsunuzdur. Ya\u015fanan bu kadar s\u0131k\u0131nt\u0131n\u0131n i\u00e7erisinde umar\u0131m biraz, 1-2 saat de olsa kafan\u0131z\u0131 da\u011f\u0131tabilmi\u015fizdir. Bu g\u00fczel ortam\u0131n ya\u015fanmas\u0131na katk\u0131 sunan ve bizi sizlerle bulu\u015fturan Mersin B\u00fcy\u00fck\u015fehir Belediye Ba\u015fkan\u0131 Vahap Se\u00e7er&#8217;e sonsuz te\u015fekk\u00fcrler&#8221; dedi.<\/p>\n","protected":false},"excerpt":{"rendered":"<p>Mersin B\u00fcy\u00fck\u015fehir Belediye Ba\u015fkan\u0131 Vahap Se\u00e7er&#8217;in gen\u00e7lere ve onlar\u0131n sevdi\u011fi sanat\u00e7\u0131lara verdi\u011fi \u00f6nem ve destek, d\u00fcn ak\u015fam Arpa\u00e7bah\u015fi\u015f sahilinde bir kez daha sahnedeydi. B\u00fcy\u00fck\u015fehir Belediyesi&#8217;nin yaz sezonu ile birlikte kentin &hellip; <a href=\"https:\/\/akdenizolaygazetesi.com\/?p=19815\" class=\"more-link\">Devam\u0131n\u0131 Oku&#8230;<\/a><\/p>\n","protected":false},"author":2,"featured_media":19816,"comment_status":"open","ping_status":"open","sticky":false,"template":"","format":"standard","meta":[],"categories":[2,3,5],"tags":[],"_links":{"self":[{"href":"https:\/\/akdenizolaygazetesi.com\/index.php?rest_route=\/wp\/v2\/posts\/19815"}],"collection":[{"href":"https:\/\/akdenizolaygazetesi.com\/index.php?rest_route=\/wp\/v2\/posts"}],"about":[{"href":"https:\/\/akdenizolaygazetesi.com\/index.php?rest_route=\/wp\/v2\/types\/post"}],"author":[{"embeddable":true,"href":"https:\/\/akdenizolaygazetesi.com\/index.php?rest_route=\/wp\/v2\/users\/2"}],"replies":[{"embeddable":true,"href":"https:\/\/akdenizolaygazetesi.com\/index.php?rest_route=%2Fwp%2Fv2%2Fcomments&post=19815"}],"version-history":[{"count":1,"href":"https:\/\/akdenizolaygazetesi.com\/index.php?rest_route=\/wp\/v2\/posts\/19815\/revisions"}],"predecessor-version":[{"id":19817,"href":"https:\/\/akdenizolaygazetesi.com\/index.php?rest_route=\/wp\/v2\/posts\/19815\/revisions\/19817"}],"wp:featuredmedia":[{"embeddable":true,"href":"https:\/\/akdenizolaygazetesi.com\/index.php?rest_route=\/wp\/v2\/media\/19816"}],"wp:attachment":[{"href":"https:\/\/akdenizolaygazetesi.com\/index.php?rest_route=%2Fwp%2Fv2%2Fmedia&parent=19815"}],"wp:term":[{"taxonomy":"category","embeddable":true,"href":"https:\/\/akdenizolaygazetesi.com\/index.php?rest_route=%2Fwp%2Fv2%2Fcategories&post=19815"},{"taxonomy":"post_tag","embeddable":true,"href":"https:\/\/akdenizolaygazetesi.com\/index.php?rest_route=%2Fwp%2Fv2%2Ftags&post=19815"}],"curies":[{"name":"wp","href":"https:\/\/api.w.org\/{rel}","templated":true}]}}