{"id":19823,"date":"2022-07-14T16:23:26","date_gmt":"2022-07-14T13:23:26","guid":{"rendered":"http:\/\/akdenizolaygazetesi.com\/?p=19823"},"modified":"2022-07-14T16:23:26","modified_gmt":"2022-07-14T13:23:26","slug":"gultaktan-15-temmuz-demokrasi-ve-milli-birlik-gunu-mesaji","status":"publish","type":"post","link":"https:\/\/akdenizolaygazetesi.com\/?p=19823","title":{"rendered":"G\u00dcLTAK&#8217;TAN, 15 TEMMUZ DEMOKRAS\u0130 VE M\u0130LL\u0130 B\u0130RL\u0130K G\u00dcN\u00dc MESAJI"},"content":{"rendered":"<p>Akdeniz Belediye Ba\u015fkan\u0131 M. Mustafa G\u00fcltak; \u201815 Temmuz Demokrasi ve Milli Birlik G\u00fcn\u00fc\u2019 dolay\u0131s\u0131yla yay\u0131mlad\u0131\u011f\u0131 yaz\u0131l\u0131 mesaj\u0131nda, \u201cFet\u00f6c\u00fc hainlere kar\u015f\u0131 o gece T\u00fcrkiye\u2019nin d\u00f6rt bir yan\u0131nda meydanlara, sokaklara inen kahramanlar\u0131m\u0131z, darbecilere ve onlar\u0131n destek\u00e7ilerine unutamayacaklar\u0131 bir ders vermi\u015ftir\u201d dedi.<br \/>\nMesaj\u0131nda; T\u00fcrkiye\u2019nin, 15 Temmuz 2016 tarihinde b\u00fcy\u00fck bir ihanetle kar\u015f\u0131la\u015ft\u0131\u011f\u0131n\u0131 vurgulayan Ba\u015fkan G\u00fcltak; \u201cFET\u00d6 mensuplar\u0131, o g\u00fcn Cumhuriyetimizin temel de\u011ferlerine, milli irademize, birli\u011fimize ve karde\u015fli\u011fimize kar\u015f\u0131 giri\u015ftikleri bu hain sald\u0131r\u0131 ile \u00fclkemize diz \u00e7\u00f6kt\u00fcrmek istedi. Ancak, o tarihi gecede \u00fclkemizin d\u00f6rt bir yan\u0131nda demokrasi, \u00f6zg\u00fcrl\u00fck ve ba\u011f\u0131ms\u0131zl\u0131k i\u00e7in meydanlara inen kahramanlar\u0131m\u0131z, darbecilere ve onlar\u0131n destek\u00e7ilerine unutamayacaklar\u0131 bir ders ve yan\u0131t vermi\u015ftir\u201d ifadelerini kulland\u0131.<br \/>\n\u201cMilletimizin iradesinin \u00fcst\u00fcnde ba\u015fka bir irade olmayacakt\u0131r\u201d<br \/>\n\u00c7anakkale ruhunun 15 Temmuz 2016 gecesi adeta yeniden canland\u0131\u011f\u0131n\u0131 ve T\u00fcrk Milletinin bir kahramanl\u0131k hik\u00e2yesi, bir destan daha yazd\u0131\u011f\u0131n\u0131n alt\u0131n\u0131 \u00e7izdi\u011fi mesaj\u0131nda Ba\u015fkan G\u00fcltak, \u015fu ifadeleri kaydetti; \u201cAziz milletimiz 15 Temmuz\u2019daki direni\u015fiyle hem bir darbe giri\u015fimini p\u00fcsk\u00fcrtm\u00fc\u015f, hem de \u00fclkemizi teslim almay\u0131 hedefleyen bir i\u015fgal te\u015febb\u00fcs\u00fcn\u00fc engellemi\u015ftir. Bu anlay\u0131\u015f do\u011frultusunda 15 Temmuz\u2019u unutmayaca\u011f\u0131z, unutturmayaca\u011f\u0131z. Milletimizin g\u00fcc\u00fc ve iradesinin \u00fcst\u00fcnde bir irade veya g\u00fc\u00e7 olmam\u0131\u015ft\u0131r, bundan sonra da olmayacakt\u0131r. Ellerinde a\u011f\u0131r silahlarla masum sivil insanlar\u0131m\u0131z\u0131 hedef alarak hain emellerine ula\u015faca\u011f\u0131n\u0131 sanan darbecilere, fedak\u00e2r milletimiz asla unutamayacaklar\u0131 bir ders vermi\u015ftir.<br \/>\n\u00c7\u00fcnk\u00fc T\u00fcrk Milleti, ge\u00e7mi\u015fte oldu\u011fu gibi d\u00fcn de istiklali ve istikbaline g\u00f6z koyanlara kar\u015f\u0131 can\u0131 pahas\u0131na m\u00fccadele etmi\u015f ve bu onurlu m\u00fccadelesinden de zaferle ayr\u0131lm\u0131\u015ft\u0131r. Birli\u011fimize, karde\u015fli\u011fimize ve demokrasimize kast edenler yenilmeye daima mahk\u00fbmdur. Bu duygu ve d\u00fc\u015f\u00fcncelerle; \u00fclkemize, demokrasimize ve aziz milletimizin y\u00fcce iradesine kar\u015f\u0131 hain FET\u00d6 ter\u00f6r \u00f6rg\u00fct\u00fc ve yanda\u015flar\u0131 taraf\u0131ndan yap\u0131lan kalk\u0131\u015fma giri\u015fimini lanetliyorum. \u00c7anakkale ruhuyla direni\u015fe ge\u00e7erek vatan i\u00e7in \u00e7ekinmeden canlar\u0131n\u0131 veren \u015fehitlerimize Allah\u2019tan rahmet diliyor, gazilerimize minnetlerimi sunuyorum. 15 Temmuz Milli Birlik ve Demokrasi G\u00fcn\u00fc\u2019n\u00fc tebrik ediyor, bu destan\u0131 elbirli\u011fiyle yazan aziz milletimizi g\u00f6n\u00fclden selaml\u0131yor ve en derin sayg\u0131lar\u0131m\u0131 sunuyorum.\u201d<\/p>\n","protected":false},"excerpt":{"rendered":"<p>Akdeniz Belediye Ba\u015fkan\u0131 M. Mustafa G\u00fcltak; \u201815 Temmuz Demokrasi ve Milli Birlik G\u00fcn\u00fc\u2019 dolay\u0131s\u0131yla yay\u0131mlad\u0131\u011f\u0131 yaz\u0131l\u0131 mesaj\u0131nda, \u201cFet\u00f6c\u00fc hainlere kar\u015f\u0131 o gece T\u00fcrkiye\u2019nin d\u00f6rt bir yan\u0131nda meydanlara, sokaklara inen kahramanlar\u0131m\u0131z, &hellip; <a href=\"https:\/\/akdenizolaygazetesi.com\/?p=19823\" class=\"more-link\">Devam\u0131n\u0131 Oku&#8230;<\/a><\/p>\n","protected":false},"author":2,"featured_media":19824,"comment_status":"open","ping_status":"open","sticky":false,"template":"","format":"standard","meta":[],"categories":[2,3],"tags":[],"_links":{"self":[{"href":"https:\/\/akdenizolaygazetesi.com\/index.php?rest_route=\/wp\/v2\/posts\/19823"}],"collection":[{"href":"https:\/\/akdenizolaygazetesi.com\/index.php?rest_route=\/wp\/v2\/posts"}],"about":[{"href":"https:\/\/akdenizolaygazetesi.com\/index.php?rest_route=\/wp\/v2\/types\/post"}],"author":[{"embeddable":true,"href":"https:\/\/akdenizolaygazetesi.com\/index.php?rest_route=\/wp\/v2\/users\/2"}],"replies":[{"embeddable":true,"href":"https:\/\/akdenizolaygazetesi.com\/index.php?rest_route=%2Fwp%2Fv2%2Fcomments&post=19823"}],"version-history":[{"count":1,"href":"https:\/\/akdenizolaygazetesi.com\/index.php?rest_route=\/wp\/v2\/posts\/19823\/revisions"}],"predecessor-version":[{"id":19825,"href":"https:\/\/akdenizolaygazetesi.com\/index.php?rest_route=\/wp\/v2\/posts\/19823\/revisions\/19825"}],"wp:featuredmedia":[{"embeddable":true,"href":"https:\/\/akdenizolaygazetesi.com\/index.php?rest_route=\/wp\/v2\/media\/19824"}],"wp:attachment":[{"href":"https:\/\/akdenizolaygazetesi.com\/index.php?rest_route=%2Fwp%2Fv2%2Fmedia&parent=19823"}],"wp:term":[{"taxonomy":"category","embeddable":true,"href":"https:\/\/akdenizolaygazetesi.com\/index.php?rest_route=%2Fwp%2Fv2%2Fcategories&post=19823"},{"taxonomy":"post_tag","embeddable":true,"href":"https:\/\/akdenizolaygazetesi.com\/index.php?rest_route=%2Fwp%2Fv2%2Ftags&post=19823"}],"curies":[{"name":"wp","href":"https:\/\/api.w.org\/{rel}","templated":true}]}}