{"id":19826,"date":"2022-07-14T16:24:47","date_gmt":"2022-07-14T13:24:47","guid":{"rendered":"http:\/\/akdenizolaygazetesi.com\/?p=19826"},"modified":"2022-07-14T16:24:47","modified_gmt":"2022-07-14T13:24:47","slug":"biz-kendimize-hizmetlerimize-niyetimize-zihniyetimize-calisma-azmimize-guveniyoruz","status":"publish","type":"post","link":"https:\/\/akdenizolaygazetesi.com\/?p=19826","title":{"rendered":"&#8220;B\u0130Z KEND\u0130M\u0130ZE, H\u0130ZMETLER\u0130M\u0130ZE, N\u0130YET\u0130M\u0130ZE, Z\u0130HN\u0130YET\u0130M\u0130ZE, \u00c7ALI\u015eMA AZM\u0130M\u0130ZE G\u00dcVEN\u0130YORUZ&#8221;"},"content":{"rendered":"<p>Mersin B\u00fcy\u00fck\u015fehir Belediye Ba\u015fkan\u0131 Vahap Se\u00e7er, Kurban Bayram\u0131&#8217;nda ba\u015flad\u0131\u011f\u0131 il\u00e7e ziyaretlerine Erdemli ile devam etti. Erdemli \u00c7iri\u015f Mahallesi ile ba\u015flad\u0131\u011f\u0131 ziyaret turunu; Arslanl\u0131, Ayd\u0131nlar, G\u00fczeloluk, Harfilli, G\u00fcneyli, Akp\u0131nar ve Evdilek Mahalleleri ile s\u00fcrd\u00fcren Ba\u015fkan Se\u00e7er, b\u00f6lge halk\u0131n\u0131n istek ve taleplerini dinledi. Ba\u015fkan Se\u00e7er&#8217;in kendilerini ziyaret etmesinden son derece mutlu olduklar\u0131n\u0131 belirten vatanda\u015flar; B\u00fcy\u00fck\u015fehir Belediyesi&#8217;nin ula\u015f\u0131m, yol, altyap\u0131, ila\u00e7lama, evde sa\u011fl\u0131k ve bak\u0131m gibi bir\u00e7ok hizmetinden duyduklar\u0131 memnuniyeti dile getirerek, te\u015fekk\u00fcrlerini ilettiler. Ba\u015fkan Se\u00e7er&#8217;le birlikte Erdemli&#8217;nin mahallelerini ziyaret eden Meral Se\u00e7er, buradaki kad\u0131nlarla sohbet etti.<br \/>\nBa\u015fkan Se\u00e7er&#8217;e gezi boyunca CHP Mersin Milletvekili Cengiz G\u00f6k\u00e7el, CHP Erdemli \u0130l\u00e7e Ba\u015fkan\u0131 Ahmet Dursen \u015eahin, CHP Yeni\u015fehir \u0130l\u00e7e Ba\u015fkan\u0131 Tayar Tahiro\u011flu, CHP Tarsus \u0130l\u00e7e Ba\u015fkan\u0131 Av. Ozan Varal, Meclis \u00fcyeleri ile B\u00fcy\u00fck\u015fehir Belediyesi ve MESK\u0130 b\u00fcrokratlar\u0131 da e\u015flik etti.<br \/>\n&#8220;Belediye sizin kalbinize girmek i\u00e7in var&#8221;<br \/>\nErdemli ziyaretinde, bayram tatilini f\u0131rsat bilerek vatanda\u015flarla daha \u00e7ok zaman ge\u00e7irmek istediklerini ifade eden Ba\u015fkan Se\u00e7er, &#8220;Siyaset\u00e7i vatanda\u015f\u0131n i\u00e7inde olacak. Biz kendimize, hizmetlerimize, niyetimize, zihniyetimize, \u00e7al\u0131\u015fma azmimize g\u00fcveniyoruz. Onun i\u00e7in de vatanda\u015fla beraber olmaktan, sokakta olmaktan, onlarla oturup konu\u015fmaktan \u00e7ok mutlu oluyoruz. Bir siyaset\u00e7inin mutlulu\u011fu, vatanda\u015f\u0131ndan ald\u0131\u011f\u0131 te\u015fekk\u00fcr ve hay\u0131r duas\u0131d\u0131r&#8221; dedi.<br \/>\nMersin B\u00fcy\u00fck\u015fehir Belediyesi&#8217;nin, 16 bin kilometrekare alana hizmet yapma m\u00fccadelesi i\u00e7erisinde olan, \u00e7al\u0131\u015fkan bir belediye oldu\u011funu vurgulayan Ba\u015fkan Se\u00e7er, &#8220;Gece, g\u00fcnd\u00fcz, ya\u011fmur, \u00e7amur, kar, k\u0131\u015f, bayram, seyran demeden \u00e7al\u0131\u015fmak zorunday\u0131z. \u00c7ok hizmet yapmak durumunday\u0131z. Aciz insanlar\u0131n d\u00fc\u015ft\u00fc\u011f\u00fc duruma d\u00fc\u015f\u00fcp, bahane \u00fcretemeyiz. \u00c7\u00fcnk\u00fc, g\u00fc\u00e7l\u00fc bir belediyeyiz ve onun ba\u015f\u0131ndaki belediye ba\u015fkan\u0131, sizin ad\u0131n\u0131za sapasa\u011flam orada g\u00f6revini yapmaya devam edecek. Bizler, b\u00f6yle bir kente hizmet etmekten gurur duyuyoruz. Belediye, sizin kalbinize girmek i\u00e7in var. Belediye sizin her \u015feyiniz, aileniz. Sak\u0131n ola ki, bizi ailenin d\u0131\u015f\u0131nda biri olarak g\u00f6rmeyin. Kendinizi, bize yak\u0131n g\u00f6r\u00fcn&#8221; diye konu\u015ftu.                                                                                                                      <\/p>\n<p> &#8220;Bir\u00e7ok zorlukla kar\u015f\u0131la\u015fsak da hizmetlerimizi gerekti\u011fi gibi yap\u0131yoruz&#8221;<br \/>\nMersin&#8217;in ve t\u00fcm T\u00fcrkiye&#8217;nin daha iyi noktalara gelebilmesi i\u00e7in \u00e7ok \u00e7al\u0131\u015f\u0131lmas\u0131 gerekti\u011fini vurgulayan Ba\u015fkan Se\u00e7er, &#8220;Mersin&#8217;in daha iyi noktalara gelmesi i\u00e7in, \u00e7ok daha fazla \u00e7al\u0131\u015fmam\u0131z laz\u0131m. 81 vilayette hizmet eden insanlar\u0131n, halka hizmet eden insanlar\u0131n bu anlay\u0131\u015f i\u00e7erisinde olmas\u0131 laz\u0131m. Bizim belediyelerimiz t\u00fcm T\u00fcrkiye&#8217;de \u00e7al\u0131\u015f\u0131yor. Bir\u00e7ok zorlukla kar\u015f\u0131la\u015fsak da, hizmetlerimizi gerekti\u011fi gibi yap\u0131yoruz. Ayn\u0131 \u015fekilde \u00e7al\u0131\u015fmaya da devam edece\u011fiz&#8221; dedi.<br \/>\nKent genelindeki muhtarlarla oldu\u011fu gibi, Erdemli&#8217;ye ba\u011fl\u0131 mahallelerin muhtarlar\u0131yla da ileti\u015fimlerinin son derece iyi oldu\u011funu aktaran Ba\u015fkan Se\u00e7er, muhtarlar\u0131n B\u00fcy\u00fck\u015fehir Belediyesi&#8217;nde her zaman taleplerini dinleyecek yetkili bulabildi\u011fini ifade ederek, &#8220;Muhtar; vatanda\u015f ve belediye aras\u0131nda bir k\u00f6pr\u00fcd\u00fcr. Muhtar ne kadar ba\u015far\u0131l\u0131 ise, hizmetler de o kadar iyi gelir. Bu sayede biz de ba\u015far\u0131l\u0131 oluruz&#8221; dedi.<br \/>\n&#8220;Mersin B\u00fcy\u00fck\u015fehir Belediyesi d\u00fczl\u00fc\u011fe \u00e7\u0131kt\u0131&#8221;<br \/>\nMersin B\u00fcy\u00fck\u015fehir Belediyesi&#8217;nin her anlamda g\u00fc\u00e7l\u00fc oldu\u011funu ifade eden Ba\u015fkan Se\u00e7er, &#8220;Mersin B\u00fcy\u00fck\u015fehir Belediyesi&#8217;ni devrald\u0131\u011f\u0131m\u0131z g\u00fcnden bug\u00fcne \u00e7ok \u015fey de\u011fi\u015fti. Her \u015feyden \u00f6nce Mersin B\u00fcy\u00fck\u015fehir Belediyesi&#8217;nin kasas\u0131 ve muhasebesi art\u0131k daha d\u00fczenli. Paray\u0131 kontroll\u00fc harc\u0131yoruz. Bir taraftan geriden gelen 3 milyar liral\u0131k borcu \u00f6derken, di\u011fer taraftan 3 y\u0131ld\u0131r \u00f6nemli hizmetler yap\u0131yoruz. \u015eu anda T\u00fcrkiye&#8217;deki belediyeler i\u00e7erisinde mali disiplinini sa\u011flam\u0131\u015f, kendi ko\u015fullar\u0131na g\u00f6re en takdire \u015fayan belediyelerden biridir Mersin B\u00fcy\u00fck\u015fehir Belediyesi&#8221; dedi.<br \/>\nBir belediye ba\u015fkan\u0131n\u0131n paray\u0131 israf etmeden kulland\u0131\u011f\u0131 taktirde, s\u0131k\u0131nt\u0131s\u0131z hizmet yapabilece\u011fini vurgulayan Ba\u015fkan Se\u00e7er, &#8220;\u00c7almazsan, \u00e7ald\u0131rmazsan bir de israf etmezsen, bir s\u00fcre sonra d\u00fcze \u00e7\u0131kars\u0131n. \u00c7ok \u015f\u00fck\u00fcr 3 y\u0131l ge\u00e7ti. \u015eu anda Mersin B\u00fcy\u00fck\u015fehir Belediyesi d\u00fczl\u00fc\u011fe \u00e7\u0131kt\u0131. Kimseye de muhta\u00e7 de\u011filiz. Bir\u00e7ok belediye s\u0131k\u0131nt\u0131 ya\u015f\u0131yor, ama Mersin B\u00fcy\u00fck\u015fehir Belediyesi&#8217;nin programlar\u0131 t\u0131k\u0131r t\u0131k\u0131r i\u015fliyor. Demek ki ak\u0131lc\u0131 y\u00f6netim, ak\u0131ll\u0131 y\u00f6netim, israf etmeden y\u00f6netim i\u015fi \u00e7\u00f6z\u00fcyor&#8221; ifadelerini kulland\u0131.<br \/>\n&#8220;Mergin K\u00f6pr\u00fcs\u00fc&#8217;ne bir \u015fark\u0131 yapmak laz\u0131m. 50 y\u0131ld\u0131r hikaye olmu\u015f&#8221;<br \/>\nB\u00fcy\u00fck\u015fehir Belediyesi taraf\u0131ndan Erdemli&#8217;ye yap\u0131lan hizmetleri anlatan Ba\u015fkan Se\u00e7er, b\u00f6lge halk\u0131n\u0131n y\u0131llard\u0131r \u00e7ilesi haline gelen Mergin K\u00f6pr\u00fcs\u00fc&#8217;n\u00fc bitirdiklerini ifade ederek, &#8220;Asl\u0131nda Mergin K\u00f6pr\u00fcs\u00fc&#8217;ne bir \u015fark\u0131 yapmak laz\u0131m. 50 y\u0131ld\u0131r hikaye olmu\u015f. Se\u00e7im \u00f6ncesi muhtarlarla yapt\u0131\u011f\u0131m toplant\u0131da, herkes Mergin K\u00f6pr\u00fcs\u00fc&#8217;n\u00fcn durumunu aktard\u0131. G\u00f6reve geldikten sonra, b\u00fct\u00fcn \u00fcreticilerin kulland\u0131\u011f\u0131 bu k\u00f6pr\u00fcyle ilgili s\u0131k\u0131nt\u0131y\u0131 \u00e7\u00f6zd\u00fck ve bitirdik. B\u00f6ylece bu b\u00f6lgedeki \u00fcreticilerin 50 y\u0131ll\u0131k hayalini ger\u00e7ekle\u015ftirdik. Ayr\u0131ca 13 y\u0131ld\u0131r bitirilemeyen Erdemli Hali&#8217;ni de, \u00e7ok k\u0131sa s\u00fcre i\u00e7erisinde tamamlayaca\u011f\u0131z&#8221; diye konu\u015ftu.<br \/>\n&#8220;Bu b\u00f6lgede vatanda\u015flar\u0131m\u0131z suyu y\u00fczde 75 indirimli kullan\u0131yor&#8221;<br \/>\nSulama suyunun tonunu 6 liraya kulland\u0131\u011f\u0131n\u0131 s\u00f6yleyen bir vatanda\u015fa cevaben Ba\u015fkan Se\u00e7er, &#8220;Sulama suyu bize ait de\u011fil. \u0130\u00e7me suyu \u00fccreti konusunda ise Arslanl\u0131, Ayd\u0131nlar, G\u00fczeloluk, G\u00fcneyli ve Evdilek gibi yerle\u015fim b\u00f6lgelerinde ya\u015fayan vatanda\u015flar\u0131m\u0131z, merkezdeki vatanda\u015flar\u0131m\u0131za g\u00f6re suyu y\u00fczde 75 indirimli kullan\u0131yorlar. MESK\u0130, her noktaya temiz i\u00e7me suyu g\u00f6t\u00fcrmek i\u00e7in m\u00fccadele ediyor. MESK\u0130, T\u00fcrkiye&#8217;de Sular \u0130daresi i\u00e7erisinde ger\u00e7ekten \u00f6rnek kurumlardan biri&#8221; dedi.<br \/>\nVatanda\u015flar\u0131n mezarl\u0131klarla ilgili taleplerini de de\u011ferlendiren Ba\u015fkan Se\u00e7er, &#8220;Mezarl\u0131k konusu, 2022 y\u0131l\u0131nda yap\u0131lacak i\u015f kapsam\u0131nda \u00f6ne al\u0131nd\u0131. Bu y\u0131l i\u00e7erisinde Erdemli b\u00f6lgesinde 60 mahallemizdeki mezarl\u0131klar\u0131n \u00e7evre \u00e7iti, musalla ta\u015f\u0131, sundurma gibi ihtiya\u00e7lar\u0131n\u0131 tamamlayaca\u011f\u0131z&#8221; ifadelerine yer verdi.<br \/>\n&#8220;Her belediye kendi g\u00f6revini hakk\u0131yla yapacak&#8221;<br \/>\nVatanda\u015flar\u0131n yolla ilgili taleplerini de dinleyen Ba\u015fkan Se\u00e7er, kendilerine ait olmayan yol a\u011f\u0131na m\u00fcdahale edemeyeceklerini ifade etti. Bu konuda il\u00e7e belediyelerini g\u00f6reve davet eden Ba\u015fkan Se\u00e7er, &#8220;Herkes g\u00f6revini yapacak. \u0130l\u00e7e belediyesi buradaki sorunu g\u00f6recek ve gere\u011fini yapacak. Tarsus&#8217;taki de \u00f6yle, Anamur&#8217;daki de \u00f6yle, Ayd\u0131nc\u0131k&#8217;taki de \u00f6yle. Yani CHP&#8217;lisi de, AK Partilisi&#8217; de, MHP&#8217;lisi de \u00f6yle. B\u00fct\u00fcn belediye ba\u015fkanlar\u0131, kendi sorumluluk alanlar\u0131yla ilgili g\u00f6revlerini hakk\u0131yla yapacak&#8221; diye konu\u015ftu.<br \/>\n\u0130l\u00e7e belediye ba\u015fkanlar\u0131na seslenen Ba\u015fkan Se\u00e7er, sorumluluk alanlar\u0131 konusunda vatanda\u015f\u0131n do\u011fru bilgilendirilmesi gerekti\u011fini de vurgulad\u0131. Se\u00e7er, \u015funlar\u0131 s\u00f6yledi: &#8220;Buradan b\u00fct\u00fcn il\u00e7e belediye ba\u015fkanlar\u0131na sesleniyorum; b\u00fcrokratlar\u0131m\u0131z kendi g\u00f6rev alanlar\u0131nda g\u00f6revlerini hakk\u0131yla yaps\u0131n. Ben kendi b\u00fcrokratlar\u0131m\u0131 uyar\u0131yorum. Benim hi\u00e7bir b\u00fcrokrat\u0131m kendi g\u00f6rev alan\u0131m\u0131zla ilgili yalan s\u00f6yleyip de &#8216;buras\u0131 il\u00e7enin&#8217; diyemez. Dedi\u011fi anda tespit eder, g\u00f6revine son veririm. \u0130l\u00e7e belediye ba\u015fkanlar\u0131 da benim g\u00f6sterdi\u011fim hassasiyeti g\u00f6stersin ki, halk ma\u011fduriyet ya\u015famas\u0131n. Ben arkada\u015flar\u0131ma talimat verdim. Zaten bize ait olan grup yollar\u0131 yap\u0131l\u0131yor. K\u00f6y merkezinde \u00e7ok elzem olan, bizi de fazla yormayacak yerleri de -g\u00f6revim olmad\u0131\u011f\u0131 halde- vatanda\u015f\u0131m\u0131z ma\u011fduriyet ya\u015famay\u0131n diye yapabilirim. Fakat il\u00e7e belediyeleri, kendi g\u00f6rev alanlar\u0131yla ilgili vatanda\u015fa yanl\u0131\u015f bilgi vermesin.&#8221;<br \/>\nEvdilek&#8217;te Y\u00f6r\u00fckler Ba\u015fkan Se\u00e7er&#8217;i co\u015fkuyla kar\u015f\u0131lad\u0131<br \/>\nBa\u015fkan Se\u00e7er, Erdemli ziyaretinin son durak noktas\u0131 olan Evdilek&#8217;e varmadan \u00f6nce bir ailenin Y\u00f6r\u00fck \u00e7ad\u0131r\u0131na u\u011frad\u0131. Ba\u015fkan Se\u00e7er, Evdilek&#8217;te y\u00f6reye \u00f6zg\u00fc halk dans\u0131 ile kar\u015f\u0131land\u0131. Y\u00f6r\u00fcklerin her zaman yan\u0131nda olmaya devam edece\u011fini s\u00f6yleyen Ba\u015fkan Se\u00e7er, Y\u00f6r\u00fck kad\u0131nlar\u0131n\u0131n ta\u015f\u0131 s\u0131ksa, suyunu \u00e7\u0131karacak kadar \u00e7al\u0131\u015fkan ve azimli oldu\u011funu belirtti. Kad\u0131n ve Aile Hizmetleri Dairesi ile kad\u0131nlara her anlamda destek olduklar\u0131n\u0131 ifade eden Ba\u015fkan Se\u00e7er, kurulan \u00fcretici stantlar\u0131 ile de kad\u0131nlar\u0131n ekonomiye kat\u0131lmas\u0131n\u0131 sa\u011flad\u0131klar\u0131n\u0131 kaydetti.<br \/>\nG\u00f6k\u00e7el: &#8220;Ba\u015fkan\u0131m\u0131z\u0131n yapt\u0131\u011f\u0131 hizmetlerle alakal\u0131 \u00f6vg\u00fcler ald\u0131k&#8221;<br \/>\nCHP Mersin Milletvekili Cengiz G\u00f6k\u00e7el, muhtarlar\u0131n ve vatanda\u015flar\u0131n B\u00fcy\u00fck\u015fehir Belediyesi&#8217;nin hizmetlerinden memnun olmas\u0131ndan son derece mutluluk duyduklar\u0131n\u0131 ifade ederek, &#8220;B\u00fct\u00fcn k\u00f6ylerimizde B\u00fcy\u00fck\u015fehir Belediye Ba\u015fkan\u0131m\u0131z\u0131n yapt\u0131\u011f\u0131 hizmetlerle alakal\u0131 \u00f6vg\u00fcler ald\u0131k. Bu da bizi \u00e7ok mutlu etti&#8221; diye konu\u015ftu.<br \/>\nMersin Dam\u0131zl\u0131k Koyun Ke\u00e7i Yeti\u015ftiricileri Birli\u011fi Ba\u015fkan\u0131 Mehmet Akdo\u011fan, Ba\u015fkan Se\u00e7er&#8217;in Y\u00f6r\u00fck yurdu olan b\u00f6lgelere hizmet verdi\u011fini belirterek, &#8220;B\u00fcy\u00fck\u015fehir Belediye Ba\u015fkan\u0131m\u0131zla koordineli bir \u015fekilde \u00e7al\u0131\u015f\u0131yoruz. Say\u0131n ba\u015fkan\u0131m\u0131z\u0131n kap\u0131s\u0131, g\u00f6nl\u00fc bize her zaman a\u00e7\u0131k, her istedi\u011fimizde telefonla ula\u015fabiliyoruz. \u00dcreticinin her t\u00fcrl\u00fc derdini, sorununu iletebiliyoruz. Y\u00f6r\u00fck obalar\u0131 buralar\u0131 mesken yapm\u0131\u015f. O y\u00fczden buraya hizmet \u00e7ok \u00f6nemli. Buraya yol yap\u0131lm\u0131\u015f. \u00c7ok te\u015fekk\u00fcr ederiz. Bu k\u0131rsalda, bu duman\u0131 t\u00fctt\u00fcrmeye gayret eden herkesin \u00f6n\u00fcnde sayg\u0131yla e\u011filmeye devam edece\u011fiz&#8221; dedi.<\/p>\n<p>&#8220;B\u00fcy\u00fck\u015fehir&#8217;in ba\u015far\u0131l\u0131 \u00e7al\u0131\u015fmalar\u0131ndan \u00e7ok memnunuz&#8221;<br \/>\nG\u00fczeloluk Mahallesi Muhtar\u0131 \u0130brahim Do\u011fan, k\u0131\u015f aylar\u0131nda B\u00fcy\u00fck\u015fehir Belediyesi&#8217;nin karla m\u00fccadele \u00e7al\u0131\u015fmalar\u0131 sayesinde yollar\u0131n\u0131n asla kapanmad\u0131\u011f\u0131n\u0131 ifade ederek, &#8220;Y\u00f6r\u00fcklerimizin yolu 1 saat bile kapanmad\u0131. \u0130la\u00e7lama yine \u00f6yle. Her zaman ba\u015far\u0131l\u0131 bir \u00e7al\u0131\u015fma devam ediyor. MESK\u0130 ar\u0131za ekibi ve di\u011fer arkada\u015flar\u0131m\u0131zdan da \u00e7ok memnunuz. En ufak bir ar\u0131zada, en ufak bir s\u0131k\u0131nt\u0131da hemen yeti\u015fiyorlar. Bunlar i\u00e7in sizlere te\u015fekk\u00fcr ediyorum&#8221; dedi. Akp\u0131nar Mahalle Muhtar\u0131 Mehmet Serin de, mahalle olarak ya\u015fad\u0131klar\u0131 ilkten bahsederek, &#8220;Mahallemize ilk defa B\u00fcy\u00fck\u015fehir Belediye Ba\u015fkan\u0131m\u0131z Vahap Se\u00e7er te\u015frif etti&#8221; dedi.<br \/>\nEvdilek Mahallesi Muhtar\u0131 Durhasan Eser, B\u00fcy\u00fck\u015fehir Belediyesi&#8217;nin mahallesine yapt\u0131\u011f\u0131 \u00e7al\u0131\u015fmalara, &#8220;Mahallemizde ge\u00e7en y\u0131l Uzunkuyu-Evdilek aras\u0131 malzemeli yol bak\u0131m \u00e7al\u0131\u015fmas\u0131 yap\u0131ld\u0131. B\u00fcy\u00fck\u015fehir&#8217;in uhdesinde olmamas\u0131na ra\u011fmen, Ba\u015fkan\u0131m\u0131z Vahap Se\u00e7er&#8217;in talimat\u0131yla 7 kilometre malzemeli yol bak\u0131m \u00e7al\u0131\u015fmas\u0131 yap\u0131ld\u0131. Bu y\u0131l da mahallemize asfalt \u00e7al\u0131\u015fmas\u0131 yap\u0131lmaktad\u0131r. T\u00fcm mahallemiz ad\u0131na te\u015fekk\u00fcr ederiz. Sizler, biz Y\u00f6r\u00fcklerin her zaman yan\u0131ndas\u0131n\u0131z. Sizlerle gurur duyuyoruz, iyi ki vars\u0131n\u0131z Say\u0131n Vahap Ba\u015fkan\u0131m&#8221; c\u00fcmleleri ile te\u015fekk\u00fcr etti.<br \/>\nMuhtarlardan Ba\u015fkan Se\u00e7er&#8217;e te\u015fekk\u00fcr<br \/>\n\u00c7iri\u015f Mahalle Muhtar\u0131 Necat \u015eahin, Arslanl\u0131 Mahalle Muhtar\u0131 Caner \u00dcnal, Ayd\u0131nlar Mahalle Muhtar\u0131 \u00d6mer C\u0131r\u0131k, G\u00fczeloluk Mahalle Muhtar\u0131 \u0130brahim Do\u011fan, Harfilli Mahalle Muhtar\u0131 Musa Poyraz, G\u00fcneyli Mahalle Muhtar\u0131 Halil Sapmaz, Akp\u0131nar Mahalle Muhtar\u0131 Mehmet Serin ve Evdilek Mahalle Muhtar\u0131 Durhasan Eser; mahallelerindeki ula\u015f\u0131m, MESK\u0130, yol yap\u0131m, ila\u00e7lama, evde sa\u011fl\u0131k ve bak\u0131m gibi \u00e7al\u0131\u015fmalar\u0131ndan memnun olduklar\u0131n\u0131 belirterek, Ba\u015fkan Se\u00e7er&#8217;e ayr\u0131ca te\u015fekk\u00fcr ettiler.<\/p>\n","protected":false},"excerpt":{"rendered":"<p>Mersin B\u00fcy\u00fck\u015fehir Belediye Ba\u015fkan\u0131 Vahap Se\u00e7er, Kurban Bayram\u0131&#8217;nda ba\u015flad\u0131\u011f\u0131 il\u00e7e ziyaretlerine Erdemli ile devam etti. Erdemli \u00c7iri\u015f Mahallesi ile ba\u015flad\u0131\u011f\u0131 ziyaret turunu; Arslanl\u0131, Ayd\u0131nlar, G\u00fczeloluk, Harfilli, G\u00fcneyli, Akp\u0131nar ve Evdilek &hellip; <a href=\"https:\/\/akdenizolaygazetesi.com\/?p=19826\" class=\"more-link\">Devam\u0131n\u0131 Oku&#8230;<\/a><\/p>\n","protected":false},"author":2,"featured_media":19827,"comment_status":"open","ping_status":"open","sticky":false,"template":"","format":"standard","meta":[],"categories":[1,2,3,5],"tags":[],"_links":{"self":[{"href":"https:\/\/akdenizolaygazetesi.com\/index.php?rest_route=\/wp\/v2\/posts\/19826"}],"collection":[{"href":"https:\/\/akdenizolaygazetesi.com\/index.php?rest_route=\/wp\/v2\/posts"}],"about":[{"href":"https:\/\/akdenizolaygazetesi.com\/index.php?rest_route=\/wp\/v2\/types\/post"}],"author":[{"embeddable":true,"href":"https:\/\/akdenizolaygazetesi.com\/index.php?rest_route=\/wp\/v2\/users\/2"}],"replies":[{"embeddable":true,"href":"https:\/\/akdenizolaygazetesi.com\/index.php?rest_route=%2Fwp%2Fv2%2Fcomments&post=19826"}],"version-history":[{"count":1,"href":"https:\/\/akdenizolaygazetesi.com\/index.php?rest_route=\/wp\/v2\/posts\/19826\/revisions"}],"predecessor-version":[{"id":19828,"href":"https:\/\/akdenizolaygazetesi.com\/index.php?rest_route=\/wp\/v2\/posts\/19826\/revisions\/19828"}],"wp:featuredmedia":[{"embeddable":true,"href":"https:\/\/akdenizolaygazetesi.com\/index.php?rest_route=\/wp\/v2\/media\/19827"}],"wp:attachment":[{"href":"https:\/\/akdenizolaygazetesi.com\/index.php?rest_route=%2Fwp%2Fv2%2Fmedia&parent=19826"}],"wp:term":[{"taxonomy":"category","embeddable":true,"href":"https:\/\/akdenizolaygazetesi.com\/index.php?rest_route=%2Fwp%2Fv2%2Fcategories&post=19826"},{"taxonomy":"post_tag","embeddable":true,"href":"https:\/\/akdenizolaygazetesi.com\/index.php?rest_route=%2Fwp%2Fv2%2Ftags&post=19826"}],"curies":[{"name":"wp","href":"https:\/\/api.w.org\/{rel}","templated":true}]}}