{"id":1984,"date":"2020-11-04T18:22:30","date_gmt":"2020-11-04T15:22:30","guid":{"rendered":"http:\/\/mersinekonomipolitikagazetesi.com\/?p=1984"},"modified":"2020-11-04T18:22:30","modified_gmt":"2020-11-04T15:22:30","slug":"mtosbye-yuksekokulda-sona-gelindi","status":"publish","type":"post","link":"https:\/\/akdenizolaygazetesi.com\/?p=1984","title":{"rendered":"MTOSB\u2019YE Y\u00dcKSEKOKULDA SONA GEL\u0130ND\u0130"},"content":{"rendered":"<p>Mersin\u2019de ger\u00e7ekle\u015ftirilen \u00dcniversite-Sanayici i\u015f birli\u011fi toplant\u0131s\u0131nda Mersin \u00dcniversitesi i\u015fbirli\u011finde ME\u00dc Teknik Bilimler Meslek Y\u00fcksekokulu\u2019nun bir biriminin MTOSB s\u0131n\u0131rlar\u0131 i\u00e7erisine ta\u015f\u0131nmas\u0131 ile ilgili \u00e7al\u0131\u015fmalarda sona gelindi\u011fi ifade edildi.<\/p>\n<p><br style=\"color: rgb(34, 34, 34); font-family: arial, sans-serif; font-size: 12.8px; line-height: normal;\" \/><br \/>\n<span style=\"font-size:16px;\"><span style=\"color: rgb(34, 34, 34); font-family: arial, sans-serif; line-height: normal;\">\u00dcniversite-Sanayici i\u015f birli\u011fi toplant\u0131s\u0131; Mersin Valisi Ali \u0130hsan Su ba\u015fkanl\u0131\u011f\u0131nda, Y\u00f6netim Kurulu Ba\u015fkan\u0131 Sabri Tekli, Mersin \u00dcniversitesi Rekt\u00f6r\u00fc Ahmet \u00c7amsar\u0131, Toros \u00dcniversitesi Rekt\u00f6r Vekili Haluk Korkmazy\u00fcrek, \u00c7a\u011f \u00dcniversitesi Rekt\u00f6r\u00fc \u00dcnal Ay, Mersin Ticaret ve Sanayi Odas\u0131 Ba\u015fkan\u0131 Ayhan K\u0131z\u0131ltan, Mersin Ticaret ve Sanayi Odas\u0131 Meclis Ba\u015fkan\u0131 Hamit \u0130zol, MTOSB Y\u00f6netim Kurulu \u00dcyeleri Halit Altun, Hasan Y\u0131ld\u0131r\u0131m, Veysel Memi\u015f ile \u00e7ok say\u0131da Kurum M\u00fcd\u00fcr\u00fc ve b\u00fcnyesinde Ar-Ge Merkezi ve birimi bulunan sanayicilerin kat\u0131l\u0131mlar\u0131 ile ger\u00e7ekle\u015ftirildi.<\/span><br style=\"color: rgb(34, 34, 34); font-family: arial, sans-serif; font-size: 12.8px; line-height: normal;\" \/><br \/>\n<br style=\"color: rgb(34, 34, 34); font-family: arial, sans-serif; font-size: 12.8px; line-height: normal;\" \/><br \/>\n<span style=\"color: rgb(34, 34, 34); font-family: arial, sans-serif; line-height: normal;\">Mersin Divan Otel\u2019de iftar yemekli olarak ger\u00e7ekle\u015ftirilen toplant\u0131da konu\u015fma yapan MTOSB Ba\u015fkan\u0131 Sabri Tekli: \u201cSay\u0131n Valimiz Ali \u0130hsan Su \u00f6nderli\u011finde ger\u00e7ekle\u015ftirdi\u011fimiz \u00dcniversite Sanayi \u0130\u015fbirli\u011fi toplant\u0131lar\u0131 ile Mersin ve B\u00f6lgemizin i\u00e7in k\u0131sa zaman i\u00e7erisinde bir \u00e7ok konuda mesafe kat ettik. Toplamda alt\u0131 olan Arge ve Tasar\u0131m Merkezi say\u0131s\u0131 \u015fuanda 10\u2019a y\u00fckseldi. Bir firman\u0131n ise Arge merkezi a\u00e7ma konusundaki ba\u015fvurular\u0131 tamamland\u0131 ve yak\u0131n zamanda bu firman\u0131n da faaliyete ge\u00e7mesi ile Mersin ilimiz 10 Arge Merkezi, 1 tasar\u0131m merkezine sahip olacak. \u00dcretimlerimizde inovasyon sa\u011flanmas\u0131 ve s\u00fcrekli g\u00fcncellenen teknolojiyi kar\u015f\u0131lamak i\u00e7in k\u0131sa zamanda bu say\u0131n\u0131n en az 20 olmas\u0131n\u0131 hedefliyoruz\u201d diye belirtti.<\/span><br style=\"color: rgb(34, 34, 34); font-family: arial, sans-serif; font-size: 12.8px; line-height: normal;\" \/><br \/>\n<br style=\"color: rgb(34, 34, 34); font-family: arial, sans-serif; font-size: 12.8px; line-height: normal;\" \/><br \/>\n<span style=\"color: rgb(34, 34, 34); font-family: arial, sans-serif; line-height: normal;\">\u2018TE\u015eV\u0130KLER C\u0130DD\u0130 BOYUTTA\u2019<\/span><br style=\"color: rgb(34, 34, 34); font-family: arial, sans-serif; font-size: 12.8px; line-height: normal;\" \/><br \/>\n<br style=\"color: rgb(34, 34, 34); font-family: arial, sans-serif; font-size: 12.8px; line-height: normal;\" \/><br \/>\n<span style=\"color: rgb(34, 34, 34); font-family: arial, sans-serif; line-height: normal;\">MTOSB sanayicisinin yat\u0131r\u0131m ve \u00fcretim yapma heyecan\u0131n\u0131n mevcut oldu\u011funu belirten Ba\u015fkan Sabri Tekli: \u201cDevletimizin sanayiye y\u00f6nelik te\u015fvikleri ciddi boyutlarda oldu\u011fu kadar sanayicimizin de yat\u0131r\u0131m ve \u00fcretime i\u015ftah\u0131 bir o kadar mevcut. Ne olursa olsun \u00fcretme azminde ve gayretinde olan bir sanayiciye sahibiz. \u00dcretimde iyi bir noktaday\u0131z ve halen b\u00f6lgemize yat\u0131r\u0131m yapmak isteyen 208 sanayicimiz var. Her bir sanayicimizin \u00fclkemize yapt\u0131\u011f\u0131 katk\u0131lar i\u00e7in onlara te\u015fekk\u00fcr ediyorum.\u201d dedi.<\/span><br style=\"color: rgb(34, 34, 34); font-family: arial, sans-serif; font-size: 12.8px; line-height: normal;\" \/><br \/>\n<br style=\"color: rgb(34, 34, 34); font-family: arial, sans-serif; font-size: 12.8px; line-height: normal;\" \/><br \/>\n<span style=\"color: rgb(34, 34, 34); font-family: arial, sans-serif; line-height: normal;\">MTOSB\u2019YE Y\u00dcKSEKOKUL KURULMASI<\/span><br style=\"color: rgb(34, 34, 34); font-family: arial, sans-serif; font-size: 12.8px; line-height: normal;\" \/><br \/>\n<br style=\"color: rgb(34, 34, 34); font-family: arial, sans-serif; font-size: 12.8px; line-height: normal;\" \/><br \/>\n<span style=\"color: rgb(34, 34, 34); font-family: arial, sans-serif; line-height: normal;\">Tekli: \u201c\u00d6zel \u015ei\u015fecam Mesleki ve Teknik Anadolu Lisesi b\u00f6lgemizde e\u011fitime, \u00f6\u011fretime t\u00fcm h\u0131z\u0131yla devam ediyor. Buradan e\u011fitim g\u00f6ren \u00f6\u011frencilerimiz mezun olmadan i\u015f teklifleri al\u0131yorlar. Sanayimizdeki fabrikalar\u0131m\u0131zda 2 y\u0131l s\u00fcresince staj yapan gen\u00e7lerimiz okuduklar\u0131 bran\u015flardaki uygulamalar\u0131 yak\u0131ndan takip etmesi ve okulumuzda g\u00f6rd\u00fc\u011f\u00fc e\u011fitimle birle\u015ftirerek nitelik kazan\u0131yorlar. B\u00f6lgemizde kurulacak y\u00fcksekokul i\u00e7inde planlar\u0131m\u0131z bu y\u00f6nde. Buradaki amac\u0131m\u0131z Aranan personel yeti\u015ftirmek ve b\u00f6lgemizde olu\u015fan nitelikli eleman aray\u0131\u015f\u0131na cevap verebilmektir.\u201d diye ifade etti.<\/span><br style=\"color: rgb(34, 34, 34); font-family: arial, sans-serif; font-size: 12.8px; line-height: normal;\" \/><br \/>\n<br style=\"color: rgb(34, 34, 34); font-family: arial, sans-serif; font-size: 12.8px; line-height: normal;\" \/><br \/>\n<span style=\"color: rgb(34, 34, 34); font-family: arial, sans-serif; line-height: normal;\">Yat\u0131r\u0131m yapan ve \u00fcretme azmi ve heyecan\u0131n\u0131 ta\u015f\u0131yan MTOSB sanayicilerine te\u015fekk\u00fcrlerini ifade eden Sabri Tekli: \u201c\u00dcniversitelerimiz ile yapt\u0131\u011f\u0131m\u0131z i\u015fbirli\u011finin devam ederek artmas\u0131 bizler i\u00e7in \u00e7ok \u00f6nemli. Bu birlikteli\u011fin sanayimizin geli\u015fimine de yans\u0131yaca\u011f\u0131na inanc\u0131m tamd\u0131r. Akademisyenlerimizin fikirlerine ve projelerine ihtiyac\u0131m\u0131z var, sanayicimizin \u00fcretme ve yat\u0131r\u0131m yapma azmi ile birlikte ilimiz hakketti\u011fi konuma ula\u015faca\u011f\u0131na inanc\u0131m tamd\u0131r. \u00dclkemiz ve ilimiz i\u00e7in yat\u0131r\u0131m ve \u00fcretim yapan istihdam sa\u011flayan sanayicilerimize \u015f\u00fckranlar\u0131m\u0131 sunar\u0131m\u201d diye s\u00f6zlerini noktalad\u0131.<\/span><br style=\"color: rgb(34, 34, 34); font-family: arial, sans-serif; font-size: 12.8px; line-height: normal;\" \/><br \/>\n<br style=\"color: rgb(34, 34, 34); font-family: arial, sans-serif; font-size: 12.8px; line-height: normal;\" \/><br \/>\n<span style=\"color: rgb(34, 34, 34); font-family: arial, sans-serif; line-height: normal;\">\u00c7AMSARI: Y\u00dcKSEKOKULDA SONA GEL\u0130ND\u0130<\/span><br style=\"color: rgb(34, 34, 34); font-family: arial, sans-serif; font-size: 12.8px; line-height: normal;\" \/><br \/>\n<br style=\"color: rgb(34, 34, 34); font-family: arial, sans-serif; font-size: 12.8px; line-height: normal;\" \/><br \/>\n<span style=\"color: rgb(34, 34, 34); font-family: arial, sans-serif; line-height: normal;\">Toplant\u0131da konu\u015fan Mersin \u00dcniversitesi Rekt\u00f6r\u00fc Ahmet \u00c7amsar\u0131 \u201cSay\u0131n Valimizin yol g\u00f6stericili\u011fi ile \u00dcniversite Sanayi \u0130\u015fbirli\u011fi toplant\u0131lar\u0131ndan ciddi sonu\u00e7lar elde ettik. MTOSB\u2019de kurulmas\u0131 planlanan y\u00fcksekokulun \u00e7al\u0131\u015fmalar\u0131ndaki teknik ayr\u0131nt\u0131lar\u0131 tamamlamak \u00fczereyiz ve sanayimiz i\u00e7in yapt\u0131klar\u0131m\u0131z\u0131n hen\u00fcz ba\u015f\u0131nda oldu\u011fumuza inan\u0131yorum. OSB i\u00e7erisinde ME\u00dc\u2019ne ba\u011fl\u0131 ME\u00dc Teknik Bilimler Meslek Y\u00fcksekokulu\u2019ndaki baz\u0131 programlar, ilk etapta Makine ve Metal Teknolojileri B\u00f6l\u00fcm\u00fc, Makine Program\u0131 ve Elektronik ve Otomasyon B\u00f6l\u00fcm\u00fc Kontrol ve Otomasyon Programlar\u0131 pilot olarak uygulanacak. \u00d6\u011frencilerimiz \u00f6zellikle uygulama derslerini OSB\u2019de yeni kurulan birimde veya i\u015fyerlerinde yapacaklar. Bu anlamda yapt\u0131\u011f\u0131m\u0131z \u00e7al\u0131\u015fmalarda sona gelindi. Say\u0131n Valimizin destekleri ve MTOSB i\u015fbirli\u011fi ile bir \u00e7ok projeyi daha hayata ge\u00e7irece\u011fimize inan\u0131yorum. MTOSB ile ger\u00e7ekle\u015ftirdi\u011fimiz bu \u00e7al\u0131\u015fmalardaki destekleri sebebiyle Say\u0131n Valimiz Ali \u0130hsan Su\u2019ya ve MTOSB Y\u00f6netim Kurulu Ba\u015fkan\u0131 Sabri Tekli nezdinde sanayicilerimize te\u015fekk\u00fcr ediyorum\u201d diyerek s\u00f6zlerini noktalad\u0131.<\/span><br style=\"color: rgb(34, 34, 34); font-family: arial, sans-serif; font-size: 12.8px; line-height: normal;\" \/><br \/>\n<br style=\"color: rgb(34, 34, 34); font-family: arial, sans-serif; font-size: 12.8px; line-height: normal;\" \/><br \/>\n<span style=\"color: rgb(34, 34, 34); font-family: arial, sans-serif; line-height: normal;\">VAL\u0130 SU: SONU\u00c7LAR MEMNUN\u0130YET VER\u0130C\u0130<\/span><br style=\"color: rgb(34, 34, 34); font-family: arial, sans-serif; font-size: 12.8px; line-height: normal;\" \/><br \/>\n<br style=\"color: rgb(34, 34, 34); font-family: arial, sans-serif; font-size: 12.8px; line-height: normal;\" \/><br \/>\n<span style=\"color: rgb(34, 34, 34); font-family: arial, sans-serif; line-height: normal;\">\u00dcniversite Sanayi i\u015fbirli\u011fi toplant\u0131lar\u0131nda g\u00f6r\u00fc\u015f\u00fclen konular\u0131n sonu\u00e7lar\u0131na h\u0131zl\u0131 bir \u015fekilde ula\u015f\u0131lmas\u0131ndan duydu\u011fu memnuniyeti belirten Mersin Valisi Ali \u0130hsan Su ise: \u201cSanayicilerimizin, \u00dcniversitelerimizin ve Kurumlar\u0131m\u0131z\u0131n birlikteli\u011fi ile ger\u00e7ekle\u015ftirilen bu \u00e7al\u0131\u015fmalardan dolay\u0131 \u00e7ok memnunum. K\u0131sa s\u00fcre zarf\u0131nda ger\u00e7ekle\u015ftirilen bu toplant\u0131larda ald\u0131\u011f\u0131m\u0131z sonu\u00e7lar ilimiz ad\u0131na \u00e7ok sevindirici buluyorum.\u201d dedi.<\/span><br style=\"color: rgb(34, 34, 34); font-family: arial, sans-serif; font-size: 12.8px; line-height: normal;\" \/><br \/>\n<br style=\"color: rgb(34, 34, 34); font-family: arial, sans-serif; font-size: 12.8px; line-height: normal;\" \/><br \/>\n<span style=\"color: rgb(34, 34, 34); font-family: arial, sans-serif; line-height: normal;\">Vali Ali \u0130hsan Su: \u201cOSB i\u00e7erisinde yer alan firmalar\u0131n Ar-Ge talep ve ihtiya\u00e7lar\u0131 do\u011frultusunda \u00fcniversite akademik personeli ile grup \u00e7al\u0131\u015fmalar\u0131 d\u00fczenlenmesi amac\u0131yla a\u00e7\u0131lan MTOSB k\u00fcrs\u00fcs\u00fc ile\u00a0 sanayicinin \u00fcretiminin, akademik \u00e7al\u0131\u015fmalarla daha fazla de\u011fer kazanaca\u011f\u0131na inan\u0131yorum. Bunun yan\u0131 s\u0131ra Elektrik- Elektronik ve Makine Teknolojileri b\u00f6l\u00fcmlerinin a\u00e7\u0131laca\u011f\u0131 ve MTOSB\u2019de kurulmas\u0131 planlanan y\u00fcksekokul i\u00e7in ilerlemelerden memnuniyet duyuyorum. \u0130stihdam\u0131 artt\u0131rmaya y\u00f6nelik yap\u0131lan bu \u00e7al\u0131\u015fmalarda, MTOSB\u2019de faaliyet g\u00f6steren \u00d6zel \u015ei\u015fecam Mesleki ve Teknik Anadolu Lisesi\u2019nde oldu\u011fu gibi y\u00fcksekokuldaki \u00f6\u011frencilerimizin de mezun olmadan \u00f6nce i\u015flerinin haz\u0131r olaca\u011f\u0131 ve nitelikli istihdama katk\u0131 sa\u011flayaca\u011f\u0131 i\u00e7in bu\u00a0<\/span><span style=\"color: rgb(34, 34, 34); font-family: arial, sans-serif; line-height: normal;\">\u00e7al\u0131\u015fmalar\u0131 \u00f6nemsiyorum.\u201d diye s\u00f6zlerini noktalad\u0131.<\/span><\/span><\/p>\n","protected":false},"excerpt":{"rendered":"<p>Mersin\u2019de ger\u00e7ekle\u015ftirilen \u00dcniversite-Sanayici i\u015f birli\u011fi toplant\u0131s\u0131nda Mersin \u00dcniversitesi i\u015fbirli\u011finde ME\u00dc Teknik Bilimler Meslek Y\u00fcksekokulu\u2019nun bir biriminin MTOSB s\u0131n\u0131rlar\u0131 i\u00e7erisine ta\u015f\u0131nmas\u0131 ile ilgili \u00e7al\u0131\u015fmalarda sona gelindi\u011fi ifade edildi. \u00dcniversite-Sanayici i\u015f birli\u011fi &hellip; <a href=\"https:\/\/akdenizolaygazetesi.com\/?p=1984\" class=\"more-link\">Devam\u0131n\u0131 Oku&#8230;<\/a><\/p>\n","protected":false},"author":1,"featured_media":0,"comment_status":"open","ping_status":"open","sticky":false,"template":"","format":"standard","meta":[],"categories":[],"tags":[],"_links":{"self":[{"href":"https:\/\/akdenizolaygazetesi.com\/index.php?rest_route=\/wp\/v2\/posts\/1984"}],"collection":[{"href":"https:\/\/akdenizolaygazetesi.com\/index.php?rest_route=\/wp\/v2\/posts"}],"about":[{"href":"https:\/\/akdenizolaygazetesi.com\/index.php?rest_route=\/wp\/v2\/types\/post"}],"author":[{"embeddable":true,"href":"https:\/\/akdenizolaygazetesi.com\/index.php?rest_route=\/wp\/v2\/users\/1"}],"replies":[{"embeddable":true,"href":"https:\/\/akdenizolaygazetesi.com\/index.php?rest_route=%2Fwp%2Fv2%2Fcomments&post=1984"}],"version-history":[{"count":0,"href":"https:\/\/akdenizolaygazetesi.com\/index.php?rest_route=\/wp\/v2\/posts\/1984\/revisions"}],"wp:attachment":[{"href":"https:\/\/akdenizolaygazetesi.com\/index.php?rest_route=%2Fwp%2Fv2%2Fmedia&parent=1984"}],"wp:term":[{"taxonomy":"category","embeddable":true,"href":"https:\/\/akdenizolaygazetesi.com\/index.php?rest_route=%2Fwp%2Fv2%2Fcategories&post=1984"},{"taxonomy":"post_tag","embeddable":true,"href":"https:\/\/akdenizolaygazetesi.com\/index.php?rest_route=%2Fwp%2Fv2%2Ftags&post=1984"}],"curies":[{"name":"wp","href":"https:\/\/api.w.org\/{rel}","templated":true}]}}