{"id":19840,"date":"2022-07-16T16:39:40","date_gmt":"2022-07-16T13:39:40","guid":{"rendered":"http:\/\/akdenizolaygazetesi.com\/?p=19840"},"modified":"2022-07-16T16:39:40","modified_gmt":"2022-07-16T13:39:40","slug":"buyuksehir-belediyesi-cosku-ve-eglenceyi-her-noktaya-tasiyor","status":"publish","type":"post","link":"https:\/\/akdenizolaygazetesi.com\/?p=19840","title":{"rendered":"B\u00dcY\u00dcK\u015eEH\u0130R BELED\u0130YES\u0130, CO\u015eKU VE E\u011eLENCEY\u0130 HER NOKTAYA TA\u015eIYOR"},"content":{"rendered":"<p>Mersin B\u00fcy\u00fck\u015fehir Belediyesi&#8217;nin ger\u00e7ekle\u015ftirdi\u011fi etkinlikler, h\u0131z kesmeden s\u00fcr\u00fcyor. B\u00fcy\u00fck\u015fehir Belediyesi&#8217;nin \u00f6nc\u00fcl\u00fc\u011f\u00fcnde, Tarsus&#8217;a De\u011fer Katanlar Kurulu&#8217;nun (TADEKA) destekledi\u011fi &#8220;K\u00f6y Bizim \u015eenlik Bizim&#8221; etkinlikleri Tarsus ve \u00c7aml\u0131yayla&#8217;daki programlarla devam etti.<\/p>\n<p>Dans g\u00f6sterisinden \u00e7\u00f6mlek at\u00f6lyesine, y\u00fcz boyamadan sosis balon \u015fova, Hacivat-Karag\u00f6z g\u00f6steriminden orta oyununa, halat \u00e7ekmeden \u00e7uval yar\u0131\u015f\u0131na kadar pek \u00e7ok aktivitenin yer ald\u0131\u011f\u0131 etkinlikler, \u00e7ocuklara unutamayacaklar\u0131 anlar ya\u015fat\u0131rken, b\u00fcy\u00fcklerin de olduk\u00e7a ho\u015funa gidiyor.<\/p>\n<p>Sebil&#8217;de okul bah\u00e7esinde ger\u00e7ekle\u015ftirildi<\/p>\n<p>Yayla turizmi a\u00e7\u0131s\u0131ndan b\u00f6lgenin \u00f6nemli u\u011frak noktalar\u0131ndan olan \u00c7aml\u0131yayla&#8217;n\u0131n Sebil Mahallesi&#8217;nde okul bah\u00e7esinde d\u00fczenlenen &#8220;K\u00f6y Bizim \u015eenlik Bizim&#8221; program\u0131, renkli g\u00f6r\u00fcnt\u00fclere sahne oldu. Sebil sakinlerinin yan\u0131 s\u0131ra yaylac\u0131lar\u0131n da ilgi g\u00f6sterdi\u011fi programda, \u00e7ocuklara \u00e7e\u015fitli hediyelerle birlikte limon dondurma ikram\u0131 da yap\u0131ld\u0131. Etkinlikte, TADEKA Plastik Sanatlar Kurulu sanat\u00e7\u0131lar\u0131ndan L\u00fctfi Haso\u011flu&#8217;nun haz\u0131rlad\u0131\u011f\u0131 resim sergisi de yer ald\u0131. Programda konu\u015fma yapan Sebil Mahallesi Muhtar\u0131 Co\u015fkun K\u00fc\u00e7\u00fck, &#8220;Program\u0131 d\u00fczenleyen Mersin B\u00fcy\u00fck\u015fehir Belediye Ba\u015fkan\u0131m\u0131z Vahap Se\u00e7er&#8217;e ve buradaki \u00e7al\u0131\u015fan arkada\u015flar\u0131n hepsine \u00e7ok te\u015fekk\u00fcr ediyorum&#8221; dedi.<\/p>\n<p>&#8220;\u00c7ocuklar\u0131n ve yeti\u015fkinlerin de e\u011flendi\u011fi bir etkinlik&#8221;<\/p>\n<p>S\u0131cak yaz aylar\u0131n\u0131 Sebil&#8217;de ge\u00e7iren yaylac\u0131lardan Fato\u015f Seriner &#8220;Mersin B\u00fcy\u00fck\u015fehir Belediyesi&#8217;nin d\u00fczenlemi\u015f oldu\u011fu bu etkinlikten dolay\u0131 Ba\u015fkan Vahap Se\u00e7er&#8217;e te\u015fekk\u00fcr ediyorum. Etkinlikte \u00e7ocuklar\u0131m\u0131z da, yeti\u015fkinler de g\u00f6n\u00fcllerince e\u011flendi&#8221; ifadelerini kulland\u0131.<\/p>\n<p>&#8220;\u00c7ok te\u015fekk\u00fcrler Vahap Amcam\u0131za&#8221;<\/p>\n<p>\u015eenlik program\u0131nda arkada\u015flar\u0131yla g\u00fczel vakit ge\u00e7irdi\u011fi i\u00e7in mutlu olan G\u00fclten Ery\u0131lmaz da, &#8220;\u00c7ok mutluyum. Ba\u015fkan\u0131m\u0131za \u00e7ok te\u015fekk\u00fcrler. Oyunlar oynat\u0131yor, y\u00fcz\u00fcm\u00fcz\u00fc boyatt\u0131, \u00e7\u00f6mlek falan yapt\u0131rd\u0131. \u00c7ok te\u015fekk\u00fcrler Vahap Amcam\u0131za&#8221; dedi.<\/p>\n<p>G\u00fclek&#8217;te kortej y\u00fcr\u00fcy\u00fc\u015f\u00fcyle ba\u015flad\u0131<\/p>\n<p>Tarsus&#8217;a ba\u011fl\u0131 olan ve yine yaylal\u0131k yerle\u015fim yerlerinden G\u00fclek&#8217;te ise \u015fenlik, kortej y\u00fcr\u00fcy\u00fc\u015f\u00fc ile ba\u015flad\u0131. G\u00fclek merkezde ger\u00e7ekle\u015fen programa mahalle sakinlerinin yan\u0131 s\u0131ra, yaylac\u0131lar da yo\u011fun ilgi g\u00f6sterdiler. T\u00fcm etkinlik programlar\u0131 e\u011flence i\u00e7erisinde ge\u00e7ti. \u00c7ocuklar, etkinlik ekibinde yer alan Pamuk Prenses, palya\u00e7o ve di\u011fer karakterlerle oyunlar oynad\u0131lar.<\/p>\n<p>&#8220;Belediye Ba\u015fkan\u0131m\u0131zdan olduk\u00e7a memnunuz&#8221;<\/p>\n<p>Serin havas\u0131 i\u00e7in G\u00fclek&#8217;e giden yaylac\u0131lardan Hacer Toros &#8220;Etkinlikten memnun olduk. Her zaman devam\u0131n\u0131 da bekliyoruz. Zaten Belediye Ba\u015fkan\u0131m\u0131zdan olduk\u00e7a memnunuz. Sevdi\u011fimiz bir Ba\u015fkan. \u00c7al\u0131\u015fmalar\u0131ndan da memnunuz, izliyoruz ve takip ediyoruz&#8221; \u015feklinde konu\u015ftu.<\/p>\n<p>&#8220;Dondurman\u0131n tad\u0131 da \u00e7ok g\u00fczel&#8221;<\/p>\n<p>Hem etkinli\u011fi, hem de dondurmay\u0131 olduk\u00e7a be\u011fendi\u011fini s\u00f6yleyen \u00e7ocuklardan Toprak Akku\u015f, &#8220;Buradaki t\u00fcm etkinlikleri d\u00fczenledi\u011fi i\u00e7in, Vahap Amcaya \u00e7ok te\u015fekk\u00fcr ediyorum. Ayr\u0131ca dondurman\u0131n da tad\u0131 \u00e7ok g\u00fczel. \u00c7ok e\u011flendik bug\u00fcn&#8221; dedi.<\/p>\n<p>G\u00fclek Mahallesi Muhtar\u0131 Tuncay Seyrek etkinlikte yapt\u0131\u011f\u0131 konu\u015fmada, &#8220;B\u00f6yle bir program\u0131 yapt\u0131klar\u0131 i\u00e7in, Mersin B\u00fcy\u00fck\u015fehir Belediye Ba\u015fkan\u0131m\u0131z Vahap Se\u00e7er&#8217;e te\u015fekk\u00fcr ediyorum, sayg\u0131lar sunuyorum&#8221; diye konu\u015ftu.<\/p>\n<p> &#8220;Her k\u00f6y bizim k\u00f6y\u00fcm\u00fczd\u00fcr&#8221; slogan\u0131yla d\u00fczenlenen etkinliklerin Sebil ve G\u00fclek Mahallesi b\u00f6l\u00fcmlerine CHP Tarsus \u0130l\u00e7e Ba\u015fkan\u0131 Av. Ozan Varal ve \u00e7evre mahalle muhtarlar\u0131 da kat\u0131l\u0131m g\u00f6sterdi. \u0130l\u00e7e Ba\u015fkan\u0131 Ozan Varal, d\u00fczenlenen yar\u0131\u015fmalarda dereceye giren \u00e7ocuklara kitap arma\u011fan etti. Etkinlikler \u00f6n\u00fcm\u00fczdeki g\u00fcnlerde, bir\u00e7ok mahallede daha yap\u0131lacak.<\/p>\n","protected":false},"excerpt":{"rendered":"<p>Mersin B\u00fcy\u00fck\u015fehir Belediyesi&#8217;nin ger\u00e7ekle\u015ftirdi\u011fi etkinlikler, h\u0131z kesmeden s\u00fcr\u00fcyor. B\u00fcy\u00fck\u015fehir Belediyesi&#8217;nin \u00f6nc\u00fcl\u00fc\u011f\u00fcnde, Tarsus&#8217;a De\u011fer Katanlar Kurulu&#8217;nun (TADEKA) destekledi\u011fi &#8220;K\u00f6y Bizim \u015eenlik Bizim&#8221; etkinlikleri Tarsus ve \u00c7aml\u0131yayla&#8217;daki programlarla devam etti. Dans g\u00f6sterisinden &hellip; <a href=\"https:\/\/akdenizolaygazetesi.com\/?p=19840\" class=\"more-link\">Devam\u0131n\u0131 Oku&#8230;<\/a><\/p>\n","protected":false},"author":2,"featured_media":19841,"comment_status":"open","ping_status":"open","sticky":false,"template":"","format":"standard","meta":[],"categories":[2,3,5],"tags":[],"_links":{"self":[{"href":"https:\/\/akdenizolaygazetesi.com\/index.php?rest_route=\/wp\/v2\/posts\/19840"}],"collection":[{"href":"https:\/\/akdenizolaygazetesi.com\/index.php?rest_route=\/wp\/v2\/posts"}],"about":[{"href":"https:\/\/akdenizolaygazetesi.com\/index.php?rest_route=\/wp\/v2\/types\/post"}],"author":[{"embeddable":true,"href":"https:\/\/akdenizolaygazetesi.com\/index.php?rest_route=\/wp\/v2\/users\/2"}],"replies":[{"embeddable":true,"href":"https:\/\/akdenizolaygazetesi.com\/index.php?rest_route=%2Fwp%2Fv2%2Fcomments&post=19840"}],"version-history":[{"count":1,"href":"https:\/\/akdenizolaygazetesi.com\/index.php?rest_route=\/wp\/v2\/posts\/19840\/revisions"}],"predecessor-version":[{"id":19842,"href":"https:\/\/akdenizolaygazetesi.com\/index.php?rest_route=\/wp\/v2\/posts\/19840\/revisions\/19842"}],"wp:featuredmedia":[{"embeddable":true,"href":"https:\/\/akdenizolaygazetesi.com\/index.php?rest_route=\/wp\/v2\/media\/19841"}],"wp:attachment":[{"href":"https:\/\/akdenizolaygazetesi.com\/index.php?rest_route=%2Fwp%2Fv2%2Fmedia&parent=19840"}],"wp:term":[{"taxonomy":"category","embeddable":true,"href":"https:\/\/akdenizolaygazetesi.com\/index.php?rest_route=%2Fwp%2Fv2%2Fcategories&post=19840"},{"taxonomy":"post_tag","embeddable":true,"href":"https:\/\/akdenizolaygazetesi.com\/index.php?rest_route=%2Fwp%2Fv2%2Ftags&post=19840"}],"curies":[{"name":"wp","href":"https:\/\/api.w.org\/{rel}","templated":true}]}}