{"id":19843,"date":"2022-07-16T16:41:05","date_gmt":"2022-07-16T13:41:05","guid":{"rendered":"http:\/\/akdenizolaygazetesi.com\/?p=19843"},"modified":"2022-07-16T16:41:05","modified_gmt":"2022-07-16T13:41:05","slug":"ev-islerinde-veya-tarlalarda-calisan-kadinlar-tarsus-genclik-kampinda-stres-attilar","status":"publish","type":"post","link":"https:\/\/akdenizolaygazetesi.com\/?p=19843","title":{"rendered":"EV \u0130\u015eLER\u0130NDE VEYA TARLALARDA \u00c7ALI\u015eAN KADINLAR TARSUS GEN\u00c7L\u0130K KAMPI&#8217;NDA STRES ATTILAR"},"content":{"rendered":"<p>Mersin B\u00fcy\u00fck\u015fehir Belediyesi, kad\u0131nlara y\u00f6nelik sosyal faaliyetlerine aral\u0131ks\u0131z devam ediyor. B\u00fcy\u00fck\u015fehir Belediyesi taraf\u0131ndan g\u00fcndelik i\u015flerde \u00e7al\u0131\u015fan, ev i\u015f\u00e7ili\u011fi yapan veya tarlalarda al\u0131n teri d\u00f6ken emek\u00e7i kad\u0131nlara y\u00f6nelik moral ve e\u011flence program\u0131 d\u00fczenlendi.<\/p>\n<p>B\u00fcy\u00fck\u015fehir Belediyesi Kad\u0131n ve Aile Hizmetleri Dairesi Ba\u015fkanl\u0131\u011f\u0131&#8217;na ba\u011fl\u0131 Tarsus Gen\u00e7lik Kamp\u0131&#8217;nda ger\u00e7ekle\u015fen programa CHP Tarsus \u0130l\u00e7e Ba\u015fkan\u0131 Av. Ozan Varal, \u0130l Kad\u0131n Kollar\u0131 Ba\u015fkan\u0131 G\u00fcl\u015fah Gen\u00e7 Y\u0131ld\u0131r\u0131m, Tarsus \u0130l\u00e7e Kad\u0131n Kollar\u0131 Ba\u015fkan\u0131 Belda Boro\u011flu da kat\u0131larak, emek\u00e7i kad\u0131nlar\u0131 yaln\u0131z b\u0131rakmad\u0131lar.<\/p>\n<p>Yemek ikram\u0131 da yap\u0131lan kad\u0131nlar, m\u00fczik e\u015fli\u011finde halaylar \u00e7ekip oyunlar oynad\u0131lar ve g\u00f6n\u00fcllerince e\u011flendiler. \u00c7ocuklar\u0131n da survivor parkurunda zaman ge\u00e7irdi\u011fi etkinlikte, yine \u00e7ocuklar grup olarak m\u00fczik e\u015fli\u011finde dans ettiler.<\/p>\n<p>&#8220;Ba\u015fkan\u0131m\u0131z Vahap Se\u00e7er&#8217;e te\u015fekk\u00fcr ediyoruz. \u0130yi ki var&#8221;<\/p>\n<p>Ev i\u015f\u00e7isi kad\u0131nlardan Safinaz Dur, \u00e7ocuklar\u0131yla g\u00fczel bir g\u00fcn ge\u00e7irdiklerini s\u00f6yleyerek, &#8220;Bug\u00fcn \u00e7ocuklar\u0131mla beraber Gen\u00e7lik Kamp\u0131&#8217;nda d\u00fczenlenen etkinli\u011fe kat\u0131ld\u0131k. B\u00fcy\u00fck\u015fehir Belediye Ba\u015fkan\u0131m\u0131z Vahap Se\u00e7er&#8217;e te\u015fekk\u00fcr ediyoruz. \u0130yi ki var, iyi ki b\u00f6yle bir etkinlik d\u00fczenledi, iyi ki buraday\u0131z. Arkada\u015flara te\u015fekk\u00fcr ediyoruz, Belda Ba\u015fkan\u0131m\u0131za da \u00e7ok te\u015fekk\u00fcr ediyorum. Ozan Bey&#8217;e de \u00e7ok te\u015fekk\u00fcrler&#8221; diye konu\u015ftu.<\/p>\n<p>Tarsus&#8217;a ba\u011fl\u0131 Mahmuta\u011fa Mahallesi&#8217;nden olan ve tarlalara \u00e7al\u0131\u015fmaya giden Miyaset \u015eahan da, &#8220;Bug\u00fcn k\u00f6y\u00fcm\u00fcze otob\u00fcs geldi. Arkada\u015flar\u0131mla hep birlikte buraya geldik. \u0130kramda bulundular, oynad\u0131k, yedik, i\u00e7tik, e\u011flendik. Allah raz\u0131 olsun&#8221; \u015feklinde duygular\u0131n\u0131 dile getirdi.<\/p>\n","protected":false},"excerpt":{"rendered":"<p>Mersin B\u00fcy\u00fck\u015fehir Belediyesi, kad\u0131nlara y\u00f6nelik sosyal faaliyetlerine aral\u0131ks\u0131z devam ediyor. B\u00fcy\u00fck\u015fehir Belediyesi taraf\u0131ndan g\u00fcndelik i\u015flerde \u00e7al\u0131\u015fan, ev i\u015f\u00e7ili\u011fi yapan veya tarlalarda al\u0131n teri d\u00f6ken emek\u00e7i kad\u0131nlara y\u00f6nelik moral ve e\u011flence &hellip; <a href=\"https:\/\/akdenizolaygazetesi.com\/?p=19843\" class=\"more-link\">Devam\u0131n\u0131 Oku&#8230;<\/a><\/p>\n","protected":false},"author":2,"featured_media":19844,"comment_status":"open","ping_status":"open","sticky":false,"template":"","format":"standard","meta":[],"categories":[1,2,3],"tags":[],"_links":{"self":[{"href":"https:\/\/akdenizolaygazetesi.com\/index.php?rest_route=\/wp\/v2\/posts\/19843"}],"collection":[{"href":"https:\/\/akdenizolaygazetesi.com\/index.php?rest_route=\/wp\/v2\/posts"}],"about":[{"href":"https:\/\/akdenizolaygazetesi.com\/index.php?rest_route=\/wp\/v2\/types\/post"}],"author":[{"embeddable":true,"href":"https:\/\/akdenizolaygazetesi.com\/index.php?rest_route=\/wp\/v2\/users\/2"}],"replies":[{"embeddable":true,"href":"https:\/\/akdenizolaygazetesi.com\/index.php?rest_route=%2Fwp%2Fv2%2Fcomments&post=19843"}],"version-history":[{"count":1,"href":"https:\/\/akdenizolaygazetesi.com\/index.php?rest_route=\/wp\/v2\/posts\/19843\/revisions"}],"predecessor-version":[{"id":19845,"href":"https:\/\/akdenizolaygazetesi.com\/index.php?rest_route=\/wp\/v2\/posts\/19843\/revisions\/19845"}],"wp:featuredmedia":[{"embeddable":true,"href":"https:\/\/akdenizolaygazetesi.com\/index.php?rest_route=\/wp\/v2\/media\/19844"}],"wp:attachment":[{"href":"https:\/\/akdenizolaygazetesi.com\/index.php?rest_route=%2Fwp%2Fv2%2Fmedia&parent=19843"}],"wp:term":[{"taxonomy":"category","embeddable":true,"href":"https:\/\/akdenizolaygazetesi.com\/index.php?rest_route=%2Fwp%2Fv2%2Fcategories&post=19843"},{"taxonomy":"post_tag","embeddable":true,"href":"https:\/\/akdenizolaygazetesi.com\/index.php?rest_route=%2Fwp%2Fv2%2Ftags&post=19843"}],"curies":[{"name":"wp","href":"https:\/\/api.w.org\/{rel}","templated":true}]}}