{"id":1985,"date":"2020-11-04T18:22:31","date_gmt":"2020-11-04T15:22:31","guid":{"rendered":"http:\/\/mersinekonomipolitikagazetesi.com\/?p=1985"},"modified":"2020-11-04T18:22:31","modified_gmt":"2020-11-04T15:22:31","slug":"elvan-sosyal-destek-miktarini-50-kat-artirdik","status":"publish","type":"post","link":"https:\/\/akdenizolaygazetesi.com\/?p=1985","title":{"rendered":"Elvan: &#8220;Sosyal destek miktar\u0131n\u0131 50 kat art\u0131rd\u0131k&#8221;"},"content":{"rendered":"<p>Kalk\u0131nma Bakan\u0131 L\u00fctfi Elvan, sadece sosyal desteklere ayr\u0131lan pay\u0131n son 15 y\u0131lda yakla\u015f\u0131k 50 kat artt\u0131r\u0131larak, ayr\u0131lan kayna\u011f\u0131n 50 milyar liran\u0131n \u00fczerine \u00e7\u0131kar\u0131ld\u0131\u011f\u0131n\u0131 belirterek, bu rekor rakamla T\u00fcrkiye&#8217;nin bir\u00e7ok Avrupa \u00fclkesine g\u00f6re \u00e7ok daha ileri bir konumda oldu\u011funu s\u00f6yledi.<\/p>\n<p><span style=\"font-size:16px;\"><span style=\"font-family: sans-serif; line-height: 20px; text-align: justify; background-color: rgb(242, 244, 245);\">Bakan Elvan, Aile ve Sosyal Politikalar Mersin \u0130l M\u00fcd\u00fcrl\u00fc\u011f\u00fc taraf\u0131ndan d\u00fczenlenen iftar program\u0131nda koruyucu aileler ve \u00e7ocuklarla bir araya geldi. Mersin Valisi Ali \u0130hsan Su&#8217;nun da kat\u0131ld\u0131\u011f\u0131 programda konu\u015fan Elvan, Ramazan ay\u0131n\u0131n manevi atmosferini koruyucu ailelerle birlikte soluyor olmaktan duydu\u011fu memnuniyeti ifade ederek, kimsesiz \u00e7ocuklara kucak a\u00e7an koruyucu ailelerin, milletin g\u00f6nl\u00fcnde bamba\u015fka bir yeri oldu\u011funa dikkat \u00e7ekti ve fedakarl\u0131klar\u0131ndan dolay\u0131 te\u015fekk\u00fcr etti.\u00a0<\/span><br style=\"box-sizing: border-box; font-family: sans-serif; font-size: 14px; line-height: 20px; text-align: justify; background-color: rgb(242, 244, 245);\" \/><br \/>\n<span style=\"font-family: sans-serif; line-height: 20px; text-align: justify; background-color: rgb(242, 244, 245);\">Devlet ve h\u00fck\u00fcmet taraf\u0131ndan y\u00fcr\u00fct\u00fclen Sosyal Destek Program\u0131 (SODES) kapsam\u0131nda dar gelirli vatanda\u015flara ve yard\u0131ma muhta\u00e7 \u00e7ocuklara y\u00f6nelik bir\u00e7ok yard\u0131m\u0131n yap\u0131ld\u0131\u011f\u0131n\u0131 kaydeden Bakan Elvan, \u00f6zellikle de son y\u0131llarda bu konuda \u00f6nemli d\u00fczenlemelerin bir bir hayata ge\u00e7irildi\u011fini belirtti. Sadece sosyal desteklere ayr\u0131lan pay\u0131n son 15 y\u0131lda yakla\u015f\u0131k 50 kat artt\u0131r\u0131larak, ayr\u0131lan kayna\u011f\u0131n 50 milyar liran\u0131n \u00fczerine \u00e7\u0131kar\u0131ld\u0131\u011f\u0131n\u0131 kaydeden Elvan, bu rekor rakamla T\u00fcrkiye&#8217;nin bir\u00e7ok Avrupa \u00fclkesine g\u00f6re \u00e7ok daha ileri bir konumda oldu\u011funu s\u00f6yledi.\u00a0<\/span><br style=\"box-sizing: border-box; font-family: sans-serif; font-size: 14px; line-height: 20px; text-align: justify; background-color: rgb(242, 244, 245);\" \/><br \/>\n<span style=\"font-family: sans-serif; line-height: 20px; text-align: justify; background-color: rgb(242, 244, 245);\">\u00d6zel rehabilitasyon merkezinde bak\u0131ma muhta\u00e7 vatanda\u015flara ayl\u0131k 3 bin 260 lira destek yap\u0131ld\u0131\u011f\u0131n\u0131 da kaydeden Elvan, t\u00fcm bu desteklere ek olarak yeni bir d\u00fczenleme ile kimsesiz \u00e7ocuklar\u0131n aile s\u0131cakl\u0131\u011f\u0131n\u0131 ya\u015fayabilmeleri amac\u0131yla kiralanan dairelerde bar\u0131nd\u0131r\u0131lmaya ba\u015fland\u0131\u011f\u0131n\u0131 a\u00e7\u0131klad\u0131.\u00a0<\/span><br style=\"box-sizing: border-box; font-family: sans-serif; font-size: 14px; line-height: 20px; text-align: justify; background-color: rgb(242, 244, 245);\" \/><br \/>\n<span style=\"font-family: sans-serif; line-height: 20px; text-align: justify; background-color: rgb(242, 244, 245);\">Konu\u015fmas\u0131n\u0131n sonunda, koruyucu ailelere y\u00f6nelik te\u015fvik ve desteklerin artarak devam edece\u011fini ifade eden Elvan, kimsesiz \u00e7ocuklara sahip \u00e7\u0131kan koruyucu ailelere te\u015fekk\u00fcr ederek bu konuda g\u00f6sterdi\u011fi \u00f6zverili \u00e7al\u0131\u015fmalar\u0131ndan dolay\u0131 Vali Ali \u0130hsan Su&#8217;ya te\u015fekk\u00fcr plaketi verdi.\u00a0<\/span><br style=\"box-sizing: border-box; font-family: sans-serif; font-size: 14px; line-height: 20px; text-align: justify; background-color: rgb(242, 244, 245);\" \/><br \/>\n<span style=\"font-family: sans-serif; line-height: 20px; text-align: justify; background-color: rgb(242, 244, 245);\">Vali Su ise fedakar koruyucu aileler ve \u00e7ocuklarla beraber olman\u0131n ve Ramazan ay\u0131n\u0131n bereketini birlikte ya\u015faman\u0131n memnuniyetini ya\u015fad\u0131\u011f\u0131n\u0131 ifade etti\u011fi konu\u015fmas\u0131nda, koruyucu ailelere \u00e7ocuklara verdikleri emek ve \u00f6rnek davran\u0131\u015flar\u0131ndan dolay\u0131 te\u015fekk\u00fcr etti.\u00a0<\/span><\/span><\/p>\n","protected":false},"excerpt":{"rendered":"<p>Kalk\u0131nma Bakan\u0131 L\u00fctfi Elvan, sadece sosyal desteklere ayr\u0131lan pay\u0131n son 15 y\u0131lda yakla\u015f\u0131k 50 kat artt\u0131r\u0131larak, ayr\u0131lan kayna\u011f\u0131n 50 milyar liran\u0131n \u00fczerine \u00e7\u0131kar\u0131ld\u0131\u011f\u0131n\u0131 belirterek, bu rekor rakamla T\u00fcrkiye&#8217;nin bir\u00e7ok Avrupa &hellip; <a href=\"https:\/\/akdenizolaygazetesi.com\/?p=1985\" class=\"more-link\">Devam\u0131n\u0131 Oku&#8230;<\/a><\/p>\n","protected":false},"author":1,"featured_media":0,"comment_status":"open","ping_status":"open","sticky":false,"template":"","format":"standard","meta":[],"categories":[],"tags":[],"_links":{"self":[{"href":"https:\/\/akdenizolaygazetesi.com\/index.php?rest_route=\/wp\/v2\/posts\/1985"}],"collection":[{"href":"https:\/\/akdenizolaygazetesi.com\/index.php?rest_route=\/wp\/v2\/posts"}],"about":[{"href":"https:\/\/akdenizolaygazetesi.com\/index.php?rest_route=\/wp\/v2\/types\/post"}],"author":[{"embeddable":true,"href":"https:\/\/akdenizolaygazetesi.com\/index.php?rest_route=\/wp\/v2\/users\/1"}],"replies":[{"embeddable":true,"href":"https:\/\/akdenizolaygazetesi.com\/index.php?rest_route=%2Fwp%2Fv2%2Fcomments&post=1985"}],"version-history":[{"count":0,"href":"https:\/\/akdenizolaygazetesi.com\/index.php?rest_route=\/wp\/v2\/posts\/1985\/revisions"}],"wp:attachment":[{"href":"https:\/\/akdenizolaygazetesi.com\/index.php?rest_route=%2Fwp%2Fv2%2Fmedia&parent=1985"}],"wp:term":[{"taxonomy":"category","embeddable":true,"href":"https:\/\/akdenizolaygazetesi.com\/index.php?rest_route=%2Fwp%2Fv2%2Fcategories&post=1985"},{"taxonomy":"post_tag","embeddable":true,"href":"https:\/\/akdenizolaygazetesi.com\/index.php?rest_route=%2Fwp%2Fv2%2Ftags&post=1985"}],"curies":[{"name":"wp","href":"https:\/\/api.w.org\/{rel}","templated":true}]}}