{"id":19852,"date":"2022-07-18T13:16:55","date_gmt":"2022-07-18T10:16:55","guid":{"rendered":"http:\/\/akdenizolaygazetesi.com\/?p=19852"},"modified":"2022-07-18T13:16:55","modified_gmt":"2022-07-18T10:16:55","slug":"daha-kaliteli-ulasim-imkani-saglamak-adina-duzenlemeler-yaptik","status":"publish","type":"post","link":"https:\/\/akdenizolaygazetesi.com\/?p=19852","title":{"rendered":"&#8220;DAHA KAL\u0130TEL\u0130 ULA\u015eIM \u0130MKANI SA\u011eLAMAK ADINA D\u00dcZENLEMELER YAPTIK&#8221;"},"content":{"rendered":"<p>Mersin B\u00fcy\u00fck\u015fehir Belediyesi Ula\u015f\u0131m Daire Ba\u015fkanl\u0131\u011f\u0131 Toplu Ta\u015f\u0131ma \u015eube M\u00fcd\u00fcrl\u00fc\u011f\u00fc, yaylalara olan otob\u00fcs ve sefer say\u0131lar\u0131n\u0131 art\u0131rd\u0131. Toplam 52 otob\u00fcs\u00fcn hizmet verdi\u011fi k\u0131rsal mahalle ve k\u00f6ylerine giden otob\u00fcsleri kullanan vatanda\u015flar ise uygulamadan olduk\u00e7a memnun.<\/p>\n<p>Ba\u015fkan Vahap Se\u00e7er&#8217;in \u00f6nc\u00fcl\u00fc\u011f\u00fcnde son 3 y\u0131lda al\u0131nan yeni otob\u00fcslerle Mersin&#8217;in 2029 y\u0131l\u0131na kadar otob\u00fcs ihtiyac\u0131n\u0131 kar\u015f\u0131layan B\u00fcy\u00fck\u015fehir Belediyesi&#8217;nin, yaylalar i\u00e7in uygulamaya koydu\u011fu ek seferler ve artt\u0131r\u0131lan otob\u00fcs say\u0131s\u0131, vatanda\u015flar taraf\u0131ndan memnuniyetle kar\u015f\u0131land\u0131.<\/p>\n<p>Akaryak\u0131t fiyatlar\u0131ndaki art\u0131\u015f\u0131n ard\u0131ndan yaylalara ula\u015f\u0131m\u0131n \u00f6zel ara\u00e7larla daha da zorla\u015ft\u0131\u011f\u0131n\u0131 belirten vatanda\u015flar, Mersin B\u00fcy\u00fck\u015fehir Belediyesi&#8217;nin yaylalara giden toplu ta\u015f\u0131ma hatlar\u0131nda otob\u00fcs sefer say\u0131s\u0131n\u0131 artt\u0131rmas\u0131ndan ve ek sefer d\u00fczenlemesinden mutlu olduklar\u0131n\u0131 s\u00f6ylediler.<\/p>\n<p>&#8220;Daha kaliteli ula\u015f\u0131m imkan\u0131 sa\u011flamak ad\u0131na d\u00fczenlemeler yapt\u0131k&#8221;<\/p>\n<p>\u00c7al\u0131\u015fmalar hakk\u0131nda bilgi veren Ula\u015f\u0131m Daire Ba\u015fkanl\u0131\u011f\u0131&#8217;na ba\u011fl\u0131 Toplu Ta\u015f\u0131ma \u015eube M\u00fcd\u00fcrl\u00fc\u011f\u00fc \u015eefi Serta\u00e7 A\u00e7\u0131kba\u015f &#8220;Yaz mevsiminin gelmesi sonucu vatanda\u015flar\u0131m\u0131z\u0131n bu bunalt\u0131c\u0131 havalarda \u015fehir merkezinden yaylalara gitmesi ile birlikte, yeni d\u00fczenlemeler yapt\u0131k. Envanterimizde toplamda 299 arac\u0131m\u0131z var. Bu ara\u00e7lardan 52&#8217;sini yaylalar\u0131m\u0131zda g\u00f6revlendirdik. \u00d6rne\u011fin 118 numaral\u0131 Ayvagedi\u011fi hatt\u0131m\u0131zda k\u0131\u015f mevsiminde toplam 3 ara\u00e7la 18 sefer yap\u0131l\u0131yorken, \u015fu anda 4 ara\u00e7 ile 28 sefer yap\u0131l\u0131yor. Kepirli hatt\u0131m\u0131zda k\u0131\u015f mevsiminde 1 ara\u00e7la 8 sefer d\u00fczenliyorduk, \u015fu anda 2 ara\u00e7la 14 sefer d\u00fczenliyoruz. 154 numaral\u0131 Tepek\u00f6y hatt\u0131m\u0131zda 2 ara\u00e7la 8 sefer d\u00fczenlenirken, \u015fu anda 3 ara\u00e7la 16 sefer d\u00fczenlemeye ba\u015flad\u0131k. Ayr\u0131ca Erdemli&#8217;nin Avgad\u0131 Yaylas\u0131&#8217;na daha \u00f6nceden toplu ta\u015f\u0131ma ula\u015f\u0131m hizmetimiz yoktu. Bu y\u0131l oraya da hatt\u0131m\u0131z\u0131 a\u00e7t\u0131k. \u00d6zellikle Erdemli&#8217;de ya\u015fayan vatanda\u015flar\u0131m\u0131z\u0131n s\u0131k kulland\u0131\u011f\u0131 bu yayla i\u00e7in, \u015fu anda 2 ara\u00e7la 15 sefer d\u00fczenliyoruz&#8221; \u015feklinde konu\u015ftu.<\/p>\n<p>Ay\u015fe Erdo\u011fan &#8220;\u00c7ok rahat ederiz&#8221;<\/p>\n<p>Vatanda\u015flardan Ay\u015fe Erdo\u011fan sefer ve otob\u00fcs say\u0131s\u0131n\u0131n art\u0131r\u0131lmas\u0131n\u0131n s\u0131cak yaz g\u00fcnlerinde \u00e7ok g\u00fczel ve \u00f6nemli oldu\u011funu belirterek &#8220;Otob\u00fcsler \u00f6nceden \u00e7ok kalabal\u0131kt\u0131. \u015eu an otob\u00fcs ve sefer say\u0131s\u0131 art\u0131r\u0131ld\u0131ysa \u00e7ok memnun oluruz, \u00e7ok rahat ederiz. Bizim \u00f6nceden arabam\u0131z vard\u0131, kullan\u0131yorduk. Ancak pahal\u0131l\u0131k y\u00fcz\u00fcnden satmak zorunda kald\u0131k. Allah raz\u0131 olsun Mersin B\u00fcy\u00fck\u015fehir Belediyesi&#8217;nden. Belediyemiz Mersin&#8217;in i\u00e7inde de \u00e7ok g\u00fczel i\u015fler yap\u0131yor&#8221; dedi.<\/p>\n<p>Elmas \u00c7ontar &#8220;\u00c7ok sayg\u0131l\u0131 ve sevgili bir ekip var&#8221;<\/p>\n<p>Ba\u015fkan Vahap Se\u00e7er ve ekibinin g\u00f6reve ba\u015flad\u0131\u011f\u0131 g\u00fcnden itibaren \u00e7ok g\u00fczel \u00e7al\u0131\u015fmalara imza att\u0131\u011f\u0131n\u0131 s\u00f6yleyen Elmas \u00c7ontar ise &#8220;\u00c7ok g\u00fczel bir \u00e7al\u0131\u015fma. Mersin B\u00fcy\u00fck\u015fehir Belediyesi \u00e7ok g\u00fczel \u00e7al\u0131\u015f\u0131yor, Allah raz\u0131 olsun. Ba\u015fkan\u0131m\u0131zdan \u00e7ok memnununuz. \u00c7ok sayg\u0131l\u0131 ve sevgili bir ekip var. Benim engelli kart\u0131m var, binip kullan\u0131yorum. Kart\u0131m yan\u0131mda olmasa bile \u00e7ok g\u00fczel \u015fekilde otob\u00fcslerle seyahat edebiliyorum. Her yere ula\u015fmak art\u0131k kolay oldu&#8221; diye konu\u015ftu.<\/p>\n<p>Mahmut \u00c7imen &#8220;Hizmetten \u00e7ok memnunum&#8221;<\/p>\n<p>Mahmut \u00c7imen isimli emekli bir vatanda\u015f ise yap\u0131lan t\u00fcm hizmetlerden memnun oldu\u011funu belirterek &#8220;Bu hizmetten de \u00e7ok memnunum. Ben sa\u011fl\u0131k sorunlar\u0131m nedeni ile otob\u00fcsleri her g\u00fcn kullanm\u0131yorum. Ancak \u00e7ok memnunum. Belediyemizin hizmetleri \u00e7ok g\u00fczel&#8221; \u015feklinde konu\u015ftu.<\/p>\n<p>Sezai Babao\u011flu &#8220;Su sorunumuzu da Vahap Ba\u015fkan \u00e7\u00f6zd\u00fc&#8221;<\/p>\n<p>Ek otob\u00fcs ve sefer say\u0131lar\u0131nda art\u0131\u015fa gidilmesinin vatanda\u015flar i\u00e7in \u00e7ok \u00f6nemli oldu\u011funa dikkat \u00e7eken Sezai Babao\u011flu isimli yurtta\u015f ise &#8220;Vatanda\u015f olarak iyi bir i\u015f oldu\u011funu d\u00fc\u015f\u00fcn\u00fcyorum. Vahap ba\u015fkan\u0131m\u0131zdan memnunum. Ayvagedi\u011fi&#8217;nde su sorunumuzu da \u00e7\u00f6zd\u00fc. Allah raz\u0131 olsun kendisinden, can\u0131 g\u00f6n\u00fclden te\u015fekk\u00fcr ediyorum. Ayvagedi\u011fi halk\u0131 olarak ba\u015fkan\u0131m\u0131zdan \u00e7ok memnununuz&#8221; ifadelerini kulland\u0131.<\/p>\n<p>Mustafa Karacano\u011flu &#8220;Bundan iyisi olmaz&#8221;<\/p>\n<p>S\u0131k s\u0131k B\u00fcy\u00fck\u015fehir Belediyesi&#8217;nin otob\u00fcsleri ile Mersin&#8217;den Ayvagedi\u011fi&#8217;ne yolculuk yapt\u0131\u011f\u0131n\u0131 belirten Mustafa Karacano\u011flu ise &#8220;Bizler belediyeye yard\u0131mc\u0131 olaca\u011f\u0131z ki, o da bize hizmet verecek. Biz onlar\u0131 halka hizmet i\u00e7in se\u00e7iyoruz, onlar da halk i\u00e7in m\u00fccadelesini devam ettirecek. Ba\u015fkan\u0131m\u0131zdan da memnunuz, otob\u00fcslerden de. Bundan iyisi olamaz&#8221; dedi.<\/p>\n","protected":false},"excerpt":{"rendered":"<p>Mersin B\u00fcy\u00fck\u015fehir Belediyesi Ula\u015f\u0131m Daire Ba\u015fkanl\u0131\u011f\u0131 Toplu Ta\u015f\u0131ma \u015eube M\u00fcd\u00fcrl\u00fc\u011f\u00fc, yaylalara olan otob\u00fcs ve sefer say\u0131lar\u0131n\u0131 art\u0131rd\u0131. Toplam 52 otob\u00fcs\u00fcn hizmet verdi\u011fi k\u0131rsal mahalle ve k\u00f6ylerine giden otob\u00fcsleri kullanan vatanda\u015flar &hellip; <a href=\"https:\/\/akdenizolaygazetesi.com\/?p=19852\" class=\"more-link\">Devam\u0131n\u0131 Oku&#8230;<\/a><\/p>\n","protected":false},"author":2,"featured_media":19853,"comment_status":"open","ping_status":"open","sticky":false,"template":"","format":"standard","meta":[],"categories":[3,5],"tags":[],"_links":{"self":[{"href":"https:\/\/akdenizolaygazetesi.com\/index.php?rest_route=\/wp\/v2\/posts\/19852"}],"collection":[{"href":"https:\/\/akdenizolaygazetesi.com\/index.php?rest_route=\/wp\/v2\/posts"}],"about":[{"href":"https:\/\/akdenizolaygazetesi.com\/index.php?rest_route=\/wp\/v2\/types\/post"}],"author":[{"embeddable":true,"href":"https:\/\/akdenizolaygazetesi.com\/index.php?rest_route=\/wp\/v2\/users\/2"}],"replies":[{"embeddable":true,"href":"https:\/\/akdenizolaygazetesi.com\/index.php?rest_route=%2Fwp%2Fv2%2Fcomments&post=19852"}],"version-history":[{"count":1,"href":"https:\/\/akdenizolaygazetesi.com\/index.php?rest_route=\/wp\/v2\/posts\/19852\/revisions"}],"predecessor-version":[{"id":19854,"href":"https:\/\/akdenizolaygazetesi.com\/index.php?rest_route=\/wp\/v2\/posts\/19852\/revisions\/19854"}],"wp:featuredmedia":[{"embeddable":true,"href":"https:\/\/akdenizolaygazetesi.com\/index.php?rest_route=\/wp\/v2\/media\/19853"}],"wp:attachment":[{"href":"https:\/\/akdenizolaygazetesi.com\/index.php?rest_route=%2Fwp%2Fv2%2Fmedia&parent=19852"}],"wp:term":[{"taxonomy":"category","embeddable":true,"href":"https:\/\/akdenizolaygazetesi.com\/index.php?rest_route=%2Fwp%2Fv2%2Fcategories&post=19852"},{"taxonomy":"post_tag","embeddable":true,"href":"https:\/\/akdenizolaygazetesi.com\/index.php?rest_route=%2Fwp%2Fv2%2Ftags&post=19852"}],"curies":[{"name":"wp","href":"https:\/\/api.w.org\/{rel}","templated":true}]}}