{"id":19858,"date":"2022-07-18T13:20:19","date_gmt":"2022-07-18T10:20:19","guid":{"rendered":"http:\/\/akdenizolaygazetesi.com\/?p=19858"},"modified":"2022-07-18T13:20:19","modified_gmt":"2022-07-18T10:20:19","slug":"tarsus-otuken-vadi-parki-kadin-ve-cocuk-atolyesi-kadin-emegine-deger-katiyor","status":"publish","type":"post","link":"https:\/\/akdenizolaygazetesi.com\/?p=19858","title":{"rendered":"TARSUS \u00d6T\u00dcKEN VAD\u0130 PARKI KADIN VE \u00c7OCUK AT\u00d6LYES\u0130, KADIN EME\u011e\u0130NE DE\u011eER KATIYOR"},"content":{"rendered":"<p>Mersin B\u00fcy\u00fck\u015fehir Belediyesi Kad\u0131n ve Aile Hizmetleri Dairesi b\u00fcnyesinde faaliyet y\u00fcr\u00fcten Tarsus \u00d6t\u00fcken Vadi Park\u0131 Kad\u0131n ve \u00c7ocuk At\u00f6lyesi&#8217;nde diki\u015f e\u011fitimi alan kad\u0131nlar, harikalar yarat\u0131yorlar. Modern diki\u015f makinalar\u0131n\u0131n bulundu\u011fu ve uzman e\u011fitmenlerin verdi\u011fi kurslarda k\u0131sa zaman i\u00e7erisinde el becerilerini artt\u0131ran kad\u0131nlar hem sosyalle\u015fme imkan\u0131 buluyor, hem de \u00fcrettikleri \u00fcr\u00fcnleri satarak ev ekonomilerine katk\u0131 sa\u011fl\u0131yorlar.  <\/p>\n<p>K\u0131sa zamanda muhte\u015fem eserler ortaya \u00e7\u0131k\u0131yor<\/p>\n<p>\u00d6t\u00fcken Vadi Park&#8217;ta yer alan at\u00f6lyeyi ziyaret ederek buradaki kad\u0131nlarla sohbet eden Mersinden Kad\u0131n Kooperatifi Ba\u015fkan\u0131 Meral Se\u00e7er, kad\u0131nlar\u0131n binbir emekle ortaya \u00e7\u0131kartt\u0131klar\u0131 giysi ve ev mefru\u015fat \u00fcr\u00fcnleri hakk\u0131nda kendilerinden bilgi ald\u0131.<\/p>\n<p>B\u00fcy\u00fck\u015fehir Belediyesi Kad\u0131n ve Aile Hizmetleri Dairesi Ba\u015fkan\u0131 \u015eerife Haso\u011flu Dokucu&#8217;nun da haz\u0131r bulundu\u011fu ziyarette, kursiyerlerin dikti\u011fi elbise ve di\u011fer ev e\u015fyalar\u0131n\u0131 yak\u0131ndan inceleyen Meral Se\u00e7er, ald\u0131klar\u0131 e\u011fitimle k\u0131sa zamanda muhte\u015fem eserler ortaya \u00e7\u0131kartan t\u00fcm kad\u0131nlar\u0131 tebrik etti.<\/p>\n<p>Meral Se\u00e7er: &#8220;Evimiz At\u00f6lye Projesi&#8217;nin bir k\u0131sm\u0131n\u0131 burada ger\u00e7ekle\u015ftirmeyi planl\u0131yoruz&#8221;<\/p>\n<p>Mersinden Kad\u0131n Kooperatifi Ba\u015fkan\u0131 Meral Se\u00e7er, kad\u0131nlara y\u00f6nelik proje \u00e7al\u0131\u015fmalar\u0131n\u0131n s\u00fcrece\u011fini kaydederek, &#8220;Mersin B\u00fcy\u00fck\u015fehir Belediyesi \u00d6t\u00fcken Vadi Park\u0131 Kad\u0131n ve \u00c7ocuk At\u00f6lyesi&#8217;nde kad\u0131nlar\u0131m\u0131z, diki\u015f at\u00f6lyesinde e\u011fitim al\u0131yorlar. Yapt\u0131\u011f\u0131m\u0131z sohbetlerde burada sadece maddi olarak de\u011fil, manevi olarak da \u00e7ok mutlu olduklar\u0131n\u0131 ve birlikte zaman ge\u00e7irerek sosyalle\u015ftiklerini s\u00f6yl\u00fcyorlar. Biz de Mersinden Kad\u0131n Kooperatifi ve Mersin B\u00fcy\u00fck\u015fehir Belediyesi i\u015fbirli\u011fiyle hayat bulan &#8216;Evimiz At\u00f6lye Projesi&#8217;nin bir k\u0131sm\u0131n\u0131 burada ger\u00e7ekle\u015ftirmeyi planl\u0131yoruz&#8221; dedi.<\/p>\n<p>&#8220;Burada hep birlikte mutlu olmay\u0131 \u00f6\u011frendik&#8221;<\/p>\n<p>Diki\u015f at\u00f6lyesinde e\u011fitim alan kursiyerlerden H\u00fclya Cavunt, &#8220;Ben buraya iki y\u0131ld\u0131r geliyorum. Pike yapmay\u0131, nevresim yapmay\u0131 \u00f6\u011frendik. Ondan daha \u00e7ok, burada hep birlikte mutlu olmay\u0131 \u00f6\u011frendik. Zaman\u0131m\u0131z\u0131 dolu dolu, pozitif bir \u015fekilde, mutlu bir \u015fekilde ge\u00e7iriyoruz. Sonras\u0131nda \u00fcretmeye ba\u015flad\u0131k ve \u00fcrettiklerimizi satabiliyoruz da. Bunun yan\u0131nda diki\u015fe de ba\u015flad\u0131k. Kendimize ve \u00e7ocuklar\u0131m\u0131za k\u0131yafetler dikmeye ba\u015flad\u0131k. Baz\u0131 arkada\u015flar\u0131m\u0131z diktikleri k\u0131yafetleri satabiliyorlar. Yani maddi-manevi biz burada \u00e7ok mutlu oluyoruz. Di\u011fer kad\u0131n arkada\u015flar\u0131m\u0131za da tavsiye ediyorum.  Buras\u0131 \u00d6t\u00fcken Vadi Park\u0131, ge\u00e7erken \u015f\u00f6yle bir u\u011fras\u0131nlar. Gelsinler \u00e7ay\u0131m\u0131z\u0131, kahvemizi i\u00e7sinler. \u015e\u00f6yle bir baks\u0131nlar, sonra zaten ba\u011f\u0131ml\u0131l\u0131k yap\u0131yor. Vahap Ba\u015fkan\u0131m\u0131za katk\u0131lar\u0131ndan \u00f6t\u00fcr\u00fc \u00e7ok te\u015fekk\u00fcr ediyoruz. Allah kendisinden raz\u0131 olsun&#8221; \u015feklinde konu\u015ftu.<\/p>\n","protected":false},"excerpt":{"rendered":"<p>Mersin B\u00fcy\u00fck\u015fehir Belediyesi Kad\u0131n ve Aile Hizmetleri Dairesi b\u00fcnyesinde faaliyet y\u00fcr\u00fcten Tarsus \u00d6t\u00fcken Vadi Park\u0131 Kad\u0131n ve \u00c7ocuk At\u00f6lyesi&#8217;nde diki\u015f e\u011fitimi alan kad\u0131nlar, harikalar yarat\u0131yorlar. Modern diki\u015f makinalar\u0131n\u0131n bulundu\u011fu ve &hellip; <a href=\"https:\/\/akdenizolaygazetesi.com\/?p=19858\" class=\"more-link\">Devam\u0131n\u0131 Oku&#8230;<\/a><\/p>\n","protected":false},"author":2,"featured_media":19859,"comment_status":"open","ping_status":"open","sticky":false,"template":"","format":"standard","meta":[],"categories":[8,2,3,5],"tags":[],"_links":{"self":[{"href":"https:\/\/akdenizolaygazetesi.com\/index.php?rest_route=\/wp\/v2\/posts\/19858"}],"collection":[{"href":"https:\/\/akdenizolaygazetesi.com\/index.php?rest_route=\/wp\/v2\/posts"}],"about":[{"href":"https:\/\/akdenizolaygazetesi.com\/index.php?rest_route=\/wp\/v2\/types\/post"}],"author":[{"embeddable":true,"href":"https:\/\/akdenizolaygazetesi.com\/index.php?rest_route=\/wp\/v2\/users\/2"}],"replies":[{"embeddable":true,"href":"https:\/\/akdenizolaygazetesi.com\/index.php?rest_route=%2Fwp%2Fv2%2Fcomments&post=19858"}],"version-history":[{"count":1,"href":"https:\/\/akdenizolaygazetesi.com\/index.php?rest_route=\/wp\/v2\/posts\/19858\/revisions"}],"predecessor-version":[{"id":19860,"href":"https:\/\/akdenizolaygazetesi.com\/index.php?rest_route=\/wp\/v2\/posts\/19858\/revisions\/19860"}],"wp:featuredmedia":[{"embeddable":true,"href":"https:\/\/akdenizolaygazetesi.com\/index.php?rest_route=\/wp\/v2\/media\/19859"}],"wp:attachment":[{"href":"https:\/\/akdenizolaygazetesi.com\/index.php?rest_route=%2Fwp%2Fv2%2Fmedia&parent=19858"}],"wp:term":[{"taxonomy":"category","embeddable":true,"href":"https:\/\/akdenizolaygazetesi.com\/index.php?rest_route=%2Fwp%2Fv2%2Fcategories&post=19858"},{"taxonomy":"post_tag","embeddable":true,"href":"https:\/\/akdenizolaygazetesi.com\/index.php?rest_route=%2Fwp%2Fv2%2Ftags&post=19858"}],"curies":[{"name":"wp","href":"https:\/\/api.w.org\/{rel}","templated":true}]}}