{"id":19867,"date":"2022-07-19T15:33:04","date_gmt":"2022-07-19T12:33:04","guid":{"rendered":"http:\/\/akdenizolaygazetesi.com\/?p=19867"},"modified":"2022-07-19T15:33:04","modified_gmt":"2022-07-19T12:33:04","slug":"proje-camlibele-hareket-kazandiracak","status":"publish","type":"post","link":"https:\/\/akdenizolaygazetesi.com\/?p=19867","title":{"rendered":"\u201cProje, \u00c7aml\u0131bel\u2019e hareket kazand\u0131racak\u201d"},"content":{"rendered":"<p>Akdeniz Belediye Ba\u015fkan\u0131 M. Mustafa G\u00fcltak, Mersin B\u00fcy\u00fck\u015fehir Belediye Meclisi\u2019nin Temmuz ay\u0131 birinci birle\u015fiminde, Ula\u015ft\u0131rma ve Altyap\u0131 Bakanl\u0131\u011f\u0131 taraf\u0131ndan Mersin\u2019de yap\u0131lmas\u0131 planlanan \u201c\u00c7aml\u0131bel Su Sporlar\u0131 Merkezi Projesi\u201d ile ilgili ele\u015ftiri ve tart\u0131\u015fmalar \u00fczerine bir de\u011ferlendirme yapt\u0131.<br \/>\nBa\u015fkan G\u00fcltak; \u201cDeniz kenti Mersin\u2019de bir yelkenin bile indirilebilece\u011fi alan\u0131 yok. Kentimizde yelken sporcular\u0131 var, fakat ba\u015fka yerlere gidiyorlar. \u015eehrim ad\u0131na \u00e7ok \u00fcz\u00fcl\u00fcyorum. Y\u0131llar ge\u00e7mi\u015f, T\u00fcrkiye\u2019nin incisi Mersin\u2019de, su sporlar\u0131yla ilgili bir merkez yap\u0131lmam\u0131\u015f, hi\u00e7bir belediye ve merkezi idare buna el atmam\u0131\u015f. Ama Bakanl\u0131\u011f\u0131m\u0131z el att\u0131 ve biz de destekliyoruz ve Allah\u2019\u0131n izniyle de Mersin ve Akdeniz\u2019in yarar\u0131na olan bu proje ger\u00e7ekle\u015fecek\u201d dedi.<br \/>\nProjeye ili\u015fkin Mersin kamuoyunda bilgi kirlili\u011fi yarat\u0131lmak istendi\u011fini ifade eden Ba\u015fkan G\u00fcltak, \u201cProjede, 233 bin metrekare alan i\u00e7erisinde ye\u015fil alanlar ve farkl\u0131 bir\u00e7ok alan var. Burada elde edilen yer yakla\u015f\u0131k 60 bin metrekaredir. Bunu da 0.20 ile \u00e7arpt\u0131\u011f\u0131n\u0131zda 12-13 bin metrekare kapal\u0131 bir alan olu\u015fmaktad\u0131r. S\u00f6ylendi\u011fi gibi 50-60 bin metrekare kapal\u0131 alan yok. Mersin; denize s\u0131f\u0131r bir \u015fehir, maalesef su sporlar\u0131n\u0131n, yelken sporlar\u0131n\u0131n yap\u0131labilece\u011fi hi\u00e7bir tesisi yok. Bug\u00fcn T\u00fcrkiye Yelken Federasyonu yetkilileri de da bu konuyu ele\u015ftiriyor. Biz bir deniz kentiyiz ama yelken sporundan Toros Da\u011flar\u0131 kadar uza\u011f\u0131z\u201d diye konu\u015ftu.<br \/>\n\u201cProje, \u00c7aml\u0131bel\u2019e hareket kazand\u0131racak\u201d<br \/>\n\u201cMersin; deniz \u015fehridir, fakat bir tane yelkeni indirecek yeri yok\u201d diyen Ba\u015fkan G\u00fcltak, \u015f\u00f6yle konu\u015ftu; \u201cKentimizde bir\u00e7ok yelken sporcusu var. Ancak bu sporcular farkl\u0131 b\u00f6lgelere gidiyorlar. T\u00fcrkiye Yelken Federasyonu Ba\u015fkan\u0131 \u00d6zlem Akdurak, T\u00fcrkiye\u2019nin bir\u00e7ok yerinde yelken sporlar\u0131 tesisleri kurdurduklar\u0131n\u0131, ama Mersin\u2019de bir t\u00fcrl\u00fc kurduramad\u0131klar\u0131n\u0131, imar \u00e7al\u0131\u015fmalar\u0131n\u0131n bitmedi\u011fini ifade ediyor. Dolay\u0131s\u0131yla b\u00f6yle bir spor tesisini biz, Mersin\u2019e kazand\u0131rmak istiyoruz. Amac\u0131m\u0131z bu ama, ayn\u0131 \u00c7ankaya \u0130lk\u00f6\u011fretim Okulu\u2019nda oldu\u011fu gibi, \u2018buza\u011f\u0131\u2019 ar\u0131yor birileri. Yani niyet k\u00f6t\u00fc. Daha ortada bir ihale de yok. Do\u011fmam\u0131\u015f \u00e7ocu\u011fa don bi\u00e7iliyor. Ben, \u015fehrim ad\u0131na \u00e7ok \u00fcz\u00fcl\u00fcyorum.<br \/>\n\u00c7\u00fcnk\u00fc y\u0131llar ge\u00e7mi\u015f, T\u00fcrkiye\u2019nin incisi Mersin\u2019de, su sporlar\u0131yla ilgili hi\u00e7bir merkez yap\u0131lmam\u0131\u015f. Hi\u00e7bir belediye ba\u015fkan\u0131 buna el atmam\u0131\u015f. Ama biz el att\u0131k ve Allah\u2019\u0131n izniyle her \u015feye ra\u011fmen projeyi yapaca\u011f\u0131z. Amat\u00f6r bal\u0131k\u00e7\u0131lar\u0131n hi\u00e7bir kayb\u0131 olmayacak. Biz onlar\u0131 garanti alt\u0131na al\u0131yoruz. Burada 330\u2019un \u00fczerinde amat\u00f6r bal\u0131k\u00e7\u0131 var, dernek ba\u015fkan\u0131 ve \u00fcyelerle toplant\u0131lar yapt\u0131k. Kesinlikle kiralar\u0131nda da bir art\u0131\u015f falan olmayacak. Bunlar\u0131 kim nereden uyduruyor, anlayam\u0131yorum, bilemiyorum. Amat\u00f6r bal\u0131k\u00e7\u0131lar\u0131m\u0131z\u0131n, ekmek aras\u0131 bal\u0131k satan esnaf\u0131m\u0131z\u0131n veya hobi olarak bal\u0131k\u00e7\u0131l\u0131k yapan arkada\u015flar\u0131m\u0131z\u0131n hi\u00e7birinin sorunu yok.\u201d<br \/>\n\u201cMersin ve Akdeniz\u2019e yak\u0131\u015f\u0131r, tertemiz bir bal\u0131k\u00e7\u0131 bar\u0131na\u011f\u0131 yap\u0131lacak\u201d<br \/>\nUla\u015ft\u0131rma Bakanl\u0131\u011f\u0131\u2019n\u0131n; yap-i\u015flet-devret modeli ve a\u00e7\u0131k ihale ile projeyi ger\u00e7ekle\u015ftirece\u011fini ve b\u00f6lgede yakla\u015f\u0131k 450 tane yeni yat\u0131n yana\u015fabilece\u011fi su sporlar\u0131 merkezinin hayata ge\u00e7irilece\u011finin alt\u0131n\u0131 \u00e7izen Ba\u015fkan G\u00fcltak; \u201cBu say\u0131dan da 330\u2019u \u00e7\u0131kard\u0131\u011f\u0131n\u0131zda, 120 kal\u0131yor. 120 yeni yat yana\u015fabilir. Amat\u00f6r bal\u0131k\u00e7\u0131lar da daha nezih, \u00f6mr\u00fcn\u00fc bitirmi\u015f iskelelerde de\u011fil, daha nezih, temiz bir ortamda bal\u0131k avlayabilecekler.<br \/>\n\u00c7ok daha modern, Mersin ve Akdeniz\u2019e yak\u0131\u015f\u0131r, tertemiz, c\u0131v\u0131l c\u0131v\u0131l bir bal\u0131k\u00e7\u0131 bar\u0131na\u011f\u0131 yap\u0131lacak. 13 bin metrekare kapal\u0131 alan\u0131 var. Bunun yar\u0131s\u0131ndan \u00e7o\u011fu su sporlar\u0131 merkezi ile ilgili kullan\u0131lacakt\u0131r. Bununla ilgili burada e\u011fer imar planlar\u0131na bakarsan\u0131z, otel yap\u0131lma \u015fans\u0131 s\u0131f\u0131ra iniyor. Neden mi? 7 bu\u00e7uk metre h\/maksimum y\u00fckseklik verilmi\u015ftir. Dolay\u0131s\u0131yla yap\u0131lacak yap\u0131lar\u0131n 7 bu\u00e7uk metre y\u00fcksekli\u011fi ge\u00e7me \u015fans\u0131 yoktur. Ne Cumhuriyet Meydan\u0131\u2019n\u0131n \u00f6n\u00fc, ne de \u00c7aml\u0131bel\u2019in \u00f6n\u00fcn\u00fcn kapand\u0131\u011f\u0131 yok\u201d \u015feklinde konu\u015ftu.<br \/>\n\u201c\u015eehrin merkezi, bin ara\u00e7l\u0131k bir otopark kazanacak\u201d<br \/>\nMersin\u2019in en \u00f6nemli sorunlar\u0131ndan bir tanesinin de otopark sorunu oldu\u011funu vurgulayan Ba\u015fkan G\u00fcltak, \u00c7aml\u0131bel Su Sporlar\u0131 Merkezi Projesi kapsam\u0131nda, 700 ila 1000 ara\u00e7l\u0131k bir otopark\u0131n da \u015fehrin merkezine kazand\u0131r\u0131laca\u011f\u0131n\u0131, otoparktan Atat\u00fcrk Park\u0131 esnaf\u0131 ile \u00c7aml\u0131bel\u2019e gelen vatanda\u015flar\u0131n faydalanabilece\u011fini ifade etti; \u00e7evre k\u0131y\u0131m\u0131, a\u011fa\u00e7 k\u0131y\u0131m\u0131 gibi bir durumun da asla s\u00f6z konusu olmad\u0131\u011f\u0131n\u0131n alt\u0131n\u0131 \u00e7izdi. Ba\u015fkan G\u00fcltak, \u201cProjede a\u011fa\u00e7lar\u0131 kesmek veya Atat\u00fcrk Park\u0131\u2019n\u0131n ye\u015fil alan\u0131n\u0131 yok etmek kesinlikle yok. Mimarlar Odas\u0131 ile \u015eehir Planc\u0131lar\u0131 Odas\u0131\u2019n\u0131n da g\u00f6r\u00fc\u015flerini alarak bu alan\u0131 18 d\u00f6n\u00fcmden 9 d\u00f6n\u00fcme d\u00fc\u015f\u00fcrd\u00fck\u201d dedi.<br \/>\n\u201cProjede yo\u011funluk fazlas\u0131 yok\u201d<br \/>\nBa\u015fkan G\u00fcltak, b\u00f6lge esnaf\u0131 ile bir\u00e7ok kez toplant\u0131 yapt\u0131\u011f\u0131n\u0131 ve esnaf\u0131n projeye kar\u015f\u0131 \u00e7\u0131kt\u0131\u011f\u0131 y\u00f6n\u00fcndeki iddialar\u0131n da ger\u00e7e\u011fi yans\u0131tmad\u0131\u011f\u0131n\u0131 kaydederek; \u201cT\u00fcrkiye\u2019de su sporlar\u0131 merkezi ile ilgili hangi k\u0131y\u0131s\u0131 veya kenar\u0131na bakarsan\u0131z bak\u0131n ayn\u0131 yo\u011funluk s\u00f6z konusudur. Burada 0.20 yo\u011funluk verilmi\u015ftir. Buraya ekstra bir yo\u011funluk verilmemi\u015ftir.<br \/>\nSu Sporlar\u0131 Merkezi, Millet Bah\u00e7esi ile entegre bir tesis olacakt\u0131r. Atat\u00fcrk Park\u0131 ile ilgili olarak da beton olan 9 bin metrekarelik alan al\u0131n\u0131p \u015fehrimizin otopark sorunu \u00e7\u00f6z\u00fclecektir. \u2018Hodri Meydan\u2019 diyorum\u2026 \u00c7aml\u0131bel ve Atat\u00fcrk Park\u0131 esnaf\u0131 ile b\u00f6lgede ya\u015fayanlar\u0131n y\u00fczde 90\u2019\u0131n\u0131n projeye onay\u0131 vard\u0131r. B\u00f6lge esnaf\u0131 ile diledi\u011finiz yerde, meydanda bulu\u015fal\u0131m. E\u011fer esnaflar ve b\u00f6lgede ikamet edenler projeyi reddediyorsa biz de vazge\u00e7ece\u011fiz. Buyurun esnaf\u0131 ve halk\u0131 toplayal\u0131m ve ortak bir karar verelim\u201d diye konu\u015ftu.<\/p>\n","protected":false},"excerpt":{"rendered":"<p>Akdeniz Belediye Ba\u015fkan\u0131 M. Mustafa G\u00fcltak, Mersin B\u00fcy\u00fck\u015fehir Belediye Meclisi\u2019nin Temmuz ay\u0131 birinci birle\u015fiminde, Ula\u015ft\u0131rma ve Altyap\u0131 Bakanl\u0131\u011f\u0131 taraf\u0131ndan Mersin\u2019de yap\u0131lmas\u0131 planlanan \u201c\u00c7aml\u0131bel Su Sporlar\u0131 Merkezi Projesi\u201d ile ilgili ele\u015ftiri &hellip; <a href=\"https:\/\/akdenizolaygazetesi.com\/?p=19867\" class=\"more-link\">Devam\u0131n\u0131 Oku&#8230;<\/a><\/p>\n","protected":false},"author":2,"featured_media":19868,"comment_status":"open","ping_status":"open","sticky":false,"template":"","format":"standard","meta":[],"categories":[1,2,3,5,10],"tags":[],"_links":{"self":[{"href":"https:\/\/akdenizolaygazetesi.com\/index.php?rest_route=\/wp\/v2\/posts\/19867"}],"collection":[{"href":"https:\/\/akdenizolaygazetesi.com\/index.php?rest_route=\/wp\/v2\/posts"}],"about":[{"href":"https:\/\/akdenizolaygazetesi.com\/index.php?rest_route=\/wp\/v2\/types\/post"}],"author":[{"embeddable":true,"href":"https:\/\/akdenizolaygazetesi.com\/index.php?rest_route=\/wp\/v2\/users\/2"}],"replies":[{"embeddable":true,"href":"https:\/\/akdenizolaygazetesi.com\/index.php?rest_route=%2Fwp%2Fv2%2Fcomments&post=19867"}],"version-history":[{"count":1,"href":"https:\/\/akdenizolaygazetesi.com\/index.php?rest_route=\/wp\/v2\/posts\/19867\/revisions"}],"predecessor-version":[{"id":19869,"href":"https:\/\/akdenizolaygazetesi.com\/index.php?rest_route=\/wp\/v2\/posts\/19867\/revisions\/19869"}],"wp:featuredmedia":[{"embeddable":true,"href":"https:\/\/akdenizolaygazetesi.com\/index.php?rest_route=\/wp\/v2\/media\/19868"}],"wp:attachment":[{"href":"https:\/\/akdenizolaygazetesi.com\/index.php?rest_route=%2Fwp%2Fv2%2Fmedia&parent=19867"}],"wp:term":[{"taxonomy":"category","embeddable":true,"href":"https:\/\/akdenizolaygazetesi.com\/index.php?rest_route=%2Fwp%2Fv2%2Fcategories&post=19867"},{"taxonomy":"post_tag","embeddable":true,"href":"https:\/\/akdenizolaygazetesi.com\/index.php?rest_route=%2Fwp%2Fv2%2Ftags&post=19867"}],"curies":[{"name":"wp","href":"https:\/\/api.w.org\/{rel}","templated":true}]}}