{"id":19877,"date":"2022-07-19T15:38:12","date_gmt":"2022-07-19T12:38:12","guid":{"rendered":"http:\/\/akdenizolaygazetesi.com\/?p=19877"},"modified":"2022-07-19T15:38:12","modified_gmt":"2022-07-19T12:38:12","slug":"yenisehir-belediyesi-gocmen-balik-pazarinin-yapiminda-sona-gelindi","status":"publish","type":"post","link":"https:\/\/akdenizolaygazetesi.com\/?p=19877","title":{"rendered":"Yeni\u015fehir Belediyesi G\u00f6\u00e7men Bal\u0131k Pazar\u0131\u2019n\u0131n yap\u0131m\u0131nda sona gelindi"},"content":{"rendered":"<p>Mersin Yeni\u015fehir Belediyesi taraf\u0131ndan vatanda\u015flar\u0131n taze ve uygun fiyata bal\u0131k alabilmesi amac\u0131yla E\u011fri\u00e7am Mahallesi\u2019nde yap\u0131lan Yeni\u015fehir Belediyesi G\u00f6\u00e7men Bal\u0131k Pazar\u0131\u2019n\u0131n in\u015faat\u0131 tamamland\u0131. 1108 metrekarelik alan \u00fczerinde in\u015fa edilen ve i\u00e7erisinde 11 bal\u0131k\u00e7\u0131 d\u00fckk\u00e2n\u0131n yan\u0131 s\u0131ra pi\u015firim alan\u0131, manav ve kafeteryan\u0131n da yer alaca\u011f\u0131 bal\u0131k pazar\u0131 k\u0131sa s\u00fcrede hizmete a\u00e7\u0131lacak.<br \/>\nMersin Yeni\u015fehir Belediyesinin il\u00e7e genelinde yapaca\u011f\u0131 bal\u0131k pazarlar\u0131n\u0131n ilki olan G\u00f6\u00e7men Bal\u0131k Pazar\u0131\u2019nda sona gelindi. \u0130n\u015fatt\u0131 tamamlanan bal\u0131k pazar\u0131n\u0131n \u00e7evre d\u00fczenlemeleri de ba\u015flad\u0131. Bal\u0131k\u00e7\u0131 d\u00fckk\u00e2nlar\u0131, pi\u015firim alan\u0131, manav ve kafeteryas\u0131yla Yeni\u015fehir halk\u0131na hizmet verecek G\u00f6\u00e7men Bal\u0131k Pazar\u0131\u2019ndan sonra Yeni\u015fehir Belediyesi, H\u00fcrriyet Mahallesi\u2019nde de yeni bir bal\u0131k pazara yapacak.<br \/>\nEyl\u00fcl ay\u0131nda hizmete a\u00e7\u0131lacak<br \/>\nVatanda\u015flar\u0131n taze bal\u0131\u011fa ve uygun fiyatlarla ula\u015fmalar\u0131 i\u00e7in bu hizmetin \u00f6nemli oldu\u011funa dikkat \u00e7eken Yeni\u015fehir Belediye Ba\u015fkan\u0131 Abdullah \u00d6zyi\u011fit, \u201c\u015eubat ay\u0131n\u0131n sonunda temelini att\u0131\u011f\u0131m\u0131z G\u00f6\u00e7men Bal\u0131k Pazar\u0131m\u0131z\u0131n in\u015faat\u0131n\u0131 tamamlad\u0131k. Eyl\u00fcl ay\u0131nda yeni bal\u0131k sezonu ile birlikte buray\u0131 hizmete a\u00e7m\u0131\u015f olaca\u011f\u0131z. Hijyenik ve modern bir pazarda hem\u015fehrilerimize taze ve ucuz bal\u0131k sunmay\u0131 hedefliyoruz. H\u00fcrriyet Mahallemizde bulunan dere boyu semt pazar\u0131m\u0131z\u0131n\u0131z hemen biti\u015fi\u011finde de ikinci bal\u0131k pazar\u0131m\u0131z\u0131n yap\u0131m\u0131na ba\u015flayaca\u011f\u0131z. Onu da k\u0131sa s\u00fcrede tamamlayarak hizmete a\u00e7aca\u011f\u0131z. Bal\u0131k pazarlar\u0131 hem esnaflar\u0131m\u0131z hem de hem\u015fehrilerimiz i\u00e7in iyi olacak. Halk\u0131m\u0131z\u0131n besin de\u011feri \u00e7ok y\u00fcksek olan deniz \u00fcr\u00fcnlerine uygun fiyatlarla ula\u015fmalar\u0131n\u0131 istiyoruz.\u201d diye konu\u015ftu.<\/p>\n","protected":false},"excerpt":{"rendered":"<p>Mersin Yeni\u015fehir Belediyesi taraf\u0131ndan vatanda\u015flar\u0131n taze ve uygun fiyata bal\u0131k alabilmesi amac\u0131yla E\u011fri\u00e7am Mahallesi\u2019nde yap\u0131lan Yeni\u015fehir Belediyesi G\u00f6\u00e7men Bal\u0131k Pazar\u0131\u2019n\u0131n in\u015faat\u0131 tamamland\u0131. 1108 metrekarelik alan \u00fczerinde in\u015fa edilen ve i\u00e7erisinde &hellip; <a href=\"https:\/\/akdenizolaygazetesi.com\/?p=19877\" class=\"more-link\">Devam\u0131n\u0131 Oku&#8230;<\/a><\/p>\n","protected":false},"author":2,"featured_media":19878,"comment_status":"open","ping_status":"open","sticky":false,"template":"","format":"standard","meta":[],"categories":[1,2,3,5],"tags":[],"_links":{"self":[{"href":"https:\/\/akdenizolaygazetesi.com\/index.php?rest_route=\/wp\/v2\/posts\/19877"}],"collection":[{"href":"https:\/\/akdenizolaygazetesi.com\/index.php?rest_route=\/wp\/v2\/posts"}],"about":[{"href":"https:\/\/akdenizolaygazetesi.com\/index.php?rest_route=\/wp\/v2\/types\/post"}],"author":[{"embeddable":true,"href":"https:\/\/akdenizolaygazetesi.com\/index.php?rest_route=\/wp\/v2\/users\/2"}],"replies":[{"embeddable":true,"href":"https:\/\/akdenizolaygazetesi.com\/index.php?rest_route=%2Fwp%2Fv2%2Fcomments&post=19877"}],"version-history":[{"count":1,"href":"https:\/\/akdenizolaygazetesi.com\/index.php?rest_route=\/wp\/v2\/posts\/19877\/revisions"}],"predecessor-version":[{"id":19879,"href":"https:\/\/akdenizolaygazetesi.com\/index.php?rest_route=\/wp\/v2\/posts\/19877\/revisions\/19879"}],"wp:featuredmedia":[{"embeddable":true,"href":"https:\/\/akdenizolaygazetesi.com\/index.php?rest_route=\/wp\/v2\/media\/19878"}],"wp:attachment":[{"href":"https:\/\/akdenizolaygazetesi.com\/index.php?rest_route=%2Fwp%2Fv2%2Fmedia&parent=19877"}],"wp:term":[{"taxonomy":"category","embeddable":true,"href":"https:\/\/akdenizolaygazetesi.com\/index.php?rest_route=%2Fwp%2Fv2%2Fcategories&post=19877"},{"taxonomy":"post_tag","embeddable":true,"href":"https:\/\/akdenizolaygazetesi.com\/index.php?rest_route=%2Fwp%2Fv2%2Ftags&post=19877"}],"curies":[{"name":"wp","href":"https:\/\/api.w.org\/{rel}","templated":true}]}}