{"id":19884,"date":"2022-07-20T12:45:07","date_gmt":"2022-07-20T09:45:07","guid":{"rendered":"http:\/\/akdenizolaygazetesi.com\/?p=19884"},"modified":"2022-07-20T12:45:07","modified_gmt":"2022-07-20T09:45:07","slug":"secer-1974ten-sonra-turk-toplumu-daha-guven-icerisinde-yasamaya-basladi","status":"publish","type":"post","link":"https:\/\/akdenizolaygazetesi.com\/?p=19884","title":{"rendered":"SE\u00c7ER: &#8220;1974&#8217;TEN SONRA T\u00dcRK TOPLUMU DAHA G\u00dcVEN \u0130\u00c7ER\u0130S\u0130NDE YA\u015eAMAYA BA\u015eLADI&#8221;"},"content":{"rendered":"<p>Mersin B\u00fcy\u00fck\u015fehir Belediye Ba\u015fkan\u0131 Vahap Se\u00e7er, 20 Temmuz 1974 K\u0131br\u0131s Bar\u0131\u015f Harek\u00e2t\u0131&#8217;n\u0131n y\u0131ld\u00f6n\u00fcm\u00fc vesilesiyle, Kuzey K\u0131br\u0131s T\u00fcrk Cumhuriyeti (KKTC) Ba\u015fkonsolosu Zalihe Mendeli ve beraberindeki heyette yer alan; KKTC E\u011fitim ve K\u00fclt\u00fcr Ata\u015fesi B\u00fcnyamin Merhametsiz, T\u00fcrk Mukavemet Te\u015fkilat\u0131 (TMT) M\u00fccahitler Derne\u011fi Ba\u015fkan Yard\u0131mc\u0131s\u0131 Celal Bayar, TMT Temsilcisi Ali Bozda\u011fl\u0131 ve K\u0131br\u0131s T\u00fcrk K\u00fclt\u00fcr Derne\u011fi Mersin \u015eube Ba\u015fkan\u0131 Bilge Tatver&#8217;i makam\u0131nda a\u011f\u0131rlad\u0131.<br \/>\nSe\u00e7er: &#8220;Mahallemizde o d\u00f6nem askerli\u011fini yapan \u00e7ok insan harek\u00e2tta g\u00f6rev ald\u0131&#8221;<br \/>\nZiyaretten duydu\u011fu memnuniyeti dile getiren Ba\u015fkan Se\u00e7er, &#8220;1974 y\u0131l\u0131nda d\u00f6nemin Ba\u015fbakan\u0131 rahmetli B\u00fclent Ecevit ile Ba\u015fbakan Yard\u0131mc\u0131s\u0131 rahmetli Necmettin Erbakan&#8217;\u0131n ortak karar\u0131yla, T\u00fcrk askeri adada bar\u0131\u015f\u0131 tesis etmek i\u00e7in gitti. Mahallemizde o d\u00f6nem askerli\u011fini yapan \u00e7ok say\u0131da insan\u0131n, Mersin&#8217;den deniz yoluyla adaya ula\u015f\u0131p harekatta g\u00f6rev ald\u0131\u011f\u0131n\u0131 hat\u0131rl\u0131yorum. O d\u00f6nem benim \u00e7ocukluk \u00e7a\u011flar\u0131md\u0131 ve \u00e7ocuklu\u011fumda b\u00f6yle bir an\u0131s\u0131 vard\u0131&#8221; dedi.<br \/>\n&#8220;Harekat\u0131n amac\u0131, bar\u0131\u015f\u0131 ve g\u00fcveni tesis etmekti&#8221;<br \/>\n1974 K\u0131br\u0131s Bar\u0131\u015f Harekat\u0131&#8217;n\u0131n bir sonu\u00e7 oldu\u011funu, fakat \u00f6ncesinde bu harekat\u0131 haz\u0131rlayan nedenlerin bulundu\u011funu vurgulayan Ba\u015fkan Se\u00e7er, &#8220;D\u00f6nemin Ba\u015fbakan\u0131 rahmetli B\u00fclent Ecevit; bu harekat\u0131n amac\u0131n\u0131n, o d\u00f6nemde K\u0131br\u0131sl\u0131 soyda\u015flar\u0131n\u0131n hakk\u0131n\u0131, hukukunu korumak \u00fczere, g\u00fcvenini sa\u011flamak \u00fczere ve bar\u0131\u015f\u0131 tesis etmek \u00fczere oldu\u011funu, defaatle d\u00fcnya kamuoyuna aktarm\u0131\u015ft\u0131. Ger\u00e7ekten de o g\u00fcnlerdeki ac\u0131 hadiseleri, savunmas\u0131z K\u0131br\u0131sl\u0131 soyda\u015flar\u0131m\u0131z\u0131n nas\u0131l hunharca katledildiklerini hat\u0131rl\u0131yoruz&#8221; dedi. Fakat, 1974&#8217;ten sonra adada iklimin de\u011fi\u015fti\u011fini ve harekat sonras\u0131 adadaki T\u00fcrk toplumunun daha bir g\u00fcven i\u00e7erisinde ya\u015famaya ba\u015flad\u0131\u011f\u0131n\u0131 vurgulayan Ba\u015fkan Se\u00e7er, &#8220;\u00c7\u00fcnk\u00fc, art\u0131k anavatan T\u00fcrkiye&#8217;nin kesin, amas\u0131z, fakats\u0131z, lakinsiz bir korumas\u0131 vard\u0131. Bug\u00fcnlere kadar geldik. \u0130n\u015fallah bu huzur ebediyen de devam edecek&#8221; dedi.<br \/>\n&#8220;\u015eehitlerimizi rahmet ve \u015f\u00fckranla an\u0131yorum&#8221;<br \/>\nG\u00fcn\u00fcm\u00fczde adada sorun olan konular\u0131n da, iki toplumun liderleri ve ba\u015fta T\u00fcrkiye olmak \u00fczere bu konuda yap\u0131c\u0131 \u00e7abalar\u0131 olan \u00fclkelerin de gayretleri ile \u00e7\u00f6z\u00fclmesi ve adada kal\u0131c\u0131 bir bar\u0131\u015fa, huzura evirilmesi y\u00f6n\u00fcnde dilekleri oldu\u011funu s\u00f6zlerine ekleyen Ba\u015fkan Se\u00e7er, &#8220;\u0130n\u015fallah bu bayram g\u00fcn\u00fcnde bu dileklerimiz, temennilerimiz, dualar\u0131m\u0131z kabul olur. Hi\u00e7 kimse sava\u015f, g\u00f6zya\u015f\u0131, kan istemez, arzu etmez. Ama tarihi ko\u015fullar zaman zaman \u00fclkeleri, toplumlar\u0131 bu tip istemedi\u011fi durumlarla kar\u015f\u0131 kar\u015f\u0131ya getirebiliyor. Ulu \u00d6nder Mustafa Kemal Atat\u00fcrk&#8217;\u00fcn dedi\u011fi gibi, &#8216;Sava\u015f, zorunlu olmad\u0131k\u00e7a bir cinayettir&#8217;. Bu \u00e7ok anlaml\u0131 bir s\u00f6zd\u00fcr. Beni \u00e7ok etkileyen bir s\u00f6zd\u00fcr. Bizler bar\u0131\u015fsever insanlar\u0131z. Yurtsever insanlar\u0131z. Do\u011fal olarak hakl\u0131n\u0131n yan\u0131nda duraca\u011f\u0131z. Bu vesile ile de bar\u0131\u015f harekat\u0131nda \u015fehit olan askerlerimizi, orada katledilen sivil yurtta\u015flar\u0131m\u0131z\u0131,  m\u00fccahitlerimizi rahmetle ve \u015f\u00fckranla an\u0131yorum&#8221; dedi.<br \/>\nMendeli: &#8220;Bundan 48 y\u0131l \u00f6nce adada bir direni\u015f ve dirili\u015f destan\u0131 yaz\u0131ld\u0131&#8221;<br \/>\nKKTC Ba\u015fkonsolosu Zalihe Mendeli, 20 Temmuz K\u0131br\u0131s Bar\u0131\u015f Harekat\u0131&#8217;n\u0131n 48&#8217;inci y\u0131ld\u00f6n\u00fcm\u00fc vesilesi ile \u015f\u00fckran ziyareti ger\u00e7ekle\u015ftirdiklerini belirterek, &#8220;Bundan 48 y\u0131l \u00f6nce adada bir direni\u015f ve dirili\u015f destan\u0131 yaz\u0131ld\u0131. O g\u00fcn Mehmet\u00e7i\u011fimiz adaya zaman\u0131nda m\u00fcdahale etmemi\u015f olsayd\u0131 ve m\u00fccahitlerimiz de direnmemi\u015f olsayd\u0131, bug\u00fcn K\u0131br\u0131s T\u00fcrk halk\u0131 diye bir halk olmayacakt\u0131 adada. \u00c7ok \u015f\u00fck\u00fcr ki bug\u00fcn adada bar\u0131\u015f, huzur ve g\u00fcven vard\u0131r. Tek eksik kalan \u015fey \u00e7\u00f6z\u00fcmd\u00fc. Ancak bunun da nedeni sizlerin de bildi\u011fi gibi Rumlard\u0131r. Rumlar hi\u00e7bir zaman bizlerle y\u00f6netimde zenginli\u011fi payla\u015fmak istemediler. \u00c7\u00f6z\u00fcm olur ya da olmaz, bizler d\u00fcn oldu\u011fu gibi bug\u00fcn de m\u00fccadelemizi anavatan\u0131m\u0131z T\u00fcrkiye Cumhuriyeti ile birlikte s\u00fcrd\u00fcrece\u011fiz&#8221; dedi.<br \/>\nMersin&#8217;in kendileri i\u00e7in \u00e7ok \u00f6nemli ve anlaml\u0131 bir \u015fehir oldu\u011funu kaydeden Mendeli, &#8220;Mersin, bizim harekat\u0131m\u0131z\u0131n ba\u015flang\u0131\u00e7 noktas\u0131d\u0131r. O y\u00fczden de\u011fil 48, 148 y\u0131l da ge\u00e7se biz bu t\u00f6renimizi ilk g\u00fcnk\u00fc co\u015fkuyla kutlayaca\u011f\u0131z in\u015fallah. Ben de tabi ki bu vesile ile vatan\u0131m\u0131z u\u011fruna \u015fehit d\u00fc\u015fen t\u00fcm \u015fehitlerimize ve vefat eden gazilerimize, buradan bir kez daha rahmet diliyorum. Hayatta olan gazilerimize ve m\u00fccahitlerimize de \u015f\u00fckranlar\u0131m\u0131z\u0131 iletiyorum&#8221; dedi.<\/p>\n","protected":false},"excerpt":{"rendered":"<p>Mersin B\u00fcy\u00fck\u015fehir Belediye Ba\u015fkan\u0131 Vahap Se\u00e7er, 20 Temmuz 1974 K\u0131br\u0131s Bar\u0131\u015f Harek\u00e2t\u0131&#8217;n\u0131n y\u0131ld\u00f6n\u00fcm\u00fc vesilesiyle, Kuzey K\u0131br\u0131s T\u00fcrk Cumhuriyeti (KKTC) Ba\u015fkonsolosu Zalihe Mendeli ve beraberindeki heyette yer alan; KKTC E\u011fitim ve &hellip; <a href=\"https:\/\/akdenizolaygazetesi.com\/?p=19884\" class=\"more-link\">Devam\u0131n\u0131 Oku&#8230;<\/a><\/p>\n","protected":false},"author":2,"featured_media":19885,"comment_status":"open","ping_status":"open","sticky":false,"template":"","format":"standard","meta":[],"categories":[1,2,3,5],"tags":[],"_links":{"self":[{"href":"https:\/\/akdenizolaygazetesi.com\/index.php?rest_route=\/wp\/v2\/posts\/19884"}],"collection":[{"href":"https:\/\/akdenizolaygazetesi.com\/index.php?rest_route=\/wp\/v2\/posts"}],"about":[{"href":"https:\/\/akdenizolaygazetesi.com\/index.php?rest_route=\/wp\/v2\/types\/post"}],"author":[{"embeddable":true,"href":"https:\/\/akdenizolaygazetesi.com\/index.php?rest_route=\/wp\/v2\/users\/2"}],"replies":[{"embeddable":true,"href":"https:\/\/akdenizolaygazetesi.com\/index.php?rest_route=%2Fwp%2Fv2%2Fcomments&post=19884"}],"version-history":[{"count":1,"href":"https:\/\/akdenizolaygazetesi.com\/index.php?rest_route=\/wp\/v2\/posts\/19884\/revisions"}],"predecessor-version":[{"id":19886,"href":"https:\/\/akdenizolaygazetesi.com\/index.php?rest_route=\/wp\/v2\/posts\/19884\/revisions\/19886"}],"wp:featuredmedia":[{"embeddable":true,"href":"https:\/\/akdenizolaygazetesi.com\/index.php?rest_route=\/wp\/v2\/media\/19885"}],"wp:attachment":[{"href":"https:\/\/akdenizolaygazetesi.com\/index.php?rest_route=%2Fwp%2Fv2%2Fmedia&parent=19884"}],"wp:term":[{"taxonomy":"category","embeddable":true,"href":"https:\/\/akdenizolaygazetesi.com\/index.php?rest_route=%2Fwp%2Fv2%2Fcategories&post=19884"},{"taxonomy":"post_tag","embeddable":true,"href":"https:\/\/akdenizolaygazetesi.com\/index.php?rest_route=%2Fwp%2Fv2%2Ftags&post=19884"}],"curies":[{"name":"wp","href":"https:\/\/api.w.org\/{rel}","templated":true}]}}