{"id":19893,"date":"2022-07-20T12:51:12","date_gmt":"2022-07-20T09:51:12","guid":{"rendered":"http:\/\/akdenizolaygazetesi.com\/?p=19893"},"modified":"2022-07-20T12:51:12","modified_gmt":"2022-07-20T09:51:12","slug":"baskan-yilmaz-kibris-baris-harekatinin-yil-donumunu-gururla-kutluyoruz","status":"publish","type":"post","link":"https:\/\/akdenizolaygazetesi.com\/?p=19893","title":{"rendered":"BA\u015eKAN YILMAZ; &#8220;KIBRIS BARI\u015e HAREKATI&#8217;NIN YIL D\u00d6N\u00dcM\u00dcN\u00dc GURURLA KUTLUYORUZ&#8221;"},"content":{"rendered":"<p>Harek\u00e2t\u0131&#8217;n\u0131n 48&#8217;inci y\u0131l d\u00f6n\u00fcm\u00fc dolay\u0131s\u0131yla bir mesaj yay\u0131nlad\u0131.<\/p>\n<p>K\u0131br\u0131s T\u00fcrk halk\u0131n\u0131n vermi\u015f oldu\u011fu ba\u011f\u0131ms\u0131zl\u0131k ve \u00f6zg\u00fcrl\u00fck m\u00fccadelesinin sembol\u00fc olan 20 Temmuz Bar\u0131\u015f ve \u00d6zg\u00fcrl\u00fck Bayram\u0131&#8217;n\u0131 gurur ve heyecanla kutlad\u0131klar\u0131n\u0131 belirten Ba\u015fkan Y\u0131lmaz; &#8220;Bu hakl\u0131 m\u00fccadeleyi sonuna kadar s\u00fcrd\u00fcren herkese minnettar\u0131z&#8221; dedi.<\/p>\n<p>T\u00fcrkiye&#8217;nin her zaman ve her ko\u015fulda K\u0131br\u0131s T\u00fcrk halk\u0131n\u0131n yan\u0131nda oldu\u011funu s\u00f6yleyen Ba\u015fkan Y\u0131lmaz; &#8220;20 Temmuz 1974 tarihinde T\u00fcrk Silahl\u0131 Kuvvetlerimiz taraf\u0131ndan ger\u00e7ekle\u015ftirilen K\u0131br\u0131s Bar\u0131\u015f Harekat\u0131, yavru vatanda bar\u0131\u015f\u0131 sa\u011flayan \u015fanl\u0131 bir zaferdir. K\u0131br\u0131s ve T\u00fcrkiye ayr\u0131 ayr\u0131 d\u00fc\u015f\u00fcn\u00fclemez. Et ve t\u0131rnak gibi birbirlerine b\u00fct\u00fcnle\u015fmi\u015f vaziyetteyiz. Aziz milletimiz, d\u00fcn oldu\u011fu gibi bug\u00fcn ve yar\u0131n da \u015fartlar ne olursa olsun ba\u011f\u0131ms\u0131zl\u0131\u011f\u0131ndan, vatan\u0131n b\u00f6l\u00fcnmez b\u00fct\u00fcnl\u00fc\u011f\u00fcnden ve bayrak sevgisinden, asla vazge\u00e7memi\u015ftir ve vazge\u00e7meyecektir. Yavru vatan Kuzey K\u0131br\u0131s T\u00fcrk Cumhuriyeti (KKTC) ile birlik ve beraberlik i\u00e7erisinde Cumhuriyetimizi sonsuza kadar ya\u015fataca\u011f\u0131z. Bu duygu ve d\u00fc\u015f\u00fcncelerle; K\u0131br\u0131s&#8217;\u0131n vatanla\u015fmas\u0131nda b\u00fcy\u00fck eme\u011fi olan Kurucu Cumhurba\u015fkan\u0131 merhum Rauf Raif Denkta\u015f&#8217;\u0131, Dr. Faz\u0131l K\u00fc\u00e7\u00fck&#8217;\u00fc ve kurtulu\u015f m\u00fccadelesinde canlar\u0131n\u0131 feda eden aziz \u015fehitlerimizi rahmet ve minnetle, gazilerimizi \u015f\u00fckran ve sayg\u0131yla an\u0131yorum&#8221;  diye konu\u015ftu.<\/p>\n","protected":false},"excerpt":{"rendered":"<p>Harek\u00e2t\u0131&#8217;n\u0131n 48&#8217;inci y\u0131l d\u00f6n\u00fcm\u00fc dolay\u0131s\u0131yla bir mesaj yay\u0131nlad\u0131. K\u0131br\u0131s T\u00fcrk halk\u0131n\u0131n vermi\u015f oldu\u011fu ba\u011f\u0131ms\u0131zl\u0131k ve \u00f6zg\u00fcrl\u00fck m\u00fccadelesinin sembol\u00fc olan 20 Temmuz Bar\u0131\u015f ve \u00d6zg\u00fcrl\u00fck Bayram\u0131&#8217;n\u0131 gurur ve heyecanla kutlad\u0131klar\u0131n\u0131 belirten &hellip; <a href=\"https:\/\/akdenizolaygazetesi.com\/?p=19893\" class=\"more-link\">Devam\u0131n\u0131 Oku&#8230;<\/a><\/p>\n","protected":false},"author":2,"featured_media":19894,"comment_status":"open","ping_status":"open","sticky":false,"template":"","format":"standard","meta":[],"categories":[1,2,3,5],"tags":[],"_links":{"self":[{"href":"https:\/\/akdenizolaygazetesi.com\/index.php?rest_route=\/wp\/v2\/posts\/19893"}],"collection":[{"href":"https:\/\/akdenizolaygazetesi.com\/index.php?rest_route=\/wp\/v2\/posts"}],"about":[{"href":"https:\/\/akdenizolaygazetesi.com\/index.php?rest_route=\/wp\/v2\/types\/post"}],"author":[{"embeddable":true,"href":"https:\/\/akdenizolaygazetesi.com\/index.php?rest_route=\/wp\/v2\/users\/2"}],"replies":[{"embeddable":true,"href":"https:\/\/akdenizolaygazetesi.com\/index.php?rest_route=%2Fwp%2Fv2%2Fcomments&post=19893"}],"version-history":[{"count":1,"href":"https:\/\/akdenizolaygazetesi.com\/index.php?rest_route=\/wp\/v2\/posts\/19893\/revisions"}],"predecessor-version":[{"id":19895,"href":"https:\/\/akdenizolaygazetesi.com\/index.php?rest_route=\/wp\/v2\/posts\/19893\/revisions\/19895"}],"wp:featuredmedia":[{"embeddable":true,"href":"https:\/\/akdenizolaygazetesi.com\/index.php?rest_route=\/wp\/v2\/media\/19894"}],"wp:attachment":[{"href":"https:\/\/akdenizolaygazetesi.com\/index.php?rest_route=%2Fwp%2Fv2%2Fmedia&parent=19893"}],"wp:term":[{"taxonomy":"category","embeddable":true,"href":"https:\/\/akdenizolaygazetesi.com\/index.php?rest_route=%2Fwp%2Fv2%2Fcategories&post=19893"},{"taxonomy":"post_tag","embeddable":true,"href":"https:\/\/akdenizolaygazetesi.com\/index.php?rest_route=%2Fwp%2Fv2%2Ftags&post=19893"}],"curies":[{"name":"wp","href":"https:\/\/api.w.org\/{rel}","templated":true}]}}