{"id":19896,"date":"2022-07-20T17:10:29","date_gmt":"2022-07-20T14:10:29","guid":{"rendered":"http:\/\/akdenizolaygazetesi.com\/?p=19896"},"modified":"2022-07-20T17:10:29","modified_gmt":"2022-07-20T14:10:29","slug":"belediyemiz-yipratilmaya-calisiliyor","status":"publish","type":"post","link":"https:\/\/akdenizolaygazetesi.com\/?p=19896","title":{"rendered":"\u2018BELED\u0130YEM\u0130Z YIPRATILMAYA \u00c7ALI\u015eILIYOR\u2019"},"content":{"rendered":"<p>Mersin B\u00fcy\u00fck\u015fehir Belediyesi, \u00d6zgecan Aslan Meydan\u0131&#8217;ndaki kau\u00e7uk a\u011fac\u0131n\u0131n matkapla delinerek yabanc\u0131 madde enjekte edilmesi olay\u0131yla ilgili idari soru\u015fturma ba\u015flat\u0131ld\u0131\u011f\u0131n\u0131 a\u00e7\u0131klad\u0131.<br \/>\nB\u00fcy\u00fck\u015fehir Belediyesi&#8217;nden yap\u0131lan a\u00e7\u0131klamada, s\u00f6z konusu kau\u00e7uk a\u011fac\u0131ndaki kuruma belirtilerinin g\u00f6r\u00fcld\u00fc\u011f\u00fc ilk g\u00fcnden itibaren a\u011fac\u0131n yeniden sa\u011fl\u0131\u011f\u0131na kavu\u015fmas\u0131 i\u00e7in her t\u00fcrl\u00fc \u00f6nlemin al\u0131nd\u0131\u011f\u0131 ve bilimsel metotlarla tedavi s\u00fcrecine ba\u015fland\u0131\u011f\u0131 belirtilerek, &#8220;A\u011fac\u0131n tekrar s\u00fcrg\u00fcn verme yetene\u011fi dikkate al\u0131narak kuruyan dallar\u0131 budanm\u0131\u015f ve budanan dal y\u00fczeyleri de a\u015f\u0131 macunu ile kapat\u0131lm\u0131\u015ft\u0131r. A\u011fac\u0131n hayat belirtisi g\u00f6stermesi \u015fu a\u015famada sevindirici olup, yeniden eski sa\u011fl\u0131\u011f\u0131na kavu\u015fmas\u0131 i\u00e7in gayretli \u00e7abam\u0131z s\u00fcrmektedir&#8221; denildi.<\/p>\n<p>&#8220;\u0130dari soru\u015fturma ba\u015flat\u0131ld\u0131&#8221;<\/p>\n<p>Konuyla ilgili belediye b\u00fcnyesinde derhal idari soru\u015fturma a\u00e7\u0131ld\u0131\u011f\u0131 ve soru\u015fturman\u0131n halen titizlikle s\u00fcrd\u00fcr\u00fcld\u00fc\u011f\u00fc ifade edilen a\u00e7\u0131klamada, ayr\u0131ca iddialar \u00fczerine adli s\u00fcrecin devam etti\u011fi vurgulanarak \u015f\u00f6yle denildi:<br \/>\n&#8220;\u00d6te yandan olay bahane edilerek tamamen siyasi saiklerle yap\u0131ld\u0131\u011f\u0131 a\u00e7\u0131k olan sald\u0131r\u0131larla belediyemizin y\u0131prat\u0131lmaya \u00e7al\u0131\u015f\u0131lmas\u0131 asla kabul edilemez. Bu t\u00fcr f\u0131rsat\u00e7\u0131 yakla\u015f\u0131mlar\u0131n ve siyasi sald\u0131r\u0131lar\u0131n kimseye yarar sa\u011flamayaca\u011f\u0131 bilinmelidir. G\u00fcn i\u00e7erisinde davet edildi\u011finde bilgi vermek durumunda olan Tar\u0131msal Hizmetler Daire Ba\u015fkan\u0131m\u0131z\u0131n gece yar\u0131s\u0131 saat 02.00\u2019de polis ekiplerince evinde g\u00f6zalt\u0131na al\u0131nmas\u0131, adli soru\u015fturman\u0131n sa\u011fl\u0131kl\u0131 y\u00fcr\u00fct\u00fcld\u00fc\u011f\u00fc konusunda endi\u015fe uyand\u0131rmaktad\u0131r. G\u00f6reve geldi\u011fimiz g\u00fcnden bu yana binlerce fidan\u0131 toprakla bulu\u015fturan, park ve ye\u015fil alanlar\u0131m\u0131za \u00f6zenle bakan bir belediye olarak s\u00fcrecin titizlikle takip\u00e7isi oldu\u011fumuzun ve d\u00fcn oldu\u011fu gibi bug\u00fcn ve yar\u0131n da t\u00fcm canl\u0131lar\u0131n belediyesi olarak canla ba\u015fla \u00e7al\u0131\u015faca\u011f\u0131m\u0131z\u0131n bilinmesini isteriz.&#8221;<\/p>\n","protected":false},"excerpt":{"rendered":"<p>Mersin B\u00fcy\u00fck\u015fehir Belediyesi, \u00d6zgecan Aslan Meydan\u0131&#8217;ndaki kau\u00e7uk a\u011fac\u0131n\u0131n matkapla delinerek yabanc\u0131 madde enjekte edilmesi olay\u0131yla ilgili idari soru\u015fturma ba\u015flat\u0131ld\u0131\u011f\u0131n\u0131 a\u00e7\u0131klad\u0131. B\u00fcy\u00fck\u015fehir Belediyesi&#8217;nden yap\u0131lan a\u00e7\u0131klamada, s\u00f6z konusu kau\u00e7uk a\u011fac\u0131ndaki kuruma belirtilerinin &hellip; <a href=\"https:\/\/akdenizolaygazetesi.com\/?p=19896\" class=\"more-link\">Devam\u0131n\u0131 Oku&#8230;<\/a><\/p>\n","protected":false},"author":2,"featured_media":19897,"comment_status":"open","ping_status":"open","sticky":false,"template":"","format":"standard","meta":[],"categories":[34,2,3],"tags":[],"_links":{"self":[{"href":"https:\/\/akdenizolaygazetesi.com\/index.php?rest_route=\/wp\/v2\/posts\/19896"}],"collection":[{"href":"https:\/\/akdenizolaygazetesi.com\/index.php?rest_route=\/wp\/v2\/posts"}],"about":[{"href":"https:\/\/akdenizolaygazetesi.com\/index.php?rest_route=\/wp\/v2\/types\/post"}],"author":[{"embeddable":true,"href":"https:\/\/akdenizolaygazetesi.com\/index.php?rest_route=\/wp\/v2\/users\/2"}],"replies":[{"embeddable":true,"href":"https:\/\/akdenizolaygazetesi.com\/index.php?rest_route=%2Fwp%2Fv2%2Fcomments&post=19896"}],"version-history":[{"count":1,"href":"https:\/\/akdenizolaygazetesi.com\/index.php?rest_route=\/wp\/v2\/posts\/19896\/revisions"}],"predecessor-version":[{"id":19898,"href":"https:\/\/akdenizolaygazetesi.com\/index.php?rest_route=\/wp\/v2\/posts\/19896\/revisions\/19898"}],"wp:featuredmedia":[{"embeddable":true,"href":"https:\/\/akdenizolaygazetesi.com\/index.php?rest_route=\/wp\/v2\/media\/19897"}],"wp:attachment":[{"href":"https:\/\/akdenizolaygazetesi.com\/index.php?rest_route=%2Fwp%2Fv2%2Fmedia&parent=19896"}],"wp:term":[{"taxonomy":"category","embeddable":true,"href":"https:\/\/akdenizolaygazetesi.com\/index.php?rest_route=%2Fwp%2Fv2%2Fcategories&post=19896"},{"taxonomy":"post_tag","embeddable":true,"href":"https:\/\/akdenizolaygazetesi.com\/index.php?rest_route=%2Fwp%2Fv2%2Ftags&post=19896"}],"curies":[{"name":"wp","href":"https:\/\/api.w.org\/{rel}","templated":true}]}}