{"id":19912,"date":"2022-07-20T17:19:38","date_gmt":"2022-07-20T14:19:38","guid":{"rendered":"http:\/\/akdenizolaygazetesi.com\/?p=19912"},"modified":"2022-07-20T17:19:38","modified_gmt":"2022-07-20T14:19:38","slug":"yenisehir-belediyesi-yaz-okulu-sanat-kurslari-basladi","status":"publish","type":"post","link":"https:\/\/akdenizolaygazetesi.com\/?p=19912","title":{"rendered":"Yeni\u015fehir Belediyesi yaz okulu sanat kurslar\u0131 ba\u015flad\u0131"},"content":{"rendered":"<p>Mersin Yeni\u015fehir Belediyesi taraf\u0131ndan kurulan Yeni\u015fehir Ki\u015fisel Geli\u015fim Merkezi(K\u0130GEM) b\u00fcnyesinde verilen yaz okulu k\u00fclt\u00fcr ve sanat kurslar\u0131 ba\u015flad\u0131. Yeni\u015fehir Belediyesi Atat\u00fcrk K\u00fclt\u00fcr Merkezinde bulunan sanat at\u00f6lyelerinde verilen kurslar farkl\u0131 ya\u015f gruplar\u0131ndan yo\u011fun ilgi g\u00f6r\u00fcyor. Profesyonel e\u011fitmenler taraf\u0131ndan verilen yaz okulu kurslar\u0131 28 A\u011fustos\u2019ta sona erecek.<br \/>\nYeni\u015fehir Belediyesi yeti\u015fkinler i\u00e7in tiyatro,  \u00e7ocuklar i\u00e7in drama, klasik bale ve dans kurslar\u0131n\u0131n da verildi\u011fi yaz okulunda yoga, pilates ve zumba dersleriyle de renkli, e\u011flenceli ve e\u011fitici bir yaz d\u00f6nemi f\u0131rsat\u0131 sunuyor. Yine yeti\u015fkin ve gen\u00e7lere y\u00f6nelik halk oyunlar\u0131n\u0131n yer ald\u0131\u011f\u0131 kurslar\u0131n yan\u0131 s\u0131ra keman, gitar, ba\u011flama, piyano ve bendir gibi enstr\u00fcman kurslar\u0131 da veriliyor. Yaz okulu kurslar\u0131 sona erdikten sonra 2022-2023 e\u011fitim-\u00f6\u011fretim y\u0131l\u0131n\u0131n ba\u015flamas\u0131yla yeni d\u00f6nem k\u00fclt\u00fcr sanat kurslar\u0131 ise Eyl\u00fcl ay\u0131nda ba\u015flayacak. Yeni\u015fehir Belediyesinin sanat kurslar\u0131ndan bug\u00fcne kadar binlerce \u00e7ocuk, gen\u00e7 ve yeti\u015fkin yararland\u0131.<br \/>\nMersin Yeni\u015fehir Belediye Ba\u015fkan\u0131 Abdullah \u00d6zyi\u011fit\u2019in y\u00f6netim anlay\u0131\u015f\u0131n\u0131 olu\u015fturdu\u011fu 6 temel ilke aras\u0131nda yer alan Hareket ve E\u011fitim ilkeleri \u00e7er\u00e7evesinde verilen sanat e\u011fitimleri, Yeni\u015fehirli vatanda\u015flar\u0131 da mutlu ediyor. <\/p>\n","protected":false},"excerpt":{"rendered":"<p>Mersin Yeni\u015fehir Belediyesi taraf\u0131ndan kurulan Yeni\u015fehir Ki\u015fisel Geli\u015fim Merkezi(K\u0130GEM) b\u00fcnyesinde verilen yaz okulu k\u00fclt\u00fcr ve sanat kurslar\u0131 ba\u015flad\u0131. Yeni\u015fehir Belediyesi Atat\u00fcrk K\u00fclt\u00fcr Merkezinde bulunan sanat at\u00f6lyelerinde verilen kurslar farkl\u0131 ya\u015f &hellip; <a href=\"https:\/\/akdenizolaygazetesi.com\/?p=19912\" class=\"more-link\">Devam\u0131n\u0131 Oku&#8230;<\/a><\/p>\n","protected":false},"author":2,"featured_media":19913,"comment_status":"open","ping_status":"open","sticky":false,"template":"","format":"standard","meta":[],"categories":[1,2,3],"tags":[],"_links":{"self":[{"href":"https:\/\/akdenizolaygazetesi.com\/index.php?rest_route=\/wp\/v2\/posts\/19912"}],"collection":[{"href":"https:\/\/akdenizolaygazetesi.com\/index.php?rest_route=\/wp\/v2\/posts"}],"about":[{"href":"https:\/\/akdenizolaygazetesi.com\/index.php?rest_route=\/wp\/v2\/types\/post"}],"author":[{"embeddable":true,"href":"https:\/\/akdenizolaygazetesi.com\/index.php?rest_route=\/wp\/v2\/users\/2"}],"replies":[{"embeddable":true,"href":"https:\/\/akdenizolaygazetesi.com\/index.php?rest_route=%2Fwp%2Fv2%2Fcomments&post=19912"}],"version-history":[{"count":1,"href":"https:\/\/akdenizolaygazetesi.com\/index.php?rest_route=\/wp\/v2\/posts\/19912\/revisions"}],"predecessor-version":[{"id":19914,"href":"https:\/\/akdenizolaygazetesi.com\/index.php?rest_route=\/wp\/v2\/posts\/19912\/revisions\/19914"}],"wp:featuredmedia":[{"embeddable":true,"href":"https:\/\/akdenizolaygazetesi.com\/index.php?rest_route=\/wp\/v2\/media\/19913"}],"wp:attachment":[{"href":"https:\/\/akdenizolaygazetesi.com\/index.php?rest_route=%2Fwp%2Fv2%2Fmedia&parent=19912"}],"wp:term":[{"taxonomy":"category","embeddable":true,"href":"https:\/\/akdenizolaygazetesi.com\/index.php?rest_route=%2Fwp%2Fv2%2Fcategories&post=19912"},{"taxonomy":"post_tag","embeddable":true,"href":"https:\/\/akdenizolaygazetesi.com\/index.php?rest_route=%2Fwp%2Fv2%2Ftags&post=19912"}],"curies":[{"name":"wp","href":"https:\/\/api.w.org\/{rel}","templated":true}]}}