{"id":19916,"date":"2022-07-21T12:14:10","date_gmt":"2022-07-21T09:14:10","guid":{"rendered":"http:\/\/akdenizolaygazetesi.com\/?p=19916"},"modified":"2022-07-21T12:14:10","modified_gmt":"2022-07-21T09:14:10","slug":"mersinde-orman-yanginlariyla-mucadelede-ogm-destegiyle-ilave-tedbirler","status":"publish","type":"post","link":"https:\/\/akdenizolaygazetesi.com\/?p=19916","title":{"rendered":"Mersin\u2019de orman yang\u0131nlar\u0131yla m\u00fccadelede OGM deste\u011fiyle ilave tedbirler"},"content":{"rendered":"<p>Orman Genel M\u00fcd\u00fcrl\u00fc\u011f\u00fcm\u00fczce, Konya Orman B\u00f6lge M\u00fcd\u00fcrl\u00fc\u011f\u00fcnden Mersin Orman B\u00f6lge M\u00fcd\u00fcrl\u00fc\u011f\u00fcm\u00fcze g\u00f6revlendirilen ve B\u00f6lge M\u00fcd\u00fcrl\u00fc\u011f\u00fcm\u00fcz\u00fcn muhtelif yerlerinde konu\u015fland\u0131r\u0131lacak olan 9 aroz\u00f6z ve 1 su ikmal arac\u0131 i\u00e7in, Mut Orman \u0130\u015fletme M\u00fcd\u00fcrl\u00fc\u011f\u00fcnde e\u011fitim d\u00fczenlendi.  <\/p>\n<p>E\u011fitime, Orman Yang\u0131nlar\u0131 ile M\u00fccadele \u015eube M\u00fcd\u00fcr\u00fc Mehmet Alper, Ork\u00f6y \u015eube M\u00fcd\u00fcr\u00fc Zafer K\u0131z\u0131l (\u0130\u015f G\u00fcvenli\u011fi Uzman\u0131), Mut Orman \u0130\u015fletme M\u00fcd\u00fcr\u00fc Necmi Poscu, \u015fefler, orman muhafaza memurlar\u0131 ve i\u015f\u00e7iler kat\u0131ld\u0131.<\/p>\n<p>E\u011fitimde ara\u00e7 gere\u00e7lerin kullan\u0131lmas\u0131nda dikkat edilecek hususlar, aroz\u00f6zlerde su pompas\u0131 kullan\u0131m\u0131 ve bak\u0131m\u0131, malzemelerin kontrol\u00fc, ki\u015fisel koruyucu g\u00fcvenlik malzemelerin kullan\u0131m\u0131 ve bak\u0131m\u0131, tim olu\u015fumu, yang\u0131n \u00f6ncesi haz\u0131rl\u0131\u011f\u0131, yang\u0131na m\u00fcdahale \u015fekilleri ve yang\u0131n sonras\u0131 yap\u0131lmas\u0131 gereken i\u015fler konular\u0131nda ekiplere bilgi verildi. <\/p>\n<p>Mersin Orman B\u00f6lge M\u00fcd\u00fcrl\u00fc\u011f\u00fc olarak yang\u0131n sezonunda vatanda\u015flar\u0131m\u0131z\u0131n orman yang\u0131nlar\u0131 konusunda hassas olmalar\u0131n\u0131 bekliyor, herhangi bir yang\u0131n ve duman g\u00f6rd\u00fcklerinde \u201cAlo 112\u201d yang\u0131n ihbar hatt\u0131na bildirmelerini talep ediyoruz. <\/p>\n","protected":false},"excerpt":{"rendered":"<p>Orman Genel M\u00fcd\u00fcrl\u00fc\u011f\u00fcm\u00fczce, Konya Orman B\u00f6lge M\u00fcd\u00fcrl\u00fc\u011f\u00fcnden Mersin Orman B\u00f6lge M\u00fcd\u00fcrl\u00fc\u011f\u00fcm\u00fcze g\u00f6revlendirilen ve B\u00f6lge M\u00fcd\u00fcrl\u00fc\u011f\u00fcm\u00fcz\u00fcn muhtelif yerlerinde konu\u015fland\u0131r\u0131lacak olan 9 aroz\u00f6z ve 1 su ikmal arac\u0131 i\u00e7in, Mut Orman \u0130\u015fletme &hellip; <a href=\"https:\/\/akdenizolaygazetesi.com\/?p=19916\" class=\"more-link\">Devam\u0131n\u0131 Oku&#8230;<\/a><\/p>\n","protected":false},"author":2,"featured_media":19917,"comment_status":"open","ping_status":"open","sticky":false,"template":"","format":"standard","meta":[],"categories":[2,3,5],"tags":[],"_links":{"self":[{"href":"https:\/\/akdenizolaygazetesi.com\/index.php?rest_route=\/wp\/v2\/posts\/19916"}],"collection":[{"href":"https:\/\/akdenizolaygazetesi.com\/index.php?rest_route=\/wp\/v2\/posts"}],"about":[{"href":"https:\/\/akdenizolaygazetesi.com\/index.php?rest_route=\/wp\/v2\/types\/post"}],"author":[{"embeddable":true,"href":"https:\/\/akdenizolaygazetesi.com\/index.php?rest_route=\/wp\/v2\/users\/2"}],"replies":[{"embeddable":true,"href":"https:\/\/akdenizolaygazetesi.com\/index.php?rest_route=%2Fwp%2Fv2%2Fcomments&post=19916"}],"version-history":[{"count":1,"href":"https:\/\/akdenizolaygazetesi.com\/index.php?rest_route=\/wp\/v2\/posts\/19916\/revisions"}],"predecessor-version":[{"id":19918,"href":"https:\/\/akdenizolaygazetesi.com\/index.php?rest_route=\/wp\/v2\/posts\/19916\/revisions\/19918"}],"wp:featuredmedia":[{"embeddable":true,"href":"https:\/\/akdenizolaygazetesi.com\/index.php?rest_route=\/wp\/v2\/media\/19917"}],"wp:attachment":[{"href":"https:\/\/akdenizolaygazetesi.com\/index.php?rest_route=%2Fwp%2Fv2%2Fmedia&parent=19916"}],"wp:term":[{"taxonomy":"category","embeddable":true,"href":"https:\/\/akdenizolaygazetesi.com\/index.php?rest_route=%2Fwp%2Fv2%2Fcategories&post=19916"},{"taxonomy":"post_tag","embeddable":true,"href":"https:\/\/akdenizolaygazetesi.com\/index.php?rest_route=%2Fwp%2Fv2%2Ftags&post=19916"}],"curies":[{"name":"wp","href":"https:\/\/api.w.org\/{rel}","templated":true}]}}