{"id":19919,"date":"2022-07-21T12:15:52","date_gmt":"2022-07-21T09:15:52","guid":{"rendered":"http:\/\/akdenizolaygazetesi.com\/?p=19919"},"modified":"2022-07-21T12:15:52","modified_gmt":"2022-07-21T09:15:52","slug":"25-temmuz-5-agustos-arasi-tercihlerinizi-beraber-belirleyelim","status":"publish","type":"post","link":"https:\/\/akdenizolaygazetesi.com\/?p=19919","title":{"rendered":"&#8220;25 TEMMUZ \u2013 5 A\u011eUSTOS ARASI TERC\u0130HLER\u0130N\u0130Z\u0130 BERABER BEL\u0130RLEYEL\u0130M&#8221;"},"content":{"rendered":"<p>Mersin B\u00fcy\u00fck\u015fehir Belediyesi Sosyal Hizmetler Dairesi&#8217;nin 9 il\u00e7edeki E\u011fitim ve \u00d6\u011fretimi Destekleme Kurs Merkezleri&#8217;nde \u00fcniversite s\u0131nav\u0131na haz\u0131rlanan gen\u00e7ler, YKS&#8217;de \u00f6nemli ba\u015far\u0131lar elde etti. B\u00fcy\u00fck\u015fehir&#8217;in \u00f6\u011frenim deste\u011fi sa\u011flad\u0131\u011f\u0131 4 bin 318 \u00f6\u011frencinin 151&#8217;i, T\u00fcrkiye&#8217;de ilk 50 binlik s\u0131ralamada yer al\u0131rken, 17&#8217;si ilk 5 bin, 3&#8217;\u00fc de ilk binde yer almay\u0131 ba\u015fard\u0131.<br \/>\n\u0130lk 50 binde 151 \u00f6\u011frenci<br \/>\n18-19 Haziran tarihlerinde 3 oturum halinde ger\u00e7ekle\u015fen ve 18 Temmuz&#8217;da sonu\u00e7lar\u0131 a\u00e7\u0131klanan YKS&#8217;de; B\u00fcy\u00fck\u015fehir Belediyesi&#8217;nden e\u011fitim ve \u00f6\u011fretim deste\u011fi alan \u00f6\u011frenciler, g\u00f6sterdikleri ba\u015far\u0131 ile g\u00f6z doldurdu.  B\u00fcy\u00fck\u015fehir Belediyesi&#8217;nin sa\u011flad\u0131\u011f\u0131 e\u011fitim imkan\u0131yla, t\u00fcm y\u0131l boyunca s\u0131k\u0131 bir \u015fekilde s\u0131nava haz\u0131rlanan 4 bin 318 \u00f6\u011frencinin; 151&#8217;i T\u00fcrkiye&#8217;de ilk 50 binlik s\u0131ralamada yer ald\u0131. 17 \u00f6\u011frencinin ilk 5 binlik s\u0131ralamaya girmeyi ba\u015fard\u0131\u011f\u0131 s\u0131navda; ilk 1000&#8217;de 3 \u00f6\u011frenci, ilk 10 binde 34 \u00f6\u011frenci, ilk 20 binde 64 \u00f6\u011frenci yer almay\u0131 ba\u015fard\u0131.<br \/>\n&#8220;Verdi\u011fimiz eme\u011fin kar\u015f\u0131l\u0131\u011f\u0131nda \u00e7ok iyi sonu\u00e7lar ald\u0131k&#8221;<br \/>\nSosyal Hizmetler Dairesi E\u011fitim Hizmetleri \u015eube M\u00fcd\u00fcr\u00fc Cem Karaku\u015f, YKS s\u0131nav\u0131nda \u00f6\u011frencilerin g\u00f6sterdi\u011fi ba\u015far\u0131n\u0131n kendilerini \u00e7ok mutlu etti\u011fini s\u00f6yleyerek, &#8220;Verdi\u011fimiz eme\u011fin kar\u015f\u0131l\u0131\u011f\u0131nda \u00e7ok iyi sonu\u00e7lar ald\u0131k. Bu ba\u015far\u0131n\u0131n hakl\u0131 gururunu ya\u015f\u0131yoruz. \u0130lk 50 binde 151 \u00f6\u011frencimiz, ilk 5 binde 17 \u00f6\u011frencimiz ve ilk binde 3 \u00f6\u011frencimizin derece yapmas\u0131n\u0131n mutlulu\u011funu ya\u015f\u0131yoruz&#8221; dedi.<br \/>\n&#8220;Bundan sonraki s\u00fcrecimizde tercih d\u00f6nemimiz ba\u015fl\u0131yor&#8221;<\/p>\n<p>\u00d6\u011frenciler i\u00e7in tercih dan\u0131\u015fmanl\u0131\u011f\u0131 yapacaklar\u0131n\u0131 da s\u00f6yleyen Karaku\u015f, &#8220;Bundan sonraki s\u00fcrecimizde tercih d\u00f6nemimiz ba\u015fl\u0131yor. Alan\u0131nda uzman rehber \u00f6\u011fretmenlerimizle birlikte tercih dan\u0131\u015fmanl\u0131\u011f\u0131n\u0131 yapaca\u011f\u0131z. Mersin genelinde 9 kurs merkezimizde \u00fccretsiz bir \u015fekilde verece\u011fimiz tercih dan\u0131\u015fmanl\u0131\u011f\u0131ndan t\u00fcm \u00f6\u011frenciler faydalanabilir. Ayr\u0131ca Mersin merkezde de, B\u00fcy\u00fck\u015fehir Belediyesi Kongre ve Sergi Saray\u0131&#8217;nda \u00f6\u011frencilerimizi tercih g\u00fcnlerine bekliyoruz&#8221; diye konu\u015ftu.<br \/>\n&#8220;25 Temmuz- 5 A\u011fustos aras\u0131 t\u00fcm \u00f6\u011frencilerimizi tercih dan\u0131\u015fmanl\u0131\u011f\u0131 i\u00e7in bekliyoruz&#8221;<br \/>\nKaraku\u015f, tercih dan\u0131\u015fmanl\u0131\u011f\u0131n\u0131n verilece\u011fi tarih aral\u0131\u011f\u0131n\u0131 da a\u00e7\u0131klayarak, &#8220;25 Temmuz ve 5 A\u011fustos tarihleri aras\u0131nda t\u00fcm \u00f6\u011frencilerimizi tercih dan\u0131\u015fmanl\u0131\u011f\u0131 i\u00e7in kurumlar\u0131m\u0131za bekliyoruz. \u00d6\u011frencilerimizi en iyi \u015fekilde, her ge\u00e7en g\u00fcn art\u0131ya g\u00f6t\u00fcrmek i\u00e7in elimizden gelen b\u00fct\u00fcn \u00e7abay\u0131 g\u00f6stermeye devam edece\u011fiz. Bundan sonraki d\u00f6nemimizde de yine YKS&#8217;ye haz\u0131rlanan \u00f6\u011frencilerimizin ve ailelerimizin yan\u0131nda olaca\u011f\u0131z&#8221; ifadelerini kulland\u0131.<\/p>\n","protected":false},"excerpt":{"rendered":"<p>Mersin B\u00fcy\u00fck\u015fehir Belediyesi Sosyal Hizmetler Dairesi&#8217;nin 9 il\u00e7edeki E\u011fitim ve \u00d6\u011fretimi Destekleme Kurs Merkezleri&#8217;nde \u00fcniversite s\u0131nav\u0131na haz\u0131rlanan gen\u00e7ler, YKS&#8217;de \u00f6nemli ba\u015far\u0131lar elde etti. B\u00fcy\u00fck\u015fehir&#8217;in \u00f6\u011frenim deste\u011fi sa\u011flad\u0131\u011f\u0131 4 bin 318 &hellip; <a href=\"https:\/\/akdenizolaygazetesi.com\/?p=19919\" class=\"more-link\">Devam\u0131n\u0131 Oku&#8230;<\/a><\/p>\n","protected":false},"author":2,"featured_media":19920,"comment_status":"open","ping_status":"open","sticky":false,"template":"","format":"standard","meta":[],"categories":[1,2,3,5],"tags":[],"_links":{"self":[{"href":"https:\/\/akdenizolaygazetesi.com\/index.php?rest_route=\/wp\/v2\/posts\/19919"}],"collection":[{"href":"https:\/\/akdenizolaygazetesi.com\/index.php?rest_route=\/wp\/v2\/posts"}],"about":[{"href":"https:\/\/akdenizolaygazetesi.com\/index.php?rest_route=\/wp\/v2\/types\/post"}],"author":[{"embeddable":true,"href":"https:\/\/akdenizolaygazetesi.com\/index.php?rest_route=\/wp\/v2\/users\/2"}],"replies":[{"embeddable":true,"href":"https:\/\/akdenizolaygazetesi.com\/index.php?rest_route=%2Fwp%2Fv2%2Fcomments&post=19919"}],"version-history":[{"count":1,"href":"https:\/\/akdenizolaygazetesi.com\/index.php?rest_route=\/wp\/v2\/posts\/19919\/revisions"}],"predecessor-version":[{"id":19921,"href":"https:\/\/akdenizolaygazetesi.com\/index.php?rest_route=\/wp\/v2\/posts\/19919\/revisions\/19921"}],"wp:featuredmedia":[{"embeddable":true,"href":"https:\/\/akdenizolaygazetesi.com\/index.php?rest_route=\/wp\/v2\/media\/19920"}],"wp:attachment":[{"href":"https:\/\/akdenizolaygazetesi.com\/index.php?rest_route=%2Fwp%2Fv2%2Fmedia&parent=19919"}],"wp:term":[{"taxonomy":"category","embeddable":true,"href":"https:\/\/akdenizolaygazetesi.com\/index.php?rest_route=%2Fwp%2Fv2%2Fcategories&post=19919"},{"taxonomy":"post_tag","embeddable":true,"href":"https:\/\/akdenizolaygazetesi.com\/index.php?rest_route=%2Fwp%2Fv2%2Ftags&post=19919"}],"curies":[{"name":"wp","href":"https:\/\/api.w.org\/{rel}","templated":true}]}}