{"id":19922,"date":"2022-07-21T12:17:24","date_gmt":"2022-07-21T09:17:24","guid":{"rendered":"http:\/\/akdenizolaygazetesi.com\/?p=19922"},"modified":"2022-07-21T12:17:24","modified_gmt":"2022-07-21T09:17:24","slug":"secer-butun-bir-turk-halki-soydaslarimizin-yaninda-olduk","status":"publish","type":"post","link":"https:\/\/akdenizolaygazetesi.com\/?p=19922","title":{"rendered":"SE\u00c7ER: &#8220;B\u00dcT\u00dcN B\u0130R T\u00dcRK HALKI SOYDA\u015eLARIMIZIN YANINDA OLDUK&#8221;"},"content":{"rendered":"<p>Mersin B\u00fcy\u00fck\u015fehir Belediye Ba\u015fkan\u0131 Vahap Se\u00e7er, e\u015fi Meral Se\u00e7er ile birlikte Suphi \u00d6ner \u00d6\u011fretmen Evi&#8217;nde K\u0131br\u0131s Bar\u0131\u015f Harek\u00e2t\u0131&#8217;n\u0131n 48. y\u0131ld\u00f6n\u00fcm\u00fc kutlama program\u0131 dolay\u0131s\u0131yla d\u00fczenlenen yemekte \u015fehit aileleri ve gazilerle bir araya geldi.<br \/>\nPrograma; Ba\u015fkan Se\u00e7er ve e\u015fi Meral Se\u00e7er&#8217;in yan\u0131 s\u0131ra Mersin Valisi Ali Hamza Pehlivan ve e\u015fi Y\u0131ld\u0131z Pehlivan, Akdeniz B\u00f6lge ve Garnizon Komutan\u0131 Tu\u011famiral Fuat Gedik ve E\u015fi Oya Gedik, Kuzey K\u0131br\u0131s T\u00fcrk Cumhuriyeti (KKTC) Mersin Ba\u015fkonsolosu Zalihe Mendeli, K\u0131br\u0131s T\u00fcrk M\u00fccahitleri, Muharip Gaziler Derne\u011fi, T\u00fcrkiye Harp Malul\u00fc Gaziler \u015eehit Dul ve Yetimleri Derne\u011fi, Emekli Astsubaylar Derne\u011fi ve polis \u015fehit aileleri de yer ald\u0131.<br \/>\nPehlivan: &#8220;Bu harek\u00e2tla sadece Kuzey K\u0131br\u0131s&#8217;a de\u011fil, asl\u0131nda adan\u0131n tamam\u0131na da huzur gelmi\u015ftir&#8221;<br \/>\nD\u00fczenlenen yemekte konu\u015fan Mersin Valisi Ali Hamza Pehlivan, &#8220;Bizim anlay\u0131\u015f\u0131m\u0131z Gazi Mustafa Kemal Atat\u00fcrk&#8217;\u00fcn &#8216;Yurtta bar\u0131\u015f, d\u00fcnyada bar\u0131\u015f&#8217; anlay\u0131\u015f\u0131d\u0131r. Bizim hi\u00e7bir zaman durup dururken kimsenin topra\u011f\u0131nda, vatan\u0131nda g\u00f6z\u00fcm\u00fcz olmam\u0131\u015ft\u0131r. Ama K\u0131br\u0131s&#8217;ta ya\u015fad\u0131\u011f\u0131m\u0131z gibi mezalim yakla\u015f\u0131mlar da gere\u011fini yapt\u0131rmay\u0131 mecbur k\u0131lm\u0131\u015ft\u0131r ve tarih boyunca bu ve benzeri konularda devlet olarak da millet olarak da \u00fczerimize d\u00fc\u015feni yapm\u0131\u015f\u0131zd\u0131r&#8221; dedi.<br \/>\nSe\u00e7er: &#8220;B\u00fct\u00fcn bir T\u00fcrk halk\u0131; K\u0131br\u0131s halk\u0131n\u0131n soyda\u015flar\u0131m\u0131z\u0131n yan\u0131nda olduk&#8221;<br \/>\nKonu\u015fmas\u0131na 20 Temmuz 1974 K\u0131br\u0131s Bar\u0131\u015f Harek\u00e2t\u0131&#8217;n\u0131n Mersin&#8217;den ba\u015flad\u0131\u011f\u0131n\u0131 an\u0131msatarak ba\u015flayan Mersin B\u00fcy\u00fck\u015fehir Belediye Ba\u015fkan\u0131 Vahap Se\u00e7er ise; &#8220;Ben o tarihlerde k\u00fc\u00e7\u00fck bir \u00e7ocuktum. \u015eunu g\u00f6rd\u00fcm, sadece T\u00fcrk askeri, Mehmet\u00e7ik burada deniz yoluyla ya da u\u00e7aklarla orada Be\u015fparmak Da\u011flar\u0131&#8217;na indirme yaparak bar\u0131\u015f\u0131 ve huzuru sa\u011flama gayreti i\u00e7erisinde olmad\u0131. B\u00fct\u00fcn bir T\u00fcrk halk\u0131; kad\u0131n\u0131yla, erke\u011fiyle, \u00e7ocu\u011fuyla K\u0131br\u0131s halk\u0131n\u0131n soyda\u015flar\u0131m\u0131z\u0131n yan\u0131nda olduk. Onlar\u0131 dualarla destekledik. \u00c7ok g\u00fczel an\u0131lar\u0131m var o g\u00fcnlere ait. Karartma uygulanan geceler, evimiz tren istasyonuna \u00e7ok yak\u0131nd\u0131. Rahmetli annem asker ge\u00e7i\u015flerinde pasta b\u00f6rek haz\u0131r ederdi. Uzun s\u00fcre askerin \u00e7antas\u0131nda kald\u0131\u011f\u0131 zaman bayatlamayan \u00e7\u00f6rekler. Tren sesi duyuldu\u011fu zaman bana derdi ki; &#8216;Vahap ko\u015f&#8217;. Sepeti kapar, istasyona giderdim. Kafam\u0131n \u00fczerine koyard\u0131m. Kompart\u0131manlar\u0131n penceresinden gezerdim ve askerler o \u00e7\u00f6rekleri al\u0131rlard\u0131. Sadece ben de\u011fil mahalledeki b\u00fct\u00fcn kom\u015fular\u0131m\u0131z\u0131n \u00e7ocuklar\u0131 ayn\u0131 \u015fekilde annelerinin haz\u0131rlad\u0131klar\u0131 bu erzaklar\u0131 askerlerimize ula\u015ft\u0131rd\u0131klar\u0131na bizzat \u015fahit olmu\u015f bir insan\u0131m. \u0130\u015fte milletimizin b\u00fcy\u00fckl\u00fc\u011f\u00fc bunda. Ulu \u00d6nder Mustafa Kemal Atat\u00fcrk&#8217;\u00fcn \u00e7ok \u00f6nemli, \u00e7ok anlaml\u0131 bir s\u00f6z\u00fc var. Her zaman d\u00fcnya bar\u0131\u015f\u0131n\u0131 de\u011ferlendirirken bu s\u00f6z akl\u0131ma gelir. &#8216;Sava\u015f mecbur kal\u0131nmad\u0131k\u00e7a bir cinayettir&#8217; der. \u00c7ok de\u011ferli bir s\u00f6z, \u00e7ok \u00f6nemli bir s\u00f6z. Bunu s\u00f6yleyen bu topraklar\u0131n yeti\u015ftirdi\u011fi en b\u00fcy\u00fck asker, en b\u00fcy\u00fck devlet adam\u0131. 1974 y\u0131l\u0131nda bizler mecbur kald\u0131k adaya gitmeye o d\u00f6nemde&#8221; ifadelerini kulland\u0131.<br \/>\n&#8220;D\u00fcn oldu\u011fu gibi bug\u00fcn de yar\u0131n da yavru vatan K\u0131br\u0131s&#8217;\u0131m\u0131z\u0131n yan\u0131nda olaca\u011f\u0131z&#8221;<br \/>\nProgramda K\u0131br\u0131s&#8217;tan gelen konuklar\u0131n da oldu\u011funu s\u00f6yleyerek konu\u015fmas\u0131n\u0131 s\u00fcrd\u00fcren Se\u00e7er, \u015f\u00f6yle devam etti:<br \/>\n&#8220;D\u00fcnk\u00fc ziyaretlerinde an\u0131lar\u0131n\u0131 aktard\u0131lar. Bebekler, kad\u0131nlar katledildi. Toplu katliamlar oldu. \u0130nsanlara zul\u00fcm edildi. Kitle katliamlar\u0131 oldu. Rahmetle an\u0131yorum. Hem Say\u0131n merhum o d\u00f6nemin Ba\u015fbakan\u0131 B\u00fclent Ecevit&#8217;i hem de Ba\u015fbakan Yard\u0131mc\u0131s\u0131 Necmettin Erbakan&#8217;\u0131 rahmetle an\u0131yorum. Say\u0131n B\u00fclent Ecevit \u00e7\u0131karmaya ba\u015flad\u0131\u011f\u0131nda d\u00fcnya bas\u0131n\u0131na \u015f\u00f6yle bir deme\u00e7 vermi\u015fti; &#8216;Adaya sadece T\u00fcrklere de\u011fil Rumlara da bar\u0131\u015f ve huzuru getirmek i\u00e7in \u00e7\u0131k\u0131yoruz&#8217; dedi. Oradaki temel ama\u00e7 t\u00fcm adaya huzuru hakim k\u0131lmakt\u0131. \u00c7ok \u015f\u00fck\u00fcr ki bug\u00fcn 48. y\u0131ld\u00f6n\u00fcm\u00fcnde, bizler i\u00e7in \u00e7ok de\u011ferli \u00e7ok \u00f6nemli bu bayram g\u00fcn\u00fcnde adada anavatan\u0131n deste\u011fiyle, g\u00fcvencesiyle bir huzur ortam\u0131 sa\u011flanm\u0131\u015ft\u0131r. Ancak Say\u0131n Ba\u015fkonsolosumuzun da s\u00f6yledi\u011fi gibi kal\u0131c\u0131 bir \u00e7\u00f6z\u00fcm aray\u0131\u015f\u0131nda taraflar\u0131n samimiyetsiz yakla\u015f\u0131m\u0131, K\u0131br\u0131s&#8217;ta T\u00fcrk toplumu ve Rum toplumu aras\u0131ndaki bu m\u00fccadelenin arzu etmedi\u011fimiz bir \u015fekle do\u011fru evrilmeye gidebilece\u011fi endi\u015fesi ile devam etti\u011fini g\u00f6r\u00fcyoruz. T\u00fcrkiye&#8217;nin bu konudaki tavr\u0131 nettir. Asl\u0131nda T\u00fcrkiye&#8217;deki b\u00fct\u00fcn siyasi partilerin tavr\u0131 nettir. Bu konu siyaset\u00fcst\u00fc bir mesele. Biz K\u0131br\u0131s T\u00fcrk\u00fc&#8217;n\u00fcn yan\u0131nday\u0131z. Orada iki toplumlu iki devletli, e\u015fitlik temeline dayal\u0131, egemen devlet yap\u0131lanmas\u0131n\u0131n taraftar\u0131 oldu\u011fumuzu buradan bildirmek isteriz. D\u00fcn oldu\u011fu gibi bug\u00fcn de yar\u0131n da yavru vatan K\u0131br\u0131s&#8217;\u0131m\u0131z\u0131n ve soyda\u015flar\u0131m\u0131z\u0131n yan\u0131nda olaca\u011f\u0131z.&#8221;<br \/>\nMendeli: &#8220;Bar\u0131\u015f ve \u00f6zg\u00fcrl\u00fck bayram\u0131m\u0131z kutlu olsun&#8221;<br \/>\nKKTC Mersin Ba\u015fkonsolosu Zalihe Mendeli, &#8220;Ba\u011f\u0131ms\u0131zl\u0131k me\u015falesini yakan 20 Temmuz Bar\u0131\u015f ve \u00d6zg\u00fcrl\u00fck Bayram\u0131&#8217;n\u0131n 48. Y\u0131ld\u00f6n\u00fcm\u00fcn\u00fc, harek\u00e2t\u0131n ba\u015flang\u0131\u00e7 noktas\u0131 olan Mersin&#8217;de bir kez daha sizlerle birlikte kutlamaktan b\u00fcy\u00fck mutluluk ve onur duymaktay\u0131m. Bar\u0131\u015f ve \u00f6zg\u00fcrl\u00fck bayram\u0131m\u0131z kutlu olsun. M\u00fccahit ve Mehmet\u00e7ik bu topraklarda K\u0131br\u0131s T\u00fcrk halk\u0131n\u0131n gelece\u011fi i\u00e7in \u015fehit oldular. Onlar\u0131n b\u0131rakt\u0131\u011f\u0131 emaneti korumak hepimizin boynunun borcudur. S\u00f6zlerime son verirken, Ulu \u00d6nder Mustafa Kemal Atat\u00fcrk ba\u015fta olmak \u00fczere, \u0130stiklal Sava\u015f\u0131 kahramanlar\u0131 ve Bar\u0131\u015f Harek\u00e2t\u0131&#8217;nda canlar\u0131n\u0131 feda etmi\u015f t\u00fcm \u015fehitlerimizi bir kez daha rahmetle, gazilerimizi de \u015f\u00fckranla an\u0131yorum&#8221; dedi.  <\/p>\n","protected":false},"excerpt":{"rendered":"<p>Mersin B\u00fcy\u00fck\u015fehir Belediye Ba\u015fkan\u0131 Vahap Se\u00e7er, e\u015fi Meral Se\u00e7er ile birlikte Suphi \u00d6ner \u00d6\u011fretmen Evi&#8217;nde K\u0131br\u0131s Bar\u0131\u015f Harek\u00e2t\u0131&#8217;n\u0131n 48. y\u0131ld\u00f6n\u00fcm\u00fc kutlama program\u0131 dolay\u0131s\u0131yla d\u00fczenlenen yemekte \u015fehit aileleri ve gazilerle bir &hellip; <a href=\"https:\/\/akdenizolaygazetesi.com\/?p=19922\" class=\"more-link\">Devam\u0131n\u0131 Oku&#8230;<\/a><\/p>\n","protected":false},"author":2,"featured_media":19923,"comment_status":"open","ping_status":"open","sticky":false,"template":"","format":"standard","meta":[],"categories":[34,1,2,3,5],"tags":[],"_links":{"self":[{"href":"https:\/\/akdenizolaygazetesi.com\/index.php?rest_route=\/wp\/v2\/posts\/19922"}],"collection":[{"href":"https:\/\/akdenizolaygazetesi.com\/index.php?rest_route=\/wp\/v2\/posts"}],"about":[{"href":"https:\/\/akdenizolaygazetesi.com\/index.php?rest_route=\/wp\/v2\/types\/post"}],"author":[{"embeddable":true,"href":"https:\/\/akdenizolaygazetesi.com\/index.php?rest_route=\/wp\/v2\/users\/2"}],"replies":[{"embeddable":true,"href":"https:\/\/akdenizolaygazetesi.com\/index.php?rest_route=%2Fwp%2Fv2%2Fcomments&post=19922"}],"version-history":[{"count":1,"href":"https:\/\/akdenizolaygazetesi.com\/index.php?rest_route=\/wp\/v2\/posts\/19922\/revisions"}],"predecessor-version":[{"id":19924,"href":"https:\/\/akdenizolaygazetesi.com\/index.php?rest_route=\/wp\/v2\/posts\/19922\/revisions\/19924"}],"wp:featuredmedia":[{"embeddable":true,"href":"https:\/\/akdenizolaygazetesi.com\/index.php?rest_route=\/wp\/v2\/media\/19923"}],"wp:attachment":[{"href":"https:\/\/akdenizolaygazetesi.com\/index.php?rest_route=%2Fwp%2Fv2%2Fmedia&parent=19922"}],"wp:term":[{"taxonomy":"category","embeddable":true,"href":"https:\/\/akdenizolaygazetesi.com\/index.php?rest_route=%2Fwp%2Fv2%2Fcategories&post=19922"},{"taxonomy":"post_tag","embeddable":true,"href":"https:\/\/akdenizolaygazetesi.com\/index.php?rest_route=%2Fwp%2Fv2%2Ftags&post=19922"}],"curies":[{"name":"wp","href":"https:\/\/api.w.org\/{rel}","templated":true}]}}