{"id":19925,"date":"2022-07-21T12:19:41","date_gmt":"2022-07-21T09:19:41","guid":{"rendered":"http:\/\/akdenizolaygazetesi.com\/?p=19925"},"modified":"2022-07-21T12:19:52","modified_gmt":"2022-07-21T09:19:52","slug":"tarim-ve-orman-bakanliginin-ziraat-muhendisi-personel-alim-sayisini-dusuk-tutmasinin-nedenleri-nelerdir","status":"publish","type":"post","link":"https:\/\/akdenizolaygazetesi.com\/?p=19925","title":{"rendered":"&#8216;Tar\u0131m ve Orman Bakanl\u0131\u011f\u0131n\u0131n ziraat m\u00fchendisi personel al\u0131m say\u0131s\u0131n\u0131 d\u00fc\u015f\u00fck tutmas\u0131n\u0131n nedenleri nelerdir?&#8217;"},"content":{"rendered":"<p>HDP Mersin Milletvekili Dr. R\u0131dvan Turan Ziraat M\u00fchendislerinin istihdam\u0131n\u0131 TBMM g\u00fcndemine ta\u015f\u0131d\u0131.<br \/>\nHDP Mersin Milletvekili Dr. R\u0131dvan Turan, konuyla ilgili, Tar\u0131m ve Orman Bakan\u0131 Vahit K\u0130R\u0130\u015e\u00c7\u0130\u2018nin yan\u0131tlamas\u0131 i\u00e7in soru \u00f6nergesi verdi.<br \/>\nDr. R\u0131dvan Turan soru \u00f6nergesinde \u015funlar\u0131 s\u00f6yledi:<br \/>\n\u201cTar\u0131m ve Orman Bakanl\u0131\u011f\u0131n\u0131n 02.06.2022 tarihinde internet sitesinde yay\u0131mlad\u0131\u011f\u0131 personel ilan\u0131na g\u00f6re toplamda 1800 personel al\u0131m\u0131 ger\u00e7ekle\u015ftirilece\u011fi duyurulmu\u015ftur. Bakanl\u0131k, alaca\u011f\u0131 1800 personelden sadece 523 ki\u015fiyi ziraat m\u00fchendislerine ay\u0131rm\u0131\u015ft\u0131r.<br \/>\nT\u00fcrkiye\u2019de her y\u0131l yakla\u015f\u0131k 40 \u00fcniversiteden ortalama 4 bin \u00f6\u011frenci ziraat b\u00f6l\u00fcm\u00fcnden mezun olmaktad\u0131r. Fakat ziraat m\u00fchendislerinin b\u00fcy\u00fck bir k\u0131sm\u0131, Tar\u0131m Ve Orman Bakanl\u0131\u011f\u0131nda personel al\u0131mlar\u0131n\u0131n az olmas\u0131ndan dolay\u0131 kendi mesleklerini icra edememektedir. Bir\u00e7ok ziraat m\u00fchendisi, kendi mesleklerinin d\u0131\u015f\u0131nda asgari \u00fccretle \u00e7al\u0131\u015fmak zorunda kalmaktad\u0131r.\u201d<br \/>\nDr. R\u0131dvan Turan \u00f6nergesinde \u015fu sorulara yer verdi:<\/p>\n<p>1)\tTar\u0131m ve Orman Bakanl\u0131\u011f\u0131n\u0131n ziraat m\u00fchendisi personel al\u0131m say\u0131s\u0131n\u0131 d\u00fc\u015f\u00fck tutmas\u0131n\u0131n nedenleri nelerdir?<br \/>\n2)\tBakanl\u0131\u011f\u0131n\u0131z b\u00fcnyesinde ziraat m\u00fchendisi istihdam say\u0131s\u0131n\u0131 artt\u0131rmaya y\u00f6nelik \u00e7al\u0131\u015fmalar var m\u0131d\u0131r? E\u011fer var ise bu \u00e7al\u0131\u015fmalar nelerdir? E\u011fer yok ise olmamas\u0131n\u0131n nedenleri nelerdir?<\/p>\n","protected":false},"excerpt":{"rendered":"<p>HDP Mersin Milletvekili Dr. R\u0131dvan Turan Ziraat M\u00fchendislerinin istihdam\u0131n\u0131 TBMM g\u00fcndemine ta\u015f\u0131d\u0131. HDP Mersin Milletvekili Dr. R\u0131dvan Turan, konuyla ilgili, Tar\u0131m ve Orman Bakan\u0131 Vahit K\u0130R\u0130\u015e\u00c7\u0130\u2018nin yan\u0131tlamas\u0131 i\u00e7in soru \u00f6nergesi &hellip; <a href=\"https:\/\/akdenizolaygazetesi.com\/?p=19925\" class=\"more-link\">Devam\u0131n\u0131 Oku&#8230;<\/a><\/p>\n","protected":false},"author":2,"featured_media":19926,"comment_status":"open","ping_status":"open","sticky":false,"template":"","format":"standard","meta":[],"categories":[8,34,1,2,3,5,6],"tags":[],"_links":{"self":[{"href":"https:\/\/akdenizolaygazetesi.com\/index.php?rest_route=\/wp\/v2\/posts\/19925"}],"collection":[{"href":"https:\/\/akdenizolaygazetesi.com\/index.php?rest_route=\/wp\/v2\/posts"}],"about":[{"href":"https:\/\/akdenizolaygazetesi.com\/index.php?rest_route=\/wp\/v2\/types\/post"}],"author":[{"embeddable":true,"href":"https:\/\/akdenizolaygazetesi.com\/index.php?rest_route=\/wp\/v2\/users\/2"}],"replies":[{"embeddable":true,"href":"https:\/\/akdenizolaygazetesi.com\/index.php?rest_route=%2Fwp%2Fv2%2Fcomments&post=19925"}],"version-history":[{"count":2,"href":"https:\/\/akdenizolaygazetesi.com\/index.php?rest_route=\/wp\/v2\/posts\/19925\/revisions"}],"predecessor-version":[{"id":19928,"href":"https:\/\/akdenizolaygazetesi.com\/index.php?rest_route=\/wp\/v2\/posts\/19925\/revisions\/19928"}],"wp:featuredmedia":[{"embeddable":true,"href":"https:\/\/akdenizolaygazetesi.com\/index.php?rest_route=\/wp\/v2\/media\/19926"}],"wp:attachment":[{"href":"https:\/\/akdenizolaygazetesi.com\/index.php?rest_route=%2Fwp%2Fv2%2Fmedia&parent=19925"}],"wp:term":[{"taxonomy":"category","embeddable":true,"href":"https:\/\/akdenizolaygazetesi.com\/index.php?rest_route=%2Fwp%2Fv2%2Fcategories&post=19925"},{"taxonomy":"post_tag","embeddable":true,"href":"https:\/\/akdenizolaygazetesi.com\/index.php?rest_route=%2Fwp%2Fv2%2Ftags&post=19925"}],"curies":[{"name":"wp","href":"https:\/\/api.w.org\/{rel}","templated":true}]}}