{"id":19933,"date":"2022-07-22T12:42:22","date_gmt":"2022-07-22T09:42:22","guid":{"rendered":"http:\/\/akdenizolaygazetesi.com\/?p=19933"},"modified":"2022-07-22T12:42:22","modified_gmt":"2022-07-22T09:42:22","slug":"yenisehir-belediyesinin-ornek-projesi-kurum-ve-universitelerle-paylasildi","status":"publish","type":"post","link":"https:\/\/akdenizolaygazetesi.com\/?p=19933","title":{"rendered":"Yeni\u015fehir Belediyesinin \u00f6rnek projesi kurum ve \u00fcniversitelerle payla\u015f\u0131ld\u0131"},"content":{"rendered":"<p>Mersin Yeni\u015fehir Belediyesinin yakla\u015f\u0131k 3 y\u0131l \u00f6nce T\u00fcrkiye\u2019de bir ilke imza atarak hayata ge\u00e7irdi\u011fi Erken \u00c7ocukluk Geli\u015fimi Projesi; Yeni\u015fehir Modeli ile y\u00fczlerce \u00e7ocuk ve aileye geli\u015fimsel destek verildi. Yeni\u015fehir Belediye Ba\u015fkan\u0131 Abdullah \u00d6zyi\u011fit ve projede i\u015f birli\u011fi yap\u0131lan Marmara \u00dcniversitesinden Prof. Dr. Ozana Ural\u2019\u0131n kat\u0131l\u0131m\u0131yla d\u00fczenlenen toplant\u0131da kurum ve \u00fcniversite temsilcileriyle proje deneyimi payla\u015f\u0131ld\u0131, i\u015f birli\u011fi i\u00e7in g\u00f6r\u00fc\u015f al\u0131\u015fveri\u015finde bulunuldu.<br \/>\nMersin Yeni\u015fehir Belediyesi, erken \u00e7ocukluk geli\u015fiminde model olan projenin t\u00fcm T\u00fcrkiye\u2019ye yayg\u0131nla\u015fmas\u0131 i\u00e7in \u00e7al\u0131\u015fmalar\u0131n\u0131 s\u00fcrd\u00fcr\u00fcyor. Proje kapsam\u0131nda kurulan Yeni\u015fehir Belediyesi Akademi\u2019de yap\u0131lan toplant\u0131da Mersin Valili\u011fi, Mersin B\u00fcy\u00fck\u015fehir Belediyesi, Mersin \u0130l Milli E\u011fitim M\u00fcd\u00fcrl\u00fc\u011f\u00fc, Mersin Aile ve Sosyal Hizmetler \u0130l M\u00fcd\u00fcrl\u00fc\u011f\u00fc, Mersin \u0130l Sa\u011fl\u0131k M\u00fcd\u00fcrl\u00fc\u011f\u00fc, Mersin \u0130l K\u00fclt\u00fcr ve Turizm M\u00fcd\u00fcrl\u00fc\u011f\u00fc, Mersin \u00dcniversitesi ve Toros \u00fcniversitesi temsilcilerine projenin detaylar\u0131 ve proje kapsam\u0131nda bug\u00fcne kadar yap\u0131lan \u00e7al\u0131\u015fmalar hakk\u0131nda bilgi verildi.<br \/>\n\u201c\u00d6n\u00fcm\u00fczdeki s\u00fcre\u00e7te bu projenin t\u00fcm T\u00fcrkiye\u2019ye yay\u0131lmas\u0131n\u0131 diliyoruz.\u201d<br \/>\nAile ve Evlilik Hayat\u0131 E\u011fitimi, 0-3 Ya\u015f MABEP, 0-3 Ya\u015f Bebek K\u00fct\u00fcphanesi, 0-6 Ya\u015f Geli\u015fim De\u011ferlendirme, 0-6 Ya\u015f \u00d6zel E\u011fitim, 3-6 Ya\u015f BETEM ve 6-8 Ya\u015f At\u00f6lye Temelli E\u011fitim basamaklar\u0131ndan olu\u015fan proje hakk\u0131nda konu\u015fan Mersin Yeni\u015fehir Belediye Ba\u015fkan\u0131 Abdullah \u00d6zyi\u011fit, \u201cGelece\u011fimiz olan \u00e7ocuklar\u0131m\u0131z\u0131n sa\u011fl\u0131kl\u0131 ve ba\u015far\u0131l\u0131 olabilmeleri i\u00e7in el birli\u011fiyle hareket etmeliyiz.\u201d dedi. Ba\u015fkan \u00d6zyi\u011fit, \u201cB\u00f6yle bir masan\u0131n olu\u015fmas\u0131 hem kentimiz hem \u00fclkemiz i\u00e7in \u00e7ok k\u0131ymetli. 3 y\u0131l kadar \u00f6nce yola \u00e7\u0131kt\u0131k. \u00d6nemli sonu\u00e7lar ald\u0131k, yapt\u0131\u011f\u0131m\u0131z i\u015fin \u00e7ok k\u0131ymetli oldu\u011funu d\u00fc\u015f\u00fcn\u00fcyorum. Y\u00fczlerce \u00e7ocu\u011fumuza ve ailemize bu proje ile destek verdik. Biz buradan biz mum ate\u015fi yakt\u0131k. \u00d6n\u00fcm\u00fczdeki s\u00fcre\u00e7te bu projenin t\u00fcm T\u00fcrkiye\u2019ye yay\u0131lmas\u0131n\u0131 diliyoruz. \u00dclkemizde e\u011fitim 6 ya\u015f\u0131ndan itibaren ba\u015fl\u0131yor ama bilim insanlar\u0131 \u00e7ocuklar\u0131n zihinsel geli\u015fiminin y\u00fczde 80-90\u2019n\u0131n\u0131n 0-3 ya\u015flar\u0131 aras\u0131nda tamamland\u0131\u011f\u0131n\u0131 s\u00f6yl\u00fcyor.  \u00c7ocuklar\u0131n zihinsel geli\u015fiminin \u00e7ok erken ya\u015flarda ba\u015fl\u0131yor olmas\u0131, tabi ki o alana yat\u0131r\u0131m yapman\u0131n zorunlulu\u011funu da beraberinde getiriyor.\u201d \u0130fadelerini kulland\u0131.<br \/>\n\u201cK\u0131sa s\u00fcrede g\u00fczel i\u015fler ba\u015fard\u0131k ama as\u0131l hedefimiz projenin \u00fclkemize yayg\u0131nla\u015fmas\u0131.\u201d<br \/>\nBa\u015fkan Abdullah \u00d6zyi\u011fit, konu\u015fmas\u0131n\u0131n devam\u0131nda \u015funlar\u0131 s\u00f6yledi: \u201cBizim yapmak istedi\u011fimiz, bu i\u015fin \u00e7oban ate\u015fini buradan yakmak, gerekli altyap\u0131y\u0131 olu\u015fturmak ve yap\u0131labildi\u011fini g\u00f6stermek. \u0130zmir B\u00fcy\u00fck\u015fehir Belediyemizden ge\u00e7ti\u011fimiz ay Yeni\u015fehir\u2019e geldiler, kendilerine projemizi anlatt\u0131k, umut ediyoruz ki yak\u0131n zamanda orada da ba\u015flayacak. \u00d6nceki Milli E\u011fitim Bakan\u0131 Ziya Sel\u00e7uk hocam\u0131za bu projemiz ile ilgili sunum yapt\u0131m. O da son derece mutlu oldu. Ancak k\u0131sa s\u00fcre sonra g\u00f6revinden ayr\u0131ld\u0131. \u00d6n\u00fcm\u00fczdeki s\u00fcre\u00e7te do\u011fru \u00f6rne\u011fi ortaya koyabilirsek, projeyi t\u00fcm \u00fclkeye yayabiliriz. Bu proje fikri CHP Mersin \u0130l Ba\u015fkanl\u0131\u011f\u0131 d\u00f6neminde yapt\u0131\u011f\u0131m\u0131z bir \u00e7al\u0131\u015ftaydan sonra ortaya \u00e7\u0131kt\u0131. O \u00e7al\u0131\u015ftayda erken \u00e7ocukluk e\u011fitiminde d\u00fcnyada son s\u0131rada oldu\u011fumuzu ve \u00fclkemizde bu alanda herhangi bir e\u011fitim verilmedi\u011fini g\u00f6rd\u00fck. Yeni\u015fehir\u2019de bu alana yat\u0131r\u0131m yapmak istedik. Bu konuda ara\u015ft\u0131rmalar yapt\u0131k, Ozan Ural hocam\u0131za ula\u015ft\u0131k. Kendileri de her zaman yan\u0131m\u0131zda oldular. G\u00f6n\u00fcll\u00fcl\u00fck olmad\u0131\u011f\u0131 s\u00fcrece bu tarz i\u015flerde ba\u015far\u0131ya ula\u015fmak m\u00fcmk\u00fcn de\u011fil.  Severek \u00e7al\u0131\u015ft\u0131k ve ba\u015farmak ortak hedefimiz oldu. Marmara \u00dcniversitesi Okul \u00d6ncesi E\u011fitim B\u00f6l\u00fcm\u00fc akademisyenleri ile bir araya geldik. Mesafeler uzak ama g\u00f6n\u00fcll\u00fcler yak\u0131n oldu ve b\u00f6yle bir projeye ba\u015flad\u0131. K\u0131sa s\u00fcrede g\u00fczel i\u015fler ba\u015fard\u0131k ama dedi\u011fimiz gibi as\u0131l hedefimiz projenin \u00fclkemize yayg\u0131nla\u015fmas\u0131. Proje destek veren herkese ve kat\u0131lan t\u00fcm ailelere te\u015fekk\u00fcr ediyorum. T\u00fcm ebeveynlerimizi projemize dahil olmaya davet ediyorum.\u201d<br \/>\nBa\u015fkan Abdullah \u00d6zyi\u011fit\u2019in konu\u015fmas\u0131n\u0131n ard\u0131ndan Yeni\u015fehir Belediyesi Akademi Koordinat\u00f6r\u00fc Raif \u00c7akmak, proje ile ilgili sunum yapt\u0131. Kat\u0131l\u0131mc\u0131lar\u0131n g\u00f6r\u00fc\u015flerinin de al\u0131nd\u0131\u011f\u0131 bilgilendirme toplant\u0131s\u0131ndan sonra kurum ve \u00fcniversite temsilcileri projenin y\u00fcr\u00fct\u00fcld\u00fc\u011f\u00fc Yeni\u015fehir Belediyesi Akademi ve Yeni\u015fehir Belediyesi Beceri Temelli E\u011fitim Merkezi\u2019ni gezdi.<br \/>\nYeni\u015fehir Belediyesi, Erken \u00c7ocukluk Geli\u015fimi Projesi; Yeni\u015fehir Modeli ile Avrupa Komisyonu Erasmus+ hibe program\u0131na da ba\u015fvuracak. <\/p>\n","protected":false},"excerpt":{"rendered":"<p>Mersin Yeni\u015fehir Belediyesinin yakla\u015f\u0131k 3 y\u0131l \u00f6nce T\u00fcrkiye\u2019de bir ilke imza atarak hayata ge\u00e7irdi\u011fi Erken \u00c7ocukluk Geli\u015fimi Projesi; Yeni\u015fehir Modeli ile y\u00fczlerce \u00e7ocuk ve aileye geli\u015fimsel destek verildi. Yeni\u015fehir Belediye &hellip; <a href=\"https:\/\/akdenizolaygazetesi.com\/?p=19933\" class=\"more-link\">Devam\u0131n\u0131 Oku&#8230;<\/a><\/p>\n","protected":false},"author":2,"featured_media":19934,"comment_status":"open","ping_status":"open","sticky":false,"template":"","format":"standard","meta":[],"categories":[1,2,3,5],"tags":[],"_links":{"self":[{"href":"https:\/\/akdenizolaygazetesi.com\/index.php?rest_route=\/wp\/v2\/posts\/19933"}],"collection":[{"href":"https:\/\/akdenizolaygazetesi.com\/index.php?rest_route=\/wp\/v2\/posts"}],"about":[{"href":"https:\/\/akdenizolaygazetesi.com\/index.php?rest_route=\/wp\/v2\/types\/post"}],"author":[{"embeddable":true,"href":"https:\/\/akdenizolaygazetesi.com\/index.php?rest_route=\/wp\/v2\/users\/2"}],"replies":[{"embeddable":true,"href":"https:\/\/akdenizolaygazetesi.com\/index.php?rest_route=%2Fwp%2Fv2%2Fcomments&post=19933"}],"version-history":[{"count":1,"href":"https:\/\/akdenizolaygazetesi.com\/index.php?rest_route=\/wp\/v2\/posts\/19933\/revisions"}],"predecessor-version":[{"id":19935,"href":"https:\/\/akdenizolaygazetesi.com\/index.php?rest_route=\/wp\/v2\/posts\/19933\/revisions\/19935"}],"wp:featuredmedia":[{"embeddable":true,"href":"https:\/\/akdenizolaygazetesi.com\/index.php?rest_route=\/wp\/v2\/media\/19934"}],"wp:attachment":[{"href":"https:\/\/akdenizolaygazetesi.com\/index.php?rest_route=%2Fwp%2Fv2%2Fmedia&parent=19933"}],"wp:term":[{"taxonomy":"category","embeddable":true,"href":"https:\/\/akdenizolaygazetesi.com\/index.php?rest_route=%2Fwp%2Fv2%2Fcategories&post=19933"},{"taxonomy":"post_tag","embeddable":true,"href":"https:\/\/akdenizolaygazetesi.com\/index.php?rest_route=%2Fwp%2Fv2%2Ftags&post=19933"}],"curies":[{"name":"wp","href":"https:\/\/api.w.org\/{rel}","templated":true}]}}