{"id":19939,"date":"2022-07-22T12:46:07","date_gmt":"2022-07-22T09:46:07","guid":{"rendered":"http:\/\/akdenizolaygazetesi.com\/?p=19939"},"modified":"2022-07-22T12:46:07","modified_gmt":"2022-07-22T09:46:07","slug":"secer-baromuzla-yaptigimiz-bu-protokol-sonucunda-mersinimizden-turkiyeye-olumlu-calismalar-yapacagiz","status":"publish","type":"post","link":"https:\/\/akdenizolaygazetesi.com\/?p=19939","title":{"rendered":"SE\u00c7ER: &#8220;BAROMUZLA YAPTI\u011eIMIZ BU PROTOKOL SONUCUNDA MERS\u0130N\u0130M\u0130ZDEN T\u00dcRK\u0130YE&#8217;YE OLUMLU \u00c7ALI\u015eMALAR YAPACA\u011eIZ&#8221;"},"content":{"rendered":"<p>Kad\u0131n ve \u00e7ocuklara y\u00f6nelik pozitif ayr\u0131mc\u0131l\u0131k anlay\u0131\u015f\u0131n\u0131 \u00f6nceleyen Mersin B\u00fcy\u00fck\u015fehir Belediyesi ve Mersin Barosu aras\u0131nda i\u015f birli\u011fi protokol\u00fc imzaland\u0131. Ba\u015fkan Vahap Se\u00e7er ve Baro Ba\u015fkan\u0131 Gazi \u00d6zdemir aras\u0131nda imzalanan protokol kapsam\u0131nda; kad\u0131n ve \u00e7ocuklar\u0131n adalete eri\u015fiminin art\u0131r\u0131lmas\u0131 ve adli s\u00fcre\u00e7lerin Kad\u0131n ve \u00c7ocuk Haklar\u0131 Merkezleri&#8217;ndeki avukatlarla g\u00f6r\u00fc\u015f\u00fclerek daha sa\u011fl\u0131kl\u0131 y\u00fcr\u00fct\u00fclmesi hedefleniyor. Ba\u015fkan Se\u00e7er, &#8220;Umut ediyorum; Baromuzla yapt\u0131\u011f\u0131m\u0131z bu protokol sonucunda Mersin&#8217;imizden T\u00fcrkiye&#8217;ye olumlu \u00e7al\u0131\u015fmalar yapaca\u011f\u0131z. Hay\u0131rl\u0131 u\u011furlu olsun&#8221; dedi.<br \/>\n\u0130mzalar\u0131n at\u0131ld\u0131\u011f\u0131 toplant\u0131da; Ba\u015fkan Se\u00e7er ve Baro Ba\u015fkan\u0131 \u00d6zdemir&#8217;in yan\u0131 s\u0131ra B\u00fcy\u00fck\u015fehir Belediyesi Kad\u0131n ve Aile Hizmetleri Daire Ba\u015fkan\u0131 \u015eerife Haso\u011flu Dokucu, B\u00fcy\u00fck\u015fehir Belediyesi Hukuk M\u00fc\u015faviri Bilgen Delay, B\u00fcy\u00fck\u015fehir Belediye Meclis \u00dcyesi G\u00fclcan K\u0131\u015f, Mersin Barosu Ba\u015fkan Yard\u0131mc\u0131s\u0131 Av. Kaz\u0131m Y\u00fcksel, Mersin Barosu Kad\u0131n Haklar\u0131 Merkezi Ba\u015fkan\u0131 Av. Arzu G\u00fcnay ve Mersin Barosu \u00c7ocuk Haklar\u0131 Merkezi Ba\u015fkan\u0131 Av. Ezgi \u015eim\u015fek de yer ald\u0131.<br \/>\nSe\u00e7er: &#8220;Ulusal ve uluslararas\u0131 projeler de geli\u015ftirece\u011fiz&#8221;<br \/>\nKad\u0131na y\u00f6nelik \u015fiddet ve \u00e7ocuk istismar\u0131n\u0131n \u00fclkemiz ve kentimizin en \u00f6nemli sorunlar\u0131ndan biri oldu\u011funu vurgulayan Ba\u015fkan Se\u00e7er, &#8220;Toplumsal fark\u0131ndal\u0131\u011f\u0131 art\u0131rmak i\u00e7in, kad\u0131n ve \u00e7ocuk haklar\u0131 konusunda, Baro ile bir protokol imzalayaca\u011f\u0131z. Kad\u0131na ve \u00e7ocu\u011fa y\u00f6nelik \u015fiddeti \u00f6nlemek amac\u0131yla ortak m\u00fccadele etmek, protokol\u00fcn ama\u00e7lar\u0131 aras\u0131nda yer al\u0131yor. \u0130\u015fbirli\u011fi protokol\u00fc ile korunmaya ihtiyac\u0131 olan kad\u0131nlara, \u00e7ocuklara y\u00f6nelik rehberlik, bilin\u00e7lendirme ve kar\u015f\u0131la\u015fabilecekleri hukuki s\u00fcre\u00e7lere dair bilgilendirme ve y\u00f6nlendirme \u00e7al\u0131\u015fmalar\u0131n\u0131 yapaca\u011f\u0131z. Bunu Baromuzla i\u015fbirli\u011fi halinde ger\u00e7ekle\u015ftirece\u011fiz. Ayn\u0131 zamanda, bu protokol\u00fcn imzalanmas\u0131n\u0131n ard\u0131ndan da, bu i\u015fbirli\u011fi \u00e7er\u00e7evesinde ulusal ve uluslararas\u0131 projeler de geli\u015ftirece\u011fiz&#8221; dedi.<\/p>\n<p>&#8220;Yerel E\u015fitlik Eylem Plan\u0131m\u0131z\u0131 A\u00e7\u0131klad\u0131k&#8221;<br \/>\nMersin B\u00fcy\u00fck\u015fehir Belediyesi olarak g\u00f6reve geldikleri g\u00fcnden bu yana, kad\u0131na ayr\u0131 bir sayfa a\u00e7t\u0131klar\u0131n\u0131 vurgulayan Ba\u015fkan Se\u00e7er, &#8220;T\u00fcm uygulamalar\u0131m\u0131zda, kararlar\u0131m\u0131zda hep kad\u0131n\u0131 \u00f6nceledik. \u00d6ncelikle, g\u00f6reve geldi\u011fimiz tarihe kadar d\u00fc\u015f\u00fcn\u00fclmemi\u015f olan Kad\u0131n ve Aile Hizmetleri Daire Ba\u015fkanl\u0131\u011f\u0131&#8217;n\u0131 kurarak i\u015fe ba\u015flad\u0131k. Ve o daire b\u00fcnyesinde, kad\u0131na ve \u00e7ocu\u011fa y\u00f6nelik \u00e7ok \u00f6nemli projeler geli\u015ftirdik. 10 Aral\u0131k \u0130nsan Haklar\u0131 G\u00fcn\u00fc&#8217;nde T\u00fcrkiye&#8217;de ger\u00e7ekten \u00e7ok de\u011ferli, \u00e7ok \u00f6nemli bir \u00e7al\u0131\u015fma olan Yerel E\u015fitlik Eylem Plan\u0131m\u0131z\u0131 a\u00e7\u0131klad\u0131k. Eylem plan\u0131 do\u011frultusunda belediye olarak \u00e7al\u0131\u015fmalar\u0131m\u0131z\u0131 titizlikle s\u00fcrd\u00fcr\u00fcyoruz&#8221; diye konu\u015ftu.<br \/>\n&#8220;Kad\u0131nlar\u0131n her alanda daha fazla var olmas\u0131n\u0131 istiyoruz&#8221;<br \/>\nKad\u0131nlar\u0131n her alanda daha fazla var olmas\u0131n\u0131 istedikleri i\u00e7in, onlara daima pozitif ayr\u0131mc\u0131l\u0131k yapt\u0131klar\u0131n\u0131 kaydeden Ba\u015fkan Se\u00e7er, &#8220;Mersin B\u00fcy\u00fck\u015fehir Belediyesi&#8217;nde \u00e7al\u0131\u015fma arkada\u015flar\u0131m\u0131z\u0131 belirlerken, kad\u0131nlara mutlaka pozitif bir bak\u0131\u015f a\u00e7\u0131m\u0131z oluyor. \u0130stihdamda kad\u0131nlar\u0131n oran\u0131n\u0131 art\u0131rmak istiyoruz ve bu y\u00f6nde de \u00f6nemli \u00e7al\u0131\u015fmalar yap\u0131yoruz. G\u00f6reve geldi\u011fimiz tarihte belediye b\u00fcnyesinde kad\u0131n istihdam oran\u0131 y\u00fczde 17 iken, bug\u00fcn bu oran %21-%22&#8217;lere kadar y\u00fckseldi. Umut ediyoruz ki, daha da iyi noktalara getirece\u011fiz. Kad\u0131nlar\u0131n her alanda, siyasette ve karar alma mekanizmalar\u0131nda daha fazla var olmas\u0131n\u0131 istiyoruz&#8221; ifadelerini kulland\u0131.<br \/>\nKad\u0131nlar\u0131n, toplumun en derin ve \u00f6nemli sorunlar\u0131n\u0131 ya\u015fayan kesimlerden birisi oldu\u011funu da vurgulayan Ba\u015fkan Se\u00e7er, &#8220;Kad\u0131nlar, toplumumuzun en \u00f6nemli ve derin sorunlar\u0131n\u0131 ya\u015fayan kesimlerinden bir tanesidir. Bunu g\u00f6rmek laz\u0131m. Buna ba\u011fl\u0131 olarak, \u00e7ocuklar\u0131m\u0131z da b\u00f6yle. Bunun tabii ki farkl\u0131 nedenleri var. T\u00fcrkiye ko\u015fullar\u0131, gelenekler, g\u00f6renekler, sosyo-k\u00fclt\u00fcrel yap\u0131, sosyal ekonomik yap\u0131 ve daha bir\u00e7ok fakt\u00f6r, maalesef bu sorunu olumsuz bir \u015fekilde tetikliyor. Umut ediyorum ki, aram\u0131zda yapt\u0131\u011f\u0131m\u0131z bu protokol sonucunda da Mersinimizden t\u00fcm T\u00fcrkiye&#8217;ye olumlu \u00e7al\u0131\u015fmalar yapaca\u011f\u0131z. Hay\u0131rl\u0131 u\u011furlu olsun&#8221; dedi.<br \/>\n\u00d6zdemir: &#8220;Kad\u0131nlara ve \u00e7ocuklara hukuksal destek verece\u011fiz&#8221;<br \/>\nKad\u0131na ve \u00e7ocu\u011fa y\u00f6nelik \u015fiddetin ba\u015fta \u00fclkemiz olmak \u00fczere, kentimizin en \u00f6nemli sorunlar\u0131nda birisi oldu\u011funu s\u00f6yleyen Mersin Baro Ba\u015fkan\u0131 Gazi \u00d6zdemir, &#8220;Bug\u00fcn Mersin B\u00fcy\u00fck\u015fehir Belediyesi b\u00fcnyesinde, Kad\u0131n ve Aile Hizmetleri Dairesi Ba\u015fkanl\u0131\u011f\u0131 ile ortak bir protokol d\u00fczenleyerek, \u00f6zellikle \u015fiddet ma\u011fduru kad\u0131nlara ve yine istismara u\u011frayan \u00e7ocuklara hukuksal anlamda destek verme noktas\u0131nda \u00e7al\u0131\u015fmalar y\u00fcr\u00fctece\u011fiz. Ortak projeler \u00fcretece\u011fiz. Bu geli\u015ftirece\u011fimiz projelerin; \u015fehrimizdeki kad\u0131nlar ve \u00e7ocuklar ba\u015fta olmak \u00fczere, \u00fclkemizdeki kad\u0131nlara ve \u00e7ocuklara fayda getirece\u011fi noktas\u0131nda herhangi bir ku\u015fkumuz yok. Bu noktada da B\u00fcy\u00fck\u015fehir&#8217;in bize her t\u00fcrl\u00fc imkan\u0131 sa\u011flayaca\u011f\u0131n\u0131 biliyoruz. Zaten daha \u00f6nceki d\u00f6nemlerde de bu konularda, \u00f6zellikle kentimizle ilgili hukuksal sorunlarda, her daim Baromuzun yan\u0131nda yer ald\u0131. Tabii ki bu protokol\u00fcn d\u00fczenlenmesi; d\u00fcn itibariyle biliyorsunuz \u0130stanbul S\u00f6zle\u015fmesi&#8217;nin reddine y\u00f6nelik bir karar \u00e7\u0131kt\u0131. Anlaml\u0131 buluyorum ben. \u00c7\u00fcnk\u00fc biz bu m\u00fccadelemizi s\u00f6zle\u015fmenin iptaline y\u00f6nelik ret karar\u0131 da olsa s\u00fcrd\u00fcrece\u011fiz. \u00d6zellikle kentimizdeki sivil toplum \u00f6rg\u00fctleri, bile\u015fenleriyle, B\u00fcy\u00fck\u015fehir Belediyesi ile di\u011fer yerel belediyelerle yine kad\u0131n ve \u00e7ocuk i\u00e7in var g\u00fcc\u00fcm\u00fczle hukuksal alandaki m\u00fccadelemize devam edece\u011fiz&#8221; diye konu\u015ftu.<\/p>\n","protected":false},"excerpt":{"rendered":"<p>Kad\u0131n ve \u00e7ocuklara y\u00f6nelik pozitif ayr\u0131mc\u0131l\u0131k anlay\u0131\u015f\u0131n\u0131 \u00f6nceleyen Mersin B\u00fcy\u00fck\u015fehir Belediyesi ve Mersin Barosu aras\u0131nda i\u015f birli\u011fi protokol\u00fc imzaland\u0131. Ba\u015fkan Vahap Se\u00e7er ve Baro Ba\u015fkan\u0131 Gazi \u00d6zdemir aras\u0131nda imzalanan protokol &hellip; <a href=\"https:\/\/akdenizolaygazetesi.com\/?p=19939\" class=\"more-link\">Devam\u0131n\u0131 Oku&#8230;<\/a><\/p>\n","protected":false},"author":2,"featured_media":19940,"comment_status":"open","ping_status":"open","sticky":false,"template":"","format":"standard","meta":[],"categories":[2,3,5,9],"tags":[],"_links":{"self":[{"href":"https:\/\/akdenizolaygazetesi.com\/index.php?rest_route=\/wp\/v2\/posts\/19939"}],"collection":[{"href":"https:\/\/akdenizolaygazetesi.com\/index.php?rest_route=\/wp\/v2\/posts"}],"about":[{"href":"https:\/\/akdenizolaygazetesi.com\/index.php?rest_route=\/wp\/v2\/types\/post"}],"author":[{"embeddable":true,"href":"https:\/\/akdenizolaygazetesi.com\/index.php?rest_route=\/wp\/v2\/users\/2"}],"replies":[{"embeddable":true,"href":"https:\/\/akdenizolaygazetesi.com\/index.php?rest_route=%2Fwp%2Fv2%2Fcomments&post=19939"}],"version-history":[{"count":1,"href":"https:\/\/akdenizolaygazetesi.com\/index.php?rest_route=\/wp\/v2\/posts\/19939\/revisions"}],"predecessor-version":[{"id":19941,"href":"https:\/\/akdenizolaygazetesi.com\/index.php?rest_route=\/wp\/v2\/posts\/19939\/revisions\/19941"}],"wp:featuredmedia":[{"embeddable":true,"href":"https:\/\/akdenizolaygazetesi.com\/index.php?rest_route=\/wp\/v2\/media\/19940"}],"wp:attachment":[{"href":"https:\/\/akdenizolaygazetesi.com\/index.php?rest_route=%2Fwp%2Fv2%2Fmedia&parent=19939"}],"wp:term":[{"taxonomy":"category","embeddable":true,"href":"https:\/\/akdenizolaygazetesi.com\/index.php?rest_route=%2Fwp%2Fv2%2Fcategories&post=19939"},{"taxonomy":"post_tag","embeddable":true,"href":"https:\/\/akdenizolaygazetesi.com\/index.php?rest_route=%2Fwp%2Fv2%2Ftags&post=19939"}],"curies":[{"name":"wp","href":"https:\/\/api.w.org\/{rel}","templated":true}]}}