{"id":19945,"date":"2022-07-22T12:49:39","date_gmt":"2022-07-22T09:49:39","guid":{"rendered":"http:\/\/akdenizolaygazetesi.com\/?p=19945"},"modified":"2022-07-22T12:49:39","modified_gmt":"2022-07-22T09:49:39","slug":"yipratilmak-istenen-vahap-secer-olsa-da-mersinin-imajina-golge-dusuruldugunun-farkinda-olmanizi-istiyorum","status":"publish","type":"post","link":"https:\/\/akdenizolaygazetesi.com\/?p=19945","title":{"rendered":"&#8220;YIPRATILMAK \u0130STENEN VAHAP SE\u00c7ER OLSA DA MERS\u0130N&#8217;\u0130N \u0130MAJINA G\u00d6LGE D\u00dc\u015e\u00dcR\u00dcLD\u00dc\u011e\u00dcN\u00dcN FARKINDA OLMANIZI \u0130ST\u0130YORUM&#8221;"},"content":{"rendered":"<p>Mersin B\u00fcy\u00fck\u015fehir Belediyesi 2022 Y\u0131l\u0131 Temmuz Ay\u0131 Ola\u011fan Meclis Toplant\u0131s\u0131&#8217;n\u0131n 2. Birle\u015fimi, B\u00fcy\u00fck\u015fehir Belediye Ba\u015fkan\u0131 Vahap Se\u00e7er ba\u015fkanl\u0131\u011f\u0131nda ger\u00e7ekle\u015fti.<br \/>\nB\u00fcy\u00fck\u015fehir Belediyesi Kongre ve Sergi Saray\u0131&#8217;nda yap\u0131lan toplant\u0131da komisyonlara havale edilen 26 ve idareden gelen 3 olmak \u00fczere toplam 29 madde g\u00f6r\u00fc\u015f\u00fclerek oyland\u0131.<br \/>\n&#8220;Mersin 33 Kart&#8217;ta bir\u00e7ok avantaj var&#8221;<br \/>\nToplant\u0131&#8217;n\u0131n g\u00fcndem d\u0131\u015f\u0131 konular b\u00f6l\u00fcm\u00fcnde, B\u00fcy\u00fck\u015fehir Belediyesi&#8217;nin toplu ta\u015f\u0131ma ara\u00e7lar\u0131ndan kredi kart\u0131yla faydalananlar\u0131n daha y\u00fcksek bir \u00fccret \u00f6dedi\u011fi y\u00f6n\u00fcnde gelen iddiay\u0131 yan\u0131tlayan Ba\u015fkan Se\u00e7er, &#8220;Toplu ta\u015f\u0131ma ara\u00e7lar\u0131m\u0131zda kullan\u0131lan Mersin 33 Kart, bizim derli toplu istatistik toplamam\u0131z\u0131 sa\u011fl\u0131yor. Onun \u00fczerinden, kullan\u0131c\u0131lar\u0131m\u0131za ek olanaklar vermemizi sa\u011fl\u0131yor. Hatta belediyemize ait hizmetlerden indirimli faydalanmas\u0131n\u0131 sa\u011fl\u0131yor. \u00c7ok y\u00f6nl\u00fc fayda sa\u011flad\u0131\u011f\u0131 i\u00e7in, biz b\u00fct\u00fcn bu hizmetleri tek kart alt\u0131nda toplamak istiyoruz. Bu nedenle de di\u011fer \u015fehirlerde oldu\u011fu gibi Mersin B\u00fcy\u00fck\u015fehir de, kredi kartlar\u0131na farkl\u0131 bir uygulama yap\u0131yor. Yoksa bizim i\u00e7in de\u011fi\u015fmiyor&#8221; dedi.<br \/>\nToplu ta\u015f\u0131mada \u00f6\u011frencilere y\u00f6nelik 1 liral\u0131k ta\u015f\u0131ma hizmetine a\u00e7\u0131kl\u0131k getiren Ba\u015fkan Se\u00e7er, &#8220;Toplu ta\u015f\u0131ma ara\u00e7lar\u0131m\u0131z\u0131 kullanan \u00f6\u011frenciler, abonman kart\u0131 ald\u0131\u011f\u0131nda ula\u015f\u0131m bedeli olarak 1 lira \u00f6der. Abonman kart\u0131 almay\u0131p, sadece \u00f6\u011frenci kimli\u011fi ile bindi\u011fi zaman ula\u015f\u0131m bedeli olarak 3 lira \u00f6der. Bunun alt\u0131n\u0131 \u00e7izerek belirtmek istiyorum&#8221; diye konu\u015ftu.<br \/>\n&#8220;A\u011fa\u00e7 sevgisi \u00fczerinden \u00fczerimize gelindi\u011fi anda, vicdanlar s\u0131zlar&#8221;<br \/>\nSon g\u00fcnlerde yo\u011fun bir \u015fekilde konu\u015fulan \u00d6zgecan Aslan Bar\u0131\u015f Meydan\u0131&#8217;ndaki \u0130srail Kau\u00e7u\u011fu a\u011fac\u0131na ili\u015fkin de \u00f6nemli de\u011ferlendirmelerde bulunan Ba\u015fkan Se\u00e7er, &#8220;Ye\u015file, a\u011faca hassasiyeti olan herkes benim i\u00e7in de\u011ferlidir, k\u0131ymetlidir. Bu olayla ilgili ya\u015fananlar\u0131 ben kamuoyunun vicdan\u0131na b\u0131rak\u0131yorum. Ben sadece orada de\u011fil t\u00fcm parklar\u0131mda; sadece \u0130srail kau\u00e7u\u011fu de\u011fil, \u00e7\u0131nar a\u011fac\u0131ndan manolya a\u011fac\u0131na kadar, basit bir \u00e7ime kadar ye\u015fil hassasiyeti olan bir Belediye Ba\u015fkan\u0131y\u0131m. Ben &#8216;Ye\u015fil Mersin Projesi&#8217; ba\u015flatt\u0131m. \u0130lk fidan\u0131 diktim ve bu y\u0131l\u0131n sonuna kadar 700 bin fidan hedefledim. Ref\u00fcjlerimize de\u011fi\u015fik t\u00fcrlerde y\u00fczlerce fidan diktiren bir Belediye Ba\u015fkan\u0131y\u0131m. Dolay\u0131s\u0131yla a\u011fa\u00e7 sevgisi, ye\u015fil hassasiyeti \u00fczerinden bizim \u00fczerimize gelindi\u011fi anda vicdanlar s\u0131zlar&#8221; ifadesini kulland\u0131.<br \/>\n&#8220;Mersin&#8217;in imaj\u0131n\u0131, k\u00fc\u00e7\u00fck siyasi kazan\u0131mlar i\u00e7in feda etmeyin&#8221;<br \/>\nK\u00fclt\u00fcr Park ba\u015fta olmak \u00fczere b\u00fct\u00fcn parklarda vatanda\u015flar\u0131n ye\u015file, huzura y\u00f6nelik memnuniyetine dikkat \u00e7eken Ba\u015fkan Se\u00e7er, &#8220;K\u00fclt\u00fcr Park&#8217;ta her k\u00f6\u015feye bir sosyal tesis yapt\u0131k, canland\u0131rd\u0131k. WC&#8217;sinden \u00e7e\u015fmesine kadar. Defaatle o WC&#8217;ler; \u00d6zgecan Meydan\u0131&#8217;n\u0131n yan\u0131ndaki ucube cep sinemas\u0131n\u0131n etraf\u0131n\u0131 \u00e7evirdi\u011fimiz panolar\u0131n birka\u00e7 tanesi her hafta delik de\u015fik oluyor. Her ne hikmetse bug\u00fcne kadar \u00e7al\u0131\u015fmayan mobeseler, bu olayda \u00e7al\u0131\u015ft\u0131. Orada bir a\u011faca, bir \u00e7i\u00e7e\u011fe, belediyenin bir tesisine yap\u0131lan sald\u0131r\u0131, bundan sonra da ayn\u0131 hassasiyetle takip edilsin. Yap\u0131lan her t\u00fcrl\u00fc sald\u0131r\u0131, mobeselerde tespit edilsin. Ortada bir su\u00e7 varsa ve bunun faili kimse, idarem de gere\u011fini yapar, sonuna kadar gider. Ayr\u0131ca kentimizi \u015fu ana kadar ihya etti\u011fimiz gibi, bir de\u011fil binlerce a\u011fac\u0131 da ihya ederiz. Son olarak bir \u015fey daha s\u00f6yleyeyim. Mersin&#8217;in imaj\u0131n\u0131, k\u00fc\u00e7\u00fck siyasi kazan\u0131mlar i\u00e7in feda etmeyin&#8221; diye konu\u015ftu.<br \/>\n&#8220;Belediye g\u00f6revlisinin, gece saat 02.00&#8217;da evinden al\u0131nmas\u0131 hukuk d\u0131\u015f\u0131d\u0131r&#8221;<br \/>\nS\u00f6z konusu olayla ilgili olarak, ulusal televizyonlarda o g\u00f6r\u00fcnt\u00fcleri kendisi g\u00f6rmeden, kimlerin g\u00f6nderdi\u011fini Meclis \u00dcyeleri&#8217;nin ve halk\u0131n takdirine b\u0131rakt\u0131\u011f\u0131n\u0131 ifade eden Ba\u015fkan Se\u00e7er,  &#8220;T\u00fcrkiye&#8217;de y\u0131prat\u0131lmak istenen Vahap Se\u00e7er olsa da, Mersin&#8217;in imaj\u0131na g\u00f6lge d\u00fc\u015f\u00fcr\u00fcld\u00fc\u011f\u00fcn\u00fcn fark\u0131nda olman\u0131z\u0131 istiyorum. Bu kadar k\u00fc\u00e7\u00fck d\u00fc\u015f\u00fcn\u00fclmemeli. Zaten olayla ilgili idari bir soru\u015fturma a\u00e7t\u0131rd\u0131m. Adli soru\u015fturma zaten devam ediyor. Fakat, B\u00fcy\u00fck\u015fehir Belediyesi g\u00f6revlisinin, Valilik izni olmadan gece yar\u0131s\u0131 saat 02.00&#8217;da evinden al\u0131nmas\u0131 hukuk d\u0131\u015f\u0131d\u0131r. Elbette ki olay\u0131 ara\u015ft\u0131ral\u0131m, elbette ki soru\u015ftural\u0131m, failleri bulal\u0131m. Bir daha b\u00f6yle bir \u015fey olmamas\u0131 i\u00e7in de, gerekli tedbirleri alal\u0131m&#8221; dedi.<br \/>\n&#8220;Karaduvar halk\u0131n\u0131n talebi dikkate al\u0131nd\u0131&#8221;<br \/>\nAkdeniz-Toroslar-Yeni\u015fehir-Mezitli \u0130l\u00e7eleri 2. Etap 1. B\u00f6lge 1\/5000 \u00d6l\u00e7ekli \u0130lave ve Revizyon Naz\u0131m \u0130mar plan\u0131na ili\u015fkin ask\u0131 ilan s\u00fcresi i\u00e7erisinde gelen itirazlar da Meclis&#8217;te de\u011ferlendirildi. 1127 adet itiraz\u0131n oldu\u011fu plan; konut alanlar\u0131n\u0131n sanayi alan\u0131 olarak i\u015faretlenmesiyle ilgili. Meclis&#8217;te yap\u0131lan de\u011ferlendirmelerde; Karaduvar&#8217;\u0131n bulundu\u011fu yerin tamamen konut ama\u00e7l\u0131 d\u00fczenlendi\u011fi, \u015fikayet konusu olan alanlar\u0131n da sanayi i\u00e7inde kalm\u0131\u015f olsa da konut alan\u0131 olarak yeniden plana i\u015flendi\u011fi s\u00f6ylendi. \u0130lgili a\u00e7\u0131klaman\u0131n \u00fczerine Ba\u015fkan Se\u00e7er, &#8220;Ama\u00e7 has\u0131l oldu. B\u00f6lge halk\u0131n\u0131n orada evleri vard\u0131, sanayi olarak i\u015faretleniyordu. \u0130tiraz ettiler, komisyon onlar\u0131n talebi do\u011frultusunda, konut yapt\u0131klar\u0131 evlerin oldu\u011fu alanlar\u0131 konut olarak i\u015faretledi. Asl\u0131nda b\u00fct\u00fcn o b\u00f6lgeye i\u015faretledi, ama m\u00fcnferit sorun ya\u015fayan yerler var&#8217; dediniz. Onlar ayr\u0131 de\u011ferlendirilmesi gereken konular. Te\u015fekk\u00fcr ediyoruz, herkes kar\u015f\u0131l\u0131kl\u0131 g\u00f6revini yapm\u0131\u015f&#8221; dedi. Konu\u015fmalar\u0131n ard\u0131ndan komisyon raporu reddedildi.<br \/>\n&#8220;Ekmek fiyat\u0131n\u0131 uzun y\u0131llar de\u011fi\u015ftirmedik&#8221;<br \/>\nMersin halk\u0131na ucuz ekmek \u00fcreten MER-EK ile ilgili Cumhur \u0130ttifak\u0131&#8217;na mensup bir Meclis \u00fcyesinin s\u00f6ylemlerine cevap veren Ba\u015fkan Se\u00e7er, &#8220;Geldi\u011fimizde fabrika \u00e7al\u0131\u015f\u0131yordu, ama 11 bin civar\u0131nda ekmek \u00fcretiliyordu. \u0130lk bayramda 30 bin civar\u0131nda bir ekmek \u00fcretiminin oldu\u011funu hat\u0131rl\u0131yorum. Sonra 40 bine \u00e7\u0131kt\u0131. \u015eu olabilir; kapasite 70 bindir, fakat 60 \u00fcretilmi\u015f, 50 \u00fcretilmi\u015f, 40 \u00fcretilmi\u015f.  Ama gelinen noktada, 11 bine kadar d\u00fc\u015fen bir \u00fcretim vard\u0131. Ona kal\u0131rsa 4 bin ki\u015filik bir e\u011fitim kurumundan da bahsediliyordu. Geldik bakt\u0131k, ancak 1000 k\u00fcsur \u00f6\u011frenci vard\u0131. Onun i\u00e7in, d\u00f6nemleri kar\u0131\u015ft\u0131rmay\u0131n diyorum. Ger\u00e7i se\u00e7imlere 6 ay kala pek ilgilenmediniz, kendi d\u00f6neminiz olmad\u0131\u011f\u0131 i\u00e7in. Asl\u0131nda bu \u00e7ok tart\u0131\u015f\u0131lacak bir \u015fey de\u011fil, ama biz ne yapt\u0131\u011f\u0131m\u0131z\u0131 biliyoruz. Bunu vatanda\u015fa da g\u00f6sterme a\u00e7\u0131s\u0131ndan herkes rahat olsun diye, ben bu tart\u0131\u015fmaya m\u00fcsaade ettim. Git-geller niye oluyor? Biz de dedik ki, git gel bizde de\u011fil. Git gel piyasa ko\u015fullar\u0131, onu izah etmeye \u00e7al\u0131\u015f\u0131yoruz. 2019&#8217;da bir \u00e7uval un 90 TL civar\u0131. \u015eu anda ne kadar? 550 TL piyasa fiyat\u0131. Normal piyasa ko\u015fullar\u0131nda 6 kat art\u0131\u015f s\u00f6z konusu. 75 kuru\u015fa devrald\u0131\u011f\u0131m\u0131z ekmek fiyat\u0131n\u0131, uzun y\u0131llar de\u011fi\u015ftirmedik. Fakat, ekonomideki olumsuzlu\u011fa ba\u011fl\u0131 olarak \u00f6nce 1 TL yapt\u0131k, sonra da 1,5 TL&#8221; ifadesini kulland\u0131.<br \/>\n&#8220;T\u00fcrkiye&#8217;nin en ucuz ekme\u011fi Mersin Belediyesi&#8217;nde \u00fcretilmeye devam edecek&#8221;<br \/>\nMER-EK&#8217;i kiralamak yerine B\u00fcy\u00fck\u015fehir&#8217;e devredilmesini uygun g\u00f6rd\u00fcklerini s\u00f6yleyen Se\u00e7er, &#8220;Bir kesemizden al\u0131p, bir kesemize koyduk. Buras\u0131 ticari bir i\u015fletme de\u011fil. Bu bir sosyal hizmet, sosyal yard\u0131m. Bunu \u015firket \u00fczerinden yapt\u0131\u011f\u0131n\u0131z zaman, \u015firket ka\u011f\u0131t \u00fczerinde iflasa gidiyor. O y\u00fczden mal belediyenin olsun, kafam\u0131z rahat olsun. Yar\u0131n bir g\u00fcn ev sahibi ile anla\u015famay\u0131z, \u00e7\u0131k derse kira zor, b\u00f6ylesi daha uygun oldu. Buras\u0131 belediye hizmet alan\u0131. \u015eirket \u00fczerindeyken, zaten belediye hizmet alan\u0131n\u0131 ne yapacak? Belediyeye laz\u0131m, biz de ald\u0131k, yapt\u0131\u011f\u0131m\u0131z bundan ibaret&#8221; dedi. \u0130lgili madde komisyondan geldi\u011fi \u015fekliyle oy birli\u011fiyle kabul edildi. Se\u00e7er, &#8220;Eski haliyle, yeni haliyle T\u00fcrkiye&#8217;nin en ucuz ekme\u011fi, Mersin Belediyesi&#8217;nde \u00fcretilmeye devam edecek&#8221; diye konu\u015ftu.<br \/>\n&#8220;Belediye&#8217;ye hi\u00e7bir faydas\u0131 olmayan kurulu\u015fa \u00f6denen paraya ac\u0131r\u0131m&#8221;<br \/>\nMersin B\u00fcy\u00fck\u015fehir Belediyesi&#8217;nin T\u00fcrk D\u00fcnyas\u0131 Belediyeler Birli\u011fi&#8217;nden ayr\u0131lmas\u0131n\u0131 i\u00e7eren maddenin g\u00fcndeme gelmesi \u00fczerine Ba\u015fkan Se\u00e7er, &#8220;T\u00fcrk D\u00fcnyas\u0131 Belediyeler Birli\u011fi&#8217;ne Mersin B\u00fcy\u00fck\u015fehir Belediyesi, Ayd\u0131nc\u0131k, bir de Tarsus Belediyesi&#8217;nin d\u0131\u015f\u0131nda di\u011fer belediyeler \u00fcye de\u011fil. Biz istemiyoruz. Belediye&#8217;ye hi\u00e7bir faydas\u0131 olmayan bir kurulu\u015fa 150 bin lira \u00f6demek yaz\u0131k de\u011fil mi? Bu halk\u0131n paras\u0131. \u00c7ok paran\u0131z varsa siz verin. Benim vicdan\u0131m el vermiyor&#8221; dedi.<br \/>\nCumhur \u0130ttifak\u0131&#8217;na mensup bir Meclis \u00dcyesi&#8217;nin, B\u00fcy\u00fck\u015fehir&#8217;in birlikten ayr\u0131lmas\u0131 gerekti\u011fi ile ilgili de\u011ferlendirmelerine itiraz etmesi \u00fczerine tekrar s\u00f6z alan Ba\u015fkan Se\u00e7er, &#8220;T\u00fcrk olan bir insan\u0131n, T\u00fcrk kelimesinden rahats\u0131z olmas\u0131 gibi a\u011f\u0131r bir itham olamaz. Tamamen demagojiye y\u00f6nelik bir konu\u015fma yapt\u0131n\u0131z. Sen bu olaya ideolojik bak\u0131yorsun. Tam da ideolojik olarak uygun bir belediye olan, kendi Meclis \u00dcyesi oldu\u011fun belediyeyi bu birli\u011fe niye \u00fcye yapmad\u0131n? Senin gibi d\u00fc\u015f\u00fcnen di\u011fer belediye ba\u015fkanlar\u0131, kendi belediyelerini bu birli\u011fe niye \u00fcye yapmad\u0131? Ben niye vereyim 150 bin lira. 150 bin lira i\u00e7in koca Meclis tart\u0131\u015f\u0131yor. Niye? Zaman\u0131nda gereksiz yere bunlar \u00fcye olmu\u015f, aidat veriyoruz; M\u0130S de ayn\u0131 \u015fekilde. Yaz\u0131k g\u00fcnah. Yani Meclis&#8217;in ald\u0131\u011f\u0131 her karar do\u011fru de\u011fildir. Meclis bazen \u00f6yle kararlar al\u0131r ki, vicdanlar\u0131 s\u0131zlat\u0131r&#8221; ifadesini kulland\u0131.<br \/>\nYap\u0131lan oylama sonucu, T\u00fcrk D\u00fcnyas\u0131 Belediyeler Birli\u011fi&#8217;nden B\u00fcy\u00fck\u015fehir Belediyesi&#8217;nin ayr\u0131lma talebinin, Cumhur \u0130ttifak\u0131 Meclis \u00dcyeleri taraf\u0131ndan reddedilmesinin \u00fcz\u00fcc\u00fc oldu\u011funu kaydeden Ba\u015fkan Se\u00e7er, &#8220;Ger\u00e7ekten bunlar \u00e7ok ucuz \u015feyler. Buna benim vicdan\u0131m raz\u0131 de\u011fil. Cumhur \u0130ttifak\u0131&#8217;n\u0131n Ak Parti&#8217;li \u00fcyeleri, her \u015feyden \u00f6nce kendi Genel Ba\u015fkanlar\u0131&#8217;n\u0131n talimat\u0131na uymuyor. Bak\u0131n Cumhurba\u015fkanl\u0131\u011f\u0131 Genelgesi&#8217;nde bile &#8216;Mevzuattan kaynaklanan zorunluluklar d\u0131\u015f\u0131nda, mesleki kurulu\u015f veya derneklere \u00fcye olunmayacakt\u0131r&#8217; diyor. Bir zorunlulu\u011funuz var m\u0131? Ben bu karar\u0131, herkesin vicdan\u0131na b\u0131rak\u0131yorum&#8221; dedi.<br \/>\n&#8220;Ben kamunun hakk\u0131n\u0131 savunmak zorunday\u0131m&#8221;<br \/>\nErdemli Alata Hal Tesisi&#8217;nde bulunan 52 ba\u011f\u0131ms\u0131z b\u00f6l\u00fcm\u00fcn sat\u0131\u015f\u0131 ve sat\u0131\u015f i\u00e7in Mersin B\u00fcy\u00fck\u015fehir Belediye Enc\u00fcmeni&#8217;ne yetki verilmesi ile ilgili Plan ve B\u00fct\u00e7e Komisyonu&#8217;na havale edilen konu Ba\u015fkan Se\u00e7er taraf\u0131ndan resen g\u00fcndeme getirildi. Konunun 6 ayd\u0131r meclis g\u00fcndemine getirilmedi\u011fini s\u00f6yleyen Ba\u015fkan Se\u00e7er, &#8220;Bu konu Erdemli Alata Hal Tesisleri ile ilgili yasadan kaynakl\u0131 52 ba\u011f\u0131ms\u0131z b\u00f6l\u00fcm\u00fcn sat\u0131\u015f\u0131. Yani daha do\u011frusu yasa bu hakk\u0131 bize veriyor. 10 Ocak 2022 tarihinde komisyona sevk edildi. 6 ayd\u0131r komisyon g\u00fcndemine gelmedi. Bizim, i\u015flerimizi zaman\u0131nda yapmam\u0131z gerekiyor&#8221; dedi.<br \/>\nBir Meclis \u00dcyesi&#8217;nin; 13 y\u0131l \u00f6nce komisyoncular\u0131n Erdemli Belediyesi&#8217;ne yakla\u015f\u0131k 40 bin lira \u00f6deme yapt\u0131\u011f\u0131n\u0131 iletmesi \u00fczerine Ba\u015fkan Se\u00e7er, &#8220;Bor\u00e7 alacaklar\u0131n\u0131n bizimle ne alakas\u0131 var, ben anlamad\u0131m. 40 bin lira verilirken, bug\u00fcnk\u00fc nasihatleri o g\u00fcnk\u00fc Erdemli Belediyesi&#8217;ne yapmad\u0131n\u0131z m\u0131? 13 sene \u00f6ncesini, dolar\u0131n 2 lira oldu\u011fu d\u00f6nemleri konu\u015fuyoruz. \u015eu anda o para 400 bin TL. Bu paralar\u0131 alm\u0131\u015flar bu insanlardan ve davalar\u0131 da devam ediyor. Bizimle alakas\u0131 yok&#8221; ifadelerini kulland\u0131. Se\u00e7er, a\u00e7\u0131klamas\u0131n\u0131n devam\u0131nda \u015funlar\u0131 s\u00f6yledi: &#8220;Arkada\u015flar\u0131 davet ettik. Bir t\u00fcrl\u00fc toplanamad\u0131k. Ben bir yere gitmekten ka\u00e7\u0131nmam, memnuniyetle giderim, ancak \u00e7abalar\u0131m sonu\u00e7 vermedi. Ben mecbur kald\u0131m. \u015eimdi orada \u00e7\u00f6zmek istedi\u011fimiz zor bir mesele de\u011fil. Zaten d\u00f6rt ba\u015f\u0131 mamur g\u00fczel bir \u015fey yap\u0131yoruz. Satamayacaklar\u0131m\u0131z\u0131 da kiraya verece\u011fiz. Yasa ne emrediyorsa onu yapaca\u011f\u0131z. Komisyoncu esnaf\u0131 da bizim esnaf\u0131m\u0131z, ama bir taraftan da ben kamunun hakk\u0131n\u0131 savunmak zorunday\u0131m&#8221; diye konu\u015ftu.<br \/>\n&#8220;Benim derdim kaynak yaratmak&#8221;<br \/>\nKomisyoncu esnaf\u0131n\u0131n, kira s\u00fcreci tamamlanana kadar Hal Tesisi&#8217;ne yerle\u015fmeyi ve daha sonra makul bedelle sistemin i\u015fletilmesini talep etmeleri y\u00f6n\u00fcnde iletilen isteklerine de yan\u0131t veren Ba\u015fkan Se\u00e7er, &#8220;Benim derdim kaynak yaratmak. &#8216;Makul neyse, muhammen bedel belirleyin sat\u0131\u015fa \u00e7\u0131kal\u0131m&#8217; diyorum. Ben kimseyi yar\u0131\u015fa sokmak istemiyorum. Nihayetinde yasalar\u0131n bana verdi\u011fi imkanlar \u00e7er\u00e7evesinde bunu ihaleye \u00e7\u0131kaca\u011f\u0131m. Burada bir yanl\u0131\u015f anla\u015f\u0131lma olmas\u0131n. Nas\u0131l ta\u015f\u0131nacak, benim bir i\u015flem yapmam laz\u0131m. Ya kiraya verece\u011fim ya sataca\u011f\u0131m&#8221; diye belirtti.<br \/>\nD\u00fckkanlar\u0131n mevzuata uygun bir \u015fekilde sat\u0131laca\u011f\u0131n\u0131, sat\u0131lamayanlar\u0131n da kiraya verilece\u011fini belirten Se\u00e7er, &#8220;Biz diyoruz ki, bu d\u00fckkanlar\u0131 mevzuata uygun olarak satal\u0131m. Bir de evdeki hesap \u00e7ar\u015f\u0131ya uymad\u0131. Fiyat farklar\u0131 filan hep bindi \u00fczerine. \u0130hale 35 milyondu. \u015eimdi ka\u00e7a mal oldu bilmiyorum. Biz de bir kaynak yaratmak, gemiyi y\u00fczd\u00fcrmek zorunday\u0131z. Paras\u0131 olan alacak, paras\u0131 olmayan da kiraya \u00e7\u0131kacak. Bizim kimseyi y\u00fcz\u00fcst\u00fc b\u0131rakacak halimiz yok, ekme\u011finden edecek halimiz yok&#8221; dedi.<br \/>\nBa\u015fkan Se\u00e7er, konuyla ilgili a\u00e7\u0131klamas\u0131n\u0131n devam\u0131nda, &#8220;Bu konudaki \u00e7\u00f6z\u00fcms\u00fczl\u00fc\u011f\u00fcn m\u00fcsebbibi bu saatten sonra Mersin B\u00fcy\u00fck\u015fehir Belediyesi de\u011fildir. Kanun, nizam \u00e7er\u00e7evesinde ilgili dairemiz gerekli \u00e7al\u0131\u015fmalar\u0131 yapar. Biz de yasalar \u00e7er\u00e7evesinde bunu takip ederiz&#8221; dedi.<\/p>\n<p>&#8220;A\u011fustos ay\u0131na kadar bu meseleyi \u00e7\u00f6zelim&#8221;<br \/>\nBir Meclis \u00fcyesinin Hal&#8217;deki b\u00f6l\u00fcmlerin sat\u0131lma \u015feklinin ilgili maddede g\u00f6r\u00fcnd\u00fc\u011f\u00fc \u015fekliyle olamayaca\u011f\u0131n\u0131 s\u00f6ylemesi \u00fczerine Se\u00e7er, &#8220;Biz zaten hukuken bunun uygunlu\u011fu var m\u0131 yok mu, g\u00f6r\u00fc\u015f alarak, de\u011ferlendirme yaparak size uygunluk verdik. Dedik ki, bu \u015fartlarda sizin bu endi\u015fenizi giderecek bir ihale \u015fartnamesi haz\u0131rlayabiliriz. Hi\u00e7bir sorun yok bizim a\u00e7\u0131m\u0131zdan. Ben oradaki komisyoncu esnaf\u0131n\u0131n y\u00f6nlendirmesiyle, belediye olarak b\u00f6yle bir tav\u0131r ortaya koyamam. Mesele \u00e7ok a\u00e7\u0131k. 52 adet d\u00fckkan var. Almak isteyen al\u0131r, geri kalan\u0131 da zaten kiraya gider. \u015e\u00f6yle bir \u015fey yapal\u0131m. Ben bunu geri \u00e7ekip komisyona g\u00f6ndereyim, gelecek A\u011fustos&#8217;a kadar. Daha \u00f6tesini bekleyemem&#8221; diye konu\u015ftu.<\/p>\n","protected":false},"excerpt":{"rendered":"<p>Mersin B\u00fcy\u00fck\u015fehir Belediyesi 2022 Y\u0131l\u0131 Temmuz Ay\u0131 Ola\u011fan Meclis Toplant\u0131s\u0131&#8217;n\u0131n 2. Birle\u015fimi, B\u00fcy\u00fck\u015fehir Belediye Ba\u015fkan\u0131 Vahap Se\u00e7er ba\u015fkanl\u0131\u011f\u0131nda ger\u00e7ekle\u015fti. B\u00fcy\u00fck\u015fehir Belediyesi Kongre ve Sergi Saray\u0131&#8217;nda yap\u0131lan toplant\u0131da komisyonlara havale edilen &hellip; <a href=\"https:\/\/akdenizolaygazetesi.com\/?p=19945\" class=\"more-link\">Devam\u0131n\u0131 Oku&#8230;<\/a><\/p>\n","protected":false},"author":2,"featured_media":19946,"comment_status":"open","ping_status":"open","sticky":false,"template":"","format":"standard","meta":[],"categories":[1,2,3,5],"tags":[],"_links":{"self":[{"href":"https:\/\/akdenizolaygazetesi.com\/index.php?rest_route=\/wp\/v2\/posts\/19945"}],"collection":[{"href":"https:\/\/akdenizolaygazetesi.com\/index.php?rest_route=\/wp\/v2\/posts"}],"about":[{"href":"https:\/\/akdenizolaygazetesi.com\/index.php?rest_route=\/wp\/v2\/types\/post"}],"author":[{"embeddable":true,"href":"https:\/\/akdenizolaygazetesi.com\/index.php?rest_route=\/wp\/v2\/users\/2"}],"replies":[{"embeddable":true,"href":"https:\/\/akdenizolaygazetesi.com\/index.php?rest_route=%2Fwp%2Fv2%2Fcomments&post=19945"}],"version-history":[{"count":1,"href":"https:\/\/akdenizolaygazetesi.com\/index.php?rest_route=\/wp\/v2\/posts\/19945\/revisions"}],"predecessor-version":[{"id":19947,"href":"https:\/\/akdenizolaygazetesi.com\/index.php?rest_route=\/wp\/v2\/posts\/19945\/revisions\/19947"}],"wp:featuredmedia":[{"embeddable":true,"href":"https:\/\/akdenizolaygazetesi.com\/index.php?rest_route=\/wp\/v2\/media\/19946"}],"wp:attachment":[{"href":"https:\/\/akdenizolaygazetesi.com\/index.php?rest_route=%2Fwp%2Fv2%2Fmedia&parent=19945"}],"wp:term":[{"taxonomy":"category","embeddable":true,"href":"https:\/\/akdenizolaygazetesi.com\/index.php?rest_route=%2Fwp%2Fv2%2Fcategories&post=19945"},{"taxonomy":"post_tag","embeddable":true,"href":"https:\/\/akdenizolaygazetesi.com\/index.php?rest_route=%2Fwp%2Fv2%2Ftags&post=19945"}],"curies":[{"name":"wp","href":"https:\/\/api.w.org\/{rel}","templated":true}]}}