{"id":19960,"date":"2022-07-24T07:57:37","date_gmt":"2022-07-24T04:57:37","guid":{"rendered":"http:\/\/akdenizolaygazetesi.com\/?p=19960"},"modified":"2022-07-24T07:57:37","modified_gmt":"2022-07-24T04:57:37","slug":"esenli-uzumu-daha-cok-taninacak-akdeniz-ve-mersin-kazanacak","status":"publish","type":"post","link":"https:\/\/akdenizolaygazetesi.com\/?p=19960","title":{"rendered":"\u201cEsenli \u00fcz\u00fcm\u00fc daha \u00e7ok tan\u0131nacak, Akdeniz ve Mersin kazanacak\u201d"},"content":{"rendered":"<p>Akdeniz Belediye Ba\u015fkan\u0131 Mustafa G\u00fcltak, 24 Temmuz Pazar g\u00fcn\u00fc (yar\u0131n), saat 16:00\u2019da ba\u015flayacak olan Esenli \u00dcz\u00fcm \u015eenli\u011fi\u2019ne t\u00fcm Mersinlileri davet etti. Ba\u015fkan G\u00fcltak, \u00fcz\u00fcm \u015fenli\u011fine kat\u0131lmak isteyen vatanda\u015flar i\u00e7in, yar\u0131n saat 15:00\u2019te belediye binas\u0131 \u00f6n\u00fcnden otob\u00fcs seferleri yap\u0131laca\u011f\u0131n\u0131 belirtti.<br \/>\nTRT \u00c7ukurova Radyosu\u2019nun canl\u0131 yay\u0131n konu\u011fu olan Akdeniz Belediye Ba\u015fkan\u0131 M. Mustafa G\u00fcltak, Akdeniz\u2019de ilk kez bir \u00fcz\u00fcm \u015fenli\u011fine imza atacak olmaktan b\u00fcy\u00fck mutluluk duyduklar\u0131n\u0131 dile getirdi, Mersinlileri farkl\u0131 etkinlikler ve d\u00fczenlenecek konser ile renklenecek olan \u015fenli\u011fe davet etti. Bu t\u00fcr etkinliklerin \u00f6nemine de\u011finen Ba\u015fkan G\u00fcltak, \u201cFestivaller sayesinde hem kentimizi ve il\u00e7emizi, hem de \u00fcr\u00fcnlerimizi yerel, ulusal, uluslararas\u0131 \u00f6l\u00e7ekte tan\u0131tm\u0131\u015f oluyoruz. Bu sayede bir yandan kentimiz ve il\u00e7emiz ekonomisi canl\u0131l\u0131k kazan\u0131yor, di\u011fer yandan \u00fcreticilerimiz biraz daha fazla kazan\u0131yor\u201d dedi.<br \/>\n\u015eenlik yar\u0131n saat 16:00\u2019da Esenli Meydan\u0131\u2019nda\u2026<br \/>\nEsenli \u00dcz\u00fcm \u015eenli\u011fi\u2019nin, 24 Temmuz Pazar g\u00fcn\u00fc (yar\u0131n) saat 16:00\u2019da Esenli Mahalle Meydan\u0131\u2019nda ba\u015flayaca\u011f\u0131n\u0131 belirten Ba\u015fkan G\u00fcltak, \u201c\u015eenli\u011fimizde en iyi \u00fcz\u00fcm yar\u0131\u015fmas\u0131, \u00fcz\u00fcm ve \u00fcz\u00fcm \u00e7ekirde\u011finden yap\u0131lan \u00fcr\u00fcnlerin sat\u0131\u015f stantlar\u0131, farkl\u0131 yar\u0131\u015fmalar ve etkinlikler, \u00e7ocuklar i\u00e7in g\u00f6steriler ve e\u011flenceli aktiviteler olacak. Ak\u015fam saatlerinde de sanat\u00e7\u0131m\u0131z Eser Ey\u00fcbo\u011flu da t\u00fcrk\u00fcleri ile konuklara g\u00fczel dakikalar, unutamayacaklar\u0131 keyifli bir vakit ya\u015fatacak\u201d \u015feklinde konu\u015ftu.<br \/>\n\u201cEsenli \u00fcz\u00fcm\u00fc daha \u00e7ok tan\u0131nacak, Akdeniz ve Mersin kazanacak\u201d<br \/>\nBa\u015fkan G\u00fcltak, Esenli sakinlerinin ge\u00e7imini tar\u0131mdan sa\u011flad\u0131\u011f\u0131n\u0131 ve bu \u00fcretimin ba\u015f\u0131nda da \u00fcz\u00fcm\u00fcn geldi\u011fini s\u00f6yledi, b\u00f6lgede 13 bin d\u00f6n\u00fcm gibi geni\u015f arazide \u00fcz\u00fcm \u00fcretimi yap\u0131ld\u0131\u011f\u0131na dikkat \u00e7ekti. \u00dcretilen tonlarca \u00fcz\u00fcm\u00fcn i\u00e7 ve d\u0131\u015f piyasaya ihra\u00e7 edildi\u011fini kaydeden Ba\u015fkan G\u00fcltak, s\u00f6zlerini \u015f\u00f6yle s\u00fcrd\u00fcrd\u00fc; \u201c\u015eenli\u011fimiz sayesinde hem Esenli\u2019yi tan\u0131tm\u0131\u015f olaca\u011f\u0131z, b\u00f6ylelikle Esenli \u00fcz\u00fcm\u00fcn\u00fcn i\u00e7 ve d\u0131\u015f piyasaya daha \u00e7ok sunulmas\u0131n\u0131 sa\u011flayaca\u011f\u0131z. Olu\u015facak bu hareketlilik ve rekabetten de \u00e7ift\u00e7ilerimiz faydalanacak.<br \/>\nBelediye olarak, Alata Bah\u00e7e K\u00fclt\u00fcrleri Ara\u015ft\u0131rma Enstit\u00fcs\u00fc ile birlikte b\u00f6lge \u00fcreticilerine bilin\u00e7li g\u00fcbreleme, budama ve su kullan\u0131m\u0131na y\u00f6nelik e\u011fitim semineri d\u00fczenledik. Bu neyi getirecek? Az g\u00fcbre, kimyasal, kal\u0131nt\u0131s\u0131z, kaliteli \u00fcr\u00fcn, aromas\u0131 ve \u015feker oran\u0131yla daha \u00e7ok tercih edilen \u00fcz\u00fcm yeti\u015fecek. Bu da hem i\u00e7 hem de d\u0131\u015f piyasada, \u00fcreticilerimize ciddi bir rekabet g\u00fcc\u00fc kazand\u0131racak. Esenlili \u00fcreticilerimiz yarar\u0131na, ilk kez b\u00f6ylesi bir \u015fenli\u011fe imza at\u0131yor olmaktan mutluyuz. \u015eenli\u011fin d\u00fczenlenmesine emek veren K\u00fclt\u00fcr Sosyal \u0130\u015fler M\u00fcd\u00fcrl\u00fc\u011f\u00fcm\u00fcze ve t\u00fcm personelimize te\u015fekk\u00fcr ediyorum.\u201d<br \/>\nS\u0131rada bal\u0131k ve g\u00fcl festivalleri var!<br \/>\nKonu\u015fmas\u0131nda; yerel ve ulusal \u00f6l\u00e7ekte b\u00fcy\u00fck ses getiren Karaduvar Bal\u0131k Festivali\u2019nin 3\u2019\u00fcnc\u00fcs\u00fcn\u00fcn haz\u0131rl\u0131klar\u0131n\u0131n s\u00fcrd\u00fc\u011f\u00fcn\u00fc de kaydeden Akdeniz Belediye Ba\u015fkan\u0131 G\u00fcltak, festivali Eyl\u00fcl ay\u0131 sonlar\u0131nda yapmay\u0131 planlad\u0131klar\u0131n\u0131, etkinli\u011fe \u00e7ok \u00fcnl\u00fc ve sevilen bir sanat\u00e7\u0131n\u0131n kat\u0131laca\u011f\u0131n\u0131 s\u00f6yledi.<br \/>\nBa\u015fkan G\u00fcltak; Mersin\u2019in, \u0130zmir\u2019den sonra kesme g\u00fclde ikinci s\u0131rada yer ald\u0131\u011f\u0131n\u0131 belirtti, bu y\u0131l i\u00e7inde Akdeniz\u2019de g\u00fcl festivali d\u00fczenlemek i\u00e7in de giri\u015fimlerinin s\u00fcrd\u00fc\u011f\u00fcn\u00fc anlatt\u0131. Esenli \u00dcz\u00fcm \u015eenli\u011fi\u2019ne kat\u0131lmak isteyen vatanda\u015flar i\u00e7in, 24 Temmuz Pazar g\u00fcn\u00fc saat 15:00\u2019te belediye \u00f6n\u00fcnden ara\u00e7lar kald\u0131r\u0131laca\u011f\u0131n\u0131 da s\u00f6zlerine ekleyen Ba\u015fkan G\u00fcltak, bir kez daha Mersinlileri \u015fenli\u011fe kat\u0131lmaya davet etti.<\/p>\n","protected":false},"excerpt":{"rendered":"<p>Akdeniz Belediye Ba\u015fkan\u0131 Mustafa G\u00fcltak, 24 Temmuz Pazar g\u00fcn\u00fc (yar\u0131n), saat 16:00\u2019da ba\u015flayacak olan Esenli \u00dcz\u00fcm \u015eenli\u011fi\u2019ne t\u00fcm Mersinlileri davet etti. Ba\u015fkan G\u00fcltak, \u00fcz\u00fcm \u015fenli\u011fine kat\u0131lmak isteyen vatanda\u015flar i\u00e7in, yar\u0131n &hellip; <a href=\"https:\/\/akdenizolaygazetesi.com\/?p=19960\" class=\"more-link\">Devam\u0131n\u0131 Oku&#8230;<\/a><\/p>\n","protected":false},"author":2,"featured_media":19961,"comment_status":"open","ping_status":"open","sticky":false,"template":"","format":"standard","meta":[],"categories":[3],"tags":[],"_links":{"self":[{"href":"https:\/\/akdenizolaygazetesi.com\/index.php?rest_route=\/wp\/v2\/posts\/19960"}],"collection":[{"href":"https:\/\/akdenizolaygazetesi.com\/index.php?rest_route=\/wp\/v2\/posts"}],"about":[{"href":"https:\/\/akdenizolaygazetesi.com\/index.php?rest_route=\/wp\/v2\/types\/post"}],"author":[{"embeddable":true,"href":"https:\/\/akdenizolaygazetesi.com\/index.php?rest_route=\/wp\/v2\/users\/2"}],"replies":[{"embeddable":true,"href":"https:\/\/akdenizolaygazetesi.com\/index.php?rest_route=%2Fwp%2Fv2%2Fcomments&post=19960"}],"version-history":[{"count":1,"href":"https:\/\/akdenizolaygazetesi.com\/index.php?rest_route=\/wp\/v2\/posts\/19960\/revisions"}],"predecessor-version":[{"id":19962,"href":"https:\/\/akdenizolaygazetesi.com\/index.php?rest_route=\/wp\/v2\/posts\/19960\/revisions\/19962"}],"wp:featuredmedia":[{"embeddable":true,"href":"https:\/\/akdenizolaygazetesi.com\/index.php?rest_route=\/wp\/v2\/media\/19961"}],"wp:attachment":[{"href":"https:\/\/akdenizolaygazetesi.com\/index.php?rest_route=%2Fwp%2Fv2%2Fmedia&parent=19960"}],"wp:term":[{"taxonomy":"category","embeddable":true,"href":"https:\/\/akdenizolaygazetesi.com\/index.php?rest_route=%2Fwp%2Fv2%2Fcategories&post=19960"},{"taxonomy":"post_tag","embeddable":true,"href":"https:\/\/akdenizolaygazetesi.com\/index.php?rest_route=%2Fwp%2Fv2%2Ftags&post=19960"}],"curies":[{"name":"wp","href":"https:\/\/api.w.org\/{rel}","templated":true}]}}