{"id":19966,"date":"2022-07-24T08:02:03","date_gmt":"2022-07-24T05:02:03","guid":{"rendered":"http:\/\/akdenizolaygazetesi.com\/?p=19966"},"modified":"2022-07-24T08:02:03","modified_gmt":"2022-07-24T05:02:03","slug":"baskan-secer-uzuncaburc-ve-caltibozkir-lavanta-bahcelerini-gezdi","status":"publish","type":"post","link":"https:\/\/akdenizolaygazetesi.com\/?p=19966","title":{"rendered":"BA\u015eKAN SE\u00c7ER, UZUNCABUR\u00c7 VE \u00c7ALTIBOZKIR LAVANTA BAH\u00c7ELER\u0130N\u0130 GEZD\u0130"},"content":{"rendered":"<p>G\u00f6reve geldi\u011fi g\u00fcnden bu yana vatanda\u015flarla i\u00e7 i\u00e7e olan Mersin B\u00fcy\u00fck\u015fehir Belediye Ba\u015fkan\u0131 Vahap Se\u00e7er, saha ziyaretlerinin bir yenisini Silifke il\u00e7esinde ger\u00e7ekle\u015ftirdi. Silifke&#8217;nin Gazi Mahallesi&#8217;ndeki esnaf\u0131 ziyaret eden Ba\u015fkan Se\u00e7er, gezdi\u011fi her esnaf\u0131n sorun ve taleplerini dinleyerek, sohbet etme f\u0131rsat\u0131 buldu.<\/p>\n<p>Silifke&#8217;de Ba\u015fkan Se\u00e7er&#8217;e yo\u011fun ilgi<\/p>\n<p>Gazi Mahallesi&#8217;ndeki esnaf ziyaretinde yo\u011fun ilgi g\u00f6ren Ba\u015fkan Se\u00e7er, her esnafla tek tek sohbet etti, sorun ve taleplerini dinledi. Silifke esnaf\u0131na herhangi bir sorun veya s\u0131k\u0131nt\u0131 durumunda, Alo 185&#8217;i aramalar\u0131 veya belediyenin TEKS\u0130N uygulamas\u0131ndan faydalanmalar\u0131 \u00e7a\u011fr\u0131s\u0131nda bulunan Ba\u015fkan Se\u00e7er, ziyaret boyunca sevgi dolu s\u00f6zlerle a\u011f\u0131rland\u0131.<\/p>\n<p>Uzuncabur\u00e7&#8217;u gezdi<\/p>\n<p>Ba\u015fkan Se\u00e7er, Silifke program\u0131na 2 bin 300 y\u0131ll\u0131k tarihi ge\u00e7mi\u015fe sahip Uzuncabur\u00e7&#8217;la devam etti. Meral Se\u00e7er&#8217;le birlikte Mersin \u00dcniversitesi ile K\u00fclt\u00fcr ve Turizm Bakanl\u0131\u011f\u0131&#8217;n\u0131n ortak \u00e7al\u0131\u015fma y\u00fcr\u00fctt\u00fc\u011f\u00fc tarihi Uzuncabur\u00e7 \u00f6ren yerini gezen Ba\u015fkan Se\u00e7er&#8217;e, kaz\u0131 ba\u015fkan\u0131 Prof. Dr. \u00dcmit Ayd\u0131no\u011flu e\u015flik ederek; tarihi yap\u0131lar, kal\u0131nt\u0131lar ve y\u00fcr\u00fct\u00fclen \u00e7al\u0131\u015fma hakk\u0131nda bilgiler verdi.<\/p>\n<p>Ba\u015fkan Se\u00e7er&#8217;in son dura\u011f\u0131 Lavanta bah\u00e7eleri oldu<\/p>\n<p>Ba\u015fkan Se\u00e7er, Silifke program\u0131n\u0131n son dura\u011f\u0131nda ise \u00c7alt\u0131bozk\u0131r Lavanta bah\u00e7elerini gezdi. Etkileyici bir g\u00fczelli\u011fe sahip lavanta bah\u00e7elerini gezen Ba\u015fkan Se\u00e7er, \u00c7alt\u0131bozk\u0131r \u00dcretim ve Pazarlama Kooperatifi&#8217;ne ge\u00e7ti\u011fimiz y\u0131l Mart ay\u0131nda destek ama\u00e7l\u0131 verilen buhar distilasyon makinesini de inceledi.<\/p>\n<p>Lavanta ile birlikte toplam 10 farkl\u0131 ya\u011f \u00fcretimi yapan ve kooperatife sunulan makine deste\u011fi, \u00fcretim s\u00fcrecini h\u0131zland\u0131rd\u0131. Ba\u015fkan Se\u00e7er, ya\u011f \u00fcretimi yap\u0131lan makinenin ba\u015f\u0131nda kooperatif y\u00f6neticilerinden bilgiler alarak, makine deste\u011finin \u00fcreticiye sa\u011flad\u0131\u011f\u0131 yarar\u0131n \u00f6nemine de\u011findi.<\/p>\n","protected":false},"excerpt":{"rendered":"<p>G\u00f6reve geldi\u011fi g\u00fcnden bu yana vatanda\u015flarla i\u00e7 i\u00e7e olan Mersin B\u00fcy\u00fck\u015fehir Belediye Ba\u015fkan\u0131 Vahap Se\u00e7er, saha ziyaretlerinin bir yenisini Silifke il\u00e7esinde ger\u00e7ekle\u015ftirdi. Silifke&#8217;nin Gazi Mahallesi&#8217;ndeki esnaf\u0131 ziyaret eden Ba\u015fkan Se\u00e7er, &hellip; <a href=\"https:\/\/akdenizolaygazetesi.com\/?p=19966\" class=\"more-link\">Devam\u0131n\u0131 Oku&#8230;<\/a><\/p>\n","protected":false},"author":2,"featured_media":19967,"comment_status":"open","ping_status":"open","sticky":false,"template":"","format":"standard","meta":[],"categories":[34,2,3,5],"tags":[],"_links":{"self":[{"href":"https:\/\/akdenizolaygazetesi.com\/index.php?rest_route=\/wp\/v2\/posts\/19966"}],"collection":[{"href":"https:\/\/akdenizolaygazetesi.com\/index.php?rest_route=\/wp\/v2\/posts"}],"about":[{"href":"https:\/\/akdenizolaygazetesi.com\/index.php?rest_route=\/wp\/v2\/types\/post"}],"author":[{"embeddable":true,"href":"https:\/\/akdenizolaygazetesi.com\/index.php?rest_route=\/wp\/v2\/users\/2"}],"replies":[{"embeddable":true,"href":"https:\/\/akdenizolaygazetesi.com\/index.php?rest_route=%2Fwp%2Fv2%2Fcomments&post=19966"}],"version-history":[{"count":1,"href":"https:\/\/akdenizolaygazetesi.com\/index.php?rest_route=\/wp\/v2\/posts\/19966\/revisions"}],"predecessor-version":[{"id":19968,"href":"https:\/\/akdenizolaygazetesi.com\/index.php?rest_route=\/wp\/v2\/posts\/19966\/revisions\/19968"}],"wp:featuredmedia":[{"embeddable":true,"href":"https:\/\/akdenizolaygazetesi.com\/index.php?rest_route=\/wp\/v2\/media\/19967"}],"wp:attachment":[{"href":"https:\/\/akdenizolaygazetesi.com\/index.php?rest_route=%2Fwp%2Fv2%2Fmedia&parent=19966"}],"wp:term":[{"taxonomy":"category","embeddable":true,"href":"https:\/\/akdenizolaygazetesi.com\/index.php?rest_route=%2Fwp%2Fv2%2Fcategories&post=19966"},{"taxonomy":"post_tag","embeddable":true,"href":"https:\/\/akdenizolaygazetesi.com\/index.php?rest_route=%2Fwp%2Fv2%2Ftags&post=19966"}],"curies":[{"name":"wp","href":"https:\/\/api.w.org\/{rel}","templated":true}]}}