{"id":19969,"date":"2022-07-24T08:03:34","date_gmt":"2022-07-24T05:03:34","guid":{"rendered":"http:\/\/akdenizolaygazetesi.com\/?p=19969"},"modified":"2022-07-24T08:03:34","modified_gmt":"2022-07-24T05:03:34","slug":"gultaktan-24-temmuz-gazeteciler-ve-basin-bayrami-mesaji","status":"publish","type":"post","link":"https:\/\/akdenizolaygazetesi.com\/?p=19969","title":{"rendered":"G\u00dcLTAK\u2019TAN, \u201c24 TEMMUZ GAZETEC\u0130LER VE BASIN BAYRAMI\u201d MESAJI"},"content":{"rendered":"<p>\u00fcltak; \u201cToplumu bilgilendirmek i\u00e7in her t\u00fcrl\u00fc zorlu\u011fa kar\u015f\u0131n fedak\u00e2rca mesle\u011fini icra eden bas\u0131n \u00e7al\u0131\u015fanlar\u0131n\u0131n, \u201824 Temmuz Gazeteciler ve Bas\u0131n Bayram\u0131\u2019n\u0131 tebrik ediyorum\u201d dedi.<br \/>\nAkdeniz Belediye Ba\u015fkan\u0131 M. Mustafa G\u00fcltak, \u2018Bas\u0131nda Sans\u00fcr\u00fcn Kald\u0131r\u0131l\u0131\u015f\u0131n\u0131n 114\u2019\u00fcnc\u00fc y\u0131ld\u00f6n\u00fcm\u00fc ve \u201824 Temmuz Gazeteciler ve Bas\u0131n Bayram\u0131\u2019n\u0131, yay\u0131nlad\u0131\u011f\u0131 mesajla tebrik etti.  Gazetecili\u011fin kamu g\u00f6revi oldu\u011funa i\u015faret ederek, demokratik, \u00f6zg\u00fcr ve \u015feffaf toplumlar\u0131 ya\u015fatan en \u00f6nemli unsurlardan birinin \u00f6zg\u00fcr ve tarafs\u0131z bas\u0131n oldu\u011funun alt\u0131n\u0131 \u00e7izen Ba\u015fkan Mustafa G\u00fcltak, mesaj\u0131nda \u015fu ifadeleri kaydetti;<br \/>\n\u201cBas\u0131n; \u00e7a\u011fda\u015f ve demokratik hayat\u0131n vazge\u00e7ilmez unsurlar\u0131ndan biri, haber alma ve yayma \u00f6zg\u00fcrl\u00fc\u011f\u00fcn\u00fcn en etkili arac\u0131d\u0131r. Halk\u0131n do\u011fru, objektif, tarafs\u0131z haber alma hakk\u0131 dokunulmazd\u0131r. Bu a\u00e7\u0131dan demokratik rejimlerde bas\u0131n, vazge\u00e7ilemez bir kuvvettir. \u00c7\u00fcnk\u00fc bas\u0131n, demokrasi, \u00f6zg\u00fcrl\u00fckler, insan hak ve h\u00fcrriyetlerinin geli\u015fmesi ve ilerlemesinde b\u00fcy\u00fck \u00e7ok \u00f6nemli bir role sahiptir. Bu duygu ve d\u00fc\u015f\u00fcncelerle;<br \/>\nAkdeniz\u2019i de\u011fi\u015ftirmek, ayn\u0131 zamanda vatanda\u015flar\u0131m\u0131z\u0131n ya\u015fam\u0131n\u0131 g\u00fczelle\u015ftirmek amac\u0131yla hayata katt\u0131\u011f\u0131m\u0131z hizmet ve projelerimizin kent ve \u00fclke kamuoyuna ula\u015fmas\u0131n\u0131 sa\u011flayan de\u011ferli bas\u0131n mensuplar\u0131m\u0131za \u015f\u00fckranlar\u0131m\u0131 sunuyor, bas\u0131n meslek ilkeleri \u00e7er\u00e7evesinde, gece g\u00fcnd\u00fcz demeden fedak\u00e2rca \u00e7al\u0131\u015fan yerelden ulusala t\u00fcm bas\u0131n emek\u00e7ilerimize ve ailelerine sa\u011fl\u0131k, ba\u015far\u0131 ve esenlikler diliyorum.\u201d<\/p>\n","protected":false},"excerpt":{"rendered":"<p>\u00fcltak; \u201cToplumu bilgilendirmek i\u00e7in her t\u00fcrl\u00fc zorlu\u011fa kar\u015f\u0131n fedak\u00e2rca mesle\u011fini icra eden bas\u0131n \u00e7al\u0131\u015fanlar\u0131n\u0131n, \u201824 Temmuz Gazeteciler ve Bas\u0131n Bayram\u0131\u2019n\u0131 tebrik ediyorum\u201d dedi. Akdeniz Belediye Ba\u015fkan\u0131 M. Mustafa G\u00fcltak, \u2018Bas\u0131nda &hellip; <a href=\"https:\/\/akdenizolaygazetesi.com\/?p=19969\" class=\"more-link\">Devam\u0131n\u0131 Oku&#8230;<\/a><\/p>\n","protected":false},"author":2,"featured_media":19970,"comment_status":"open","ping_status":"open","sticky":false,"template":"","format":"standard","meta":[],"categories":[3],"tags":[],"_links":{"self":[{"href":"https:\/\/akdenizolaygazetesi.com\/index.php?rest_route=\/wp\/v2\/posts\/19969"}],"collection":[{"href":"https:\/\/akdenizolaygazetesi.com\/index.php?rest_route=\/wp\/v2\/posts"}],"about":[{"href":"https:\/\/akdenizolaygazetesi.com\/index.php?rest_route=\/wp\/v2\/types\/post"}],"author":[{"embeddable":true,"href":"https:\/\/akdenizolaygazetesi.com\/index.php?rest_route=\/wp\/v2\/users\/2"}],"replies":[{"embeddable":true,"href":"https:\/\/akdenizolaygazetesi.com\/index.php?rest_route=%2Fwp%2Fv2%2Fcomments&post=19969"}],"version-history":[{"count":1,"href":"https:\/\/akdenizolaygazetesi.com\/index.php?rest_route=\/wp\/v2\/posts\/19969\/revisions"}],"predecessor-version":[{"id":19971,"href":"https:\/\/akdenizolaygazetesi.com\/index.php?rest_route=\/wp\/v2\/posts\/19969\/revisions\/19971"}],"wp:featuredmedia":[{"embeddable":true,"href":"https:\/\/akdenizolaygazetesi.com\/index.php?rest_route=\/wp\/v2\/media\/19970"}],"wp:attachment":[{"href":"https:\/\/akdenizolaygazetesi.com\/index.php?rest_route=%2Fwp%2Fv2%2Fmedia&parent=19969"}],"wp:term":[{"taxonomy":"category","embeddable":true,"href":"https:\/\/akdenizolaygazetesi.com\/index.php?rest_route=%2Fwp%2Fv2%2Fcategories&post=19969"},{"taxonomy":"post_tag","embeddable":true,"href":"https:\/\/akdenizolaygazetesi.com\/index.php?rest_route=%2Fwp%2Fv2%2Ftags&post=19969"}],"curies":[{"name":"wp","href":"https:\/\/api.w.org\/{rel}","templated":true}]}}