{"id":19980,"date":"2022-07-24T10:48:01","date_gmt":"2022-07-24T07:48:01","guid":{"rendered":"http:\/\/akdenizolaygazetesi.com\/?p=19980"},"modified":"2022-07-24T10:48:01","modified_gmt":"2022-07-24T07:48:01","slug":"iller-bankasi-tamamen-siyasilesmistir","status":"publish","type":"post","link":"https:\/\/akdenizolaygazetesi.com\/?p=19980","title":{"rendered":"&#8220;\u0130LLER BANKASI TAMAMEN S\u0130YAS\u0130LE\u015eM\u0130\u015eT\u0130R&#8221;"},"content":{"rendered":"<p>Mersin B\u00fcy\u00fck\u015fehir Belediye Ba\u015fkan\u0131 Vahap Se\u00e7er, B\u00fcy\u00fck\u015fehir Belediyesi Denizk\u0131z\u0131 Turizm A.\u015e.&#8217;nin i\u015fletti\u011fi Akkum, Kumkuyu ve T\u00f6bank plajlar\u0131n\u0131 gezdi. Plajlarda Mersin&#8217;in masmavi denizinde huzurlu bir tatil ge\u00e7iren vatanda\u015flara &#8220;\u0130yi tatiller&#8221; dileyen Ba\u015fkan Se\u00e7er, Alt\u0131n Portakal ve Faruk \u015e\u0131hman sitelerinde vatanda\u015flarla bir araya gelerek sorun ve taleplerini dinledi.<br \/>\nSilifke ve Erdemli&#8217;deki halk plaj\u0131 gezileri ile vatanda\u015f bulu\u015fmalar\u0131nda Ba\u015fkan Se\u00e7er&#8217;e CHP Silifke \u0130l\u00e7e Ba\u015fkan\u0131 B\u00fcnyamin U\u00e7ar, CHP Erdemli \u0130l\u00e7e Ba\u015fkan\u0131 Ahmet Dursen \u015eahin, B\u00fcy\u00fck\u015fehir Belediyesi Genel Sekreteri Olcay Tok, B\u00fcy\u00fck\u015fehir Belediyesi Meclis \u00dcyeleri ve b\u00fcrokratlar e\u015flik etti.<br \/>\nHesap vermek i\u00e7in vatanda\u015flar\u0131m\u0131zla bulu\u015fuyoruz<br \/>\nBa\u015fkan Se\u00e7er, Akkum Plaj\u0131 ile ba\u015flayan saha program\u0131na s\u0131ras\u0131yla Kumkuyu ve T\u00f6bank plajlar\u0131 ile devam etti. B\u00fcy\u00fck\u015fehir Belediyesi&#8217;nin hizmetlerinin b\u00f6lgeye de\u011fer katt\u0131\u011f\u0131n\u0131 ifade eden vatanda\u015flar, Ba\u015fkan Se\u00e7er&#8217;e te\u015fekk\u00fcr ettiler.<br \/>\nProgram\u0131n\u0131 T\u0131rtar Mahallesi&#8217;nde bulunan Alt\u0131n Portakal ve Limonlu Mahallesi&#8217;nde bulunan Faruk \u015e\u0131hman tatil sitelerinde vatanda\u015flarla bulu\u015farak s\u00fcrd\u00fcren Ba\u015fkan Se\u00e7er, vatanda\u015fla bulu\u015fman\u0131n kendilerine hizmet noktas\u0131nda ayr\u0131 bir de\u011fer katt\u0131\u011f\u0131n\u0131 ifade ederek, &#8220;Vatanda\u015flar\u0131m\u0131z talepleri, \u00f6nerileri ve teklifleriyle bizi daha iyi i\u015fler yapmaya sevk edebiliyor. Hi\u00e7 akl\u0131m\u0131za gelmeyen bir fikir, \u00e7ok g\u00fczel sonu\u00e7lar ortaya \u00e7\u0131kartabiliyor. Onun i\u00e7in de vatanda\u015fla bulu\u015fmay\u0131 \u00f6nemsiyoruz. Bu gezilerimizin birinci nedeni bu. \u0130kinci nedeni vatanda\u015fa hesap vermek. Neticede biz bir ticarethane de\u011fil, kamu kurumu y\u00f6netiyoruz. &#8216;3 y\u0131ld\u0131r g\u00f6revdesin, neler yapt\u0131n, neler yapacaks\u0131n&#8217; diye soran vatanda\u015fa, hesap vermek zorunday\u0131z. \u00dc\u00e7\u00fcnc\u00fc neden ise son derece insani bir durum. Yani ben bir siyaset\u00e7i olarak hep bunu s\u00f6yl\u00fcyorum kendi kendime. Bunu samimiyetle s\u00f6yl\u00fcyorum. Allah beni halk\u0131n kar\u015f\u0131s\u0131na \u00e7\u0131kamayacak duruma getirdi\u011fi anda ya can\u0131m\u0131 als\u0131n, ya da bildi\u011fi gibi yaps\u0131n. En ba\u015fta \u00fclkemizi d\u00fc\u015f\u00fcnmek, do\u011fru, yararl\u0131 ve genel anlamda insanl\u0131k yarar\u0131na i\u015fler yapmak bizim genel ilkemiz&#8221; dedi.<br \/>\n&#8220;Ad\u0131m\u0131za yara\u015f\u0131r bir hizmet yapma arzusu i\u00e7erisindeyiz&#8221;<br \/>\nVatanda\u015flar taraf\u0131ndan kendilerine iletilen baz\u0131 sorunlar\u0131n asl\u0131nda B\u00fcy\u00fck\u015fehir&#8217;in sorumlulu\u011funda olmayan alanlardaki sorunlar oldu\u011funu ve bunun sebebinin de kurumlar aras\u0131 yetki karma\u015fas\u0131ndan kaynakland\u0131\u011f\u0131n\u0131 belirten Ba\u015fkan Se\u00e7er, &#8220;\u015eimdi D-400 Karayolu. Karayollar\u0131&#8217;na ait bir yol g\u00fczergah\u0131d\u0131r. Ara soka\u011fa sap\u0131n, Erdemli Belediyesi&#8217;ne ait bir yoldur. Orman yoluna girin, Orman&#8217;a aittir. \u00c7\u00f6p toplama g\u00f6revi B\u00fcy\u00fck\u015fehir&#8217;in de\u011fil, il\u00e7e belediyesinindir. MESK\u0130&#8217;ye \u00f6dedi\u011finiz su faturalar\u0131nda yer alan \u00c7evre Temizlik Vergisi B\u00fcy\u00fck\u015fehir&#8217;e de\u011fil, ait oldu\u011funuz il\u00e7e belediyesine gider.  Vatanda\u015flar maalesef bu g\u00f6rev, yetki ve sorumluluk alanlar\u0131n\u0131 pek bilmedi\u011fi i\u00e7in, \u00e7\u00f6z\u00fcm arayan\u0131n akl\u0131na hemen B\u00fcy\u00fck\u015fehir geliyor. Biz de ad\u0131m\u0131za yara\u015f\u0131r bir hizmet yapma arzusu i\u00e7erisindeyiz. Mersin B\u00fcy\u00fck\u015fehir Belediyesi&#8217;ne ait kronikle\u015fmi\u015f sorun yoktur. Biz g\u00f6revimizi harfiyen ve hakk\u0131yla yap\u0131yoruz&#8221; ifadelerini kulland\u0131.<br \/>\n&#8220;MESK\u0130&#8217;nin, b\u00fcy\u00fck projeler i\u00e7in uzun vadeli kredi bulmas\u0131 gerekir&#8221;<br \/>\nBaz\u0131 yerlerde kanalizasyon sorunlar\u0131n\u0131n oldu\u011funa dikkat \u00e7eken Ba\u015fkan Se\u00e7er, &#8220;Bu ger\u00e7e\u011fi g\u00f6rmek laz\u0131m. Yaln\u0131z \u015funu unutmayal\u0131m. T\u00fcrkiye&#8217;nin b\u00fct\u00fcn illerindeki Sular \u0130dareleri, \u00e7ok eskiden kalma \u0130SK\u0130 Kanunu&#8217;yla y\u00f6netilir. MESK\u0130&#8217;nin gelirinin y\u00fczde 90-95&#8217;i, vatanda\u015f\u0131n \u00f6dedi\u011fi su fatura bedelleridir. Bu gelir kaynaklar\u0131yla da size temiz i\u00e7me suyunu sa\u011flar. Vidanj\u00f6r hizmetlerini verir. Kanal t\u0131kanmalar\u0131nda gelir m\u00fcdahale eder ya da di\u011fer hususlarda size projeler geli\u015ftirir. B\u00fct\u00fcn bunlar parayla olur, ama bu para ona yetmez. Mutlaka uzun vadeli krediler bulmas\u0131 gerekir. Bunun da kayna\u011f\u0131 \u0130ller Bankas\u0131&#8217;d\u0131r&#8221; dedi.<br \/>\n&#8220;\u0130ller Bankas\u0131 tamamen siyasile\u015fmi\u015ftir&#8221;<br \/>\n\u0130ktidar\u0131n sevk ve idaresinde bulunan \u0130ller Bankas\u0131&#8217;n\u0131n ise tamamen siyasile\u015fti\u011fini vurgulayan Ba\u015fkan Se\u00e7er, &#8220;A\u00e7\u0131k a\u00e7\u0131k s\u00f6yl\u00fcyorum. Adaletten bahsederek s\u00f6z\u00fcme ba\u015flad\u0131m.  Burada bir adaletsizlik var. Ben adaletsizli\u011fi ele\u015ftiren bir Belediye Ba\u015fkan\u0131y\u0131m. Bunlar\u0131, T\u00fcrkiye&#8217;nin 9. b\u00fcy\u00fck ili, vergi s\u0131ralamas\u0131nda 5. veya 6. ili, T\u00fcrkiye&#8217;nin en stratejik illerinin ba\u015f\u0131nda gelen Mersin&#8217;in B\u00fcy\u00fck\u015fehir Belediye Ba\u015fkan\u0131 olarak s\u00f6yl\u00fcyorum. Ben Mersin&#8217;e daha fazla hizmet etmek istiyorum. Ama ortada bir adaletsizlik var. Biz 39 milyon Euro hibe ve uygun vadeli finans maliyetli kredi ald\u0131k. Hen\u00fcz cebimize girmedi. Bu konular\u0131 3 y\u0131l \u00f6nce konu\u015ftuk. Geldim T\u00f6m\u00fck&#8217;e s\u00f6z verdim. Orada bir\u00e7ok vatanda\u015f, &#8216;Aman kurtar bizi bu rezaletten&#8217; dedi. En k\u0131sa zamanda \u00e7\u00f6z\u00fclecek dedik, proje tamam. Avrupa Birli\u011fi ile g\u00f6r\u00fc\u015fmeler tamam. 15 milyon Euro kredi tamam. 3 seneyi ge\u00e7ti. Meclis toplant\u0131lar\u0131nda defalarca konuyu g\u00fcndeme getirdim. Cumhur \u0130ttifak\u0131 Meclis \u00fcyelerini Bakan&#8217;la konu\u015fmaya, g\u00f6r\u00fc\u015fmeye zorlad\u0131m. \u00c7\u00fcnk\u00fc koordinasyonu \u0130ller Bankas\u0131 yap\u0131yor. Sak\u0131n s\u00f6zlerimi yanl\u0131\u015f de\u011ferlendirmeyin. Bu aksakl\u0131klar ve ayr\u0131mc\u0131l\u0131k anlay\u0131\u015f\u0131na ra\u011fmen, biz hizmetlerimizi yapaca\u011f\u0131z. Fakat, hangi \u015fartlarda bu hizmetleri yapt\u0131\u011f\u0131m\u0131z\u0131n da bilinmesini isterim&#8221; ifadelerini kulland\u0131.<br \/>\n&#8220;\u015eu ana kadar gemilere 75 milyon lira civar\u0131nda ceza kestik&#8221;<br \/>\nTeknelerin, a\u00e7\u0131ktan direk ge\u00e7en veya Liman&#8217;a gelen gemilerin denizde kirlilik yaratt\u0131\u011f\u0131na dikkat \u00e7eken Ba\u015fkan Se\u00e7er, &#8220;Bu b\u00f6lgelerde genelde, turist gezdiren tekneler ya da \u00f6zel teknelerin sintinelerinden kaynakl\u0131 ciddi sorunlar var. Bir de siteler ar\u0131tmalar\u0131n\u0131 kurarlar, buran\u0131n denetimi \u00c7evre Bakanl\u0131\u011f\u0131&#8217;na aittir ve online izlenir. Ama g\u00f6r\u00fcyorum ki sitelerde bu sorunlar b\u00f6lgesel olarak b\u00fcy\u00fcyor ya da k\u00fc\u00e7\u00fcl\u00fcyor. Ar\u0131tmada \u00e7al\u0131\u015fmadan geldi\u011fi gibi kanalizasyon denize boca ediliyor. \u015eimdi b\u00fct\u00fcn bunlar bir ba\u015f\u0131na B\u00fcy\u00fck\u015fehir&#8217;in ba\u015f edece\u011fi sorunlar de\u011fil. Denetleme g\u00f6revinde baz\u0131 s\u0131k\u0131nt\u0131lar var. \u00d6rne\u011fin deniz i\u00e7erisinde, deniz ta\u015f\u0131tlar\u0131n\u0131n yaratt\u0131\u011f\u0131 kirlili\u011fi denetleme g\u00f6revi B\u00fcy\u00fck\u015fehir&#8217;in. \u00c7evre Bakanl\u0131\u011f\u0131, Mersin Liman\u0131 ve b\u00f6lgesinde bana bir alan \u00e7izmi\u015f. Halbuki ben, Anamur&#8217;a kadar olan t\u00fcm sahil \u015feridini talep ettim. 3 y\u0131ld\u0131r cevap dahi yazmad\u0131lar. Bug\u00fcnk\u00fc dar alanda, \u015fu ana kadar gemilere 75 milyon lira civar\u0131nda ceza tahakkuk ettik. Bizim \u00e7evre koruma hi\u00e7 affetmiyor. Bir gemi, denize, uygun olmayan bir kimyasal\u0131 d\u00f6ks\u00fcn bakal\u0131m. Neyse ceza 1 milyon, 2 milyon. Cezalar \u00e7ok a\u011f\u0131r&#8221; dedi.<br \/>\n &#8220;Vahap Se\u00e7er, Mersin i\u00e7in \u00e7ok de\u011ferli projelere imza att\u0131&#8221;<br \/>\nT\u0131rtar Mahalle Muhtar\u0131 Kadir \u00dcnl\u00fc, &#8220;Say\u0131n Ba\u015fkan\u0131m T\u0131rtar Mahallemize yap\u0131lan kanalizasyon ve sahilimize yap\u0131lan kilit parke i\u00e7in \u00e7ok te\u015fekk\u00fcr ediyorum. Ba\u015far\u0131lar\u0131n\u0131z\u0131n devam\u0131n\u0131 diliyorum&#8221; dedi.<br \/>\nLimonlu Mahalle Muhtar\u0131 Orhan \u00c7elik, &#8220;Ziyaretiniz bizleri fazlas\u0131yla onurland\u0131rd\u0131. Ben, mahallemizde 1 y\u0131l \u00f6nce yap\u0131m\u0131 tamamlanan ve mahallemizin \u00e7ehresini de\u011fi\u015ftiren Lemas K\u00f6pr\u00fcs\u00fc konusunda te\u015fekk\u00fcr ediyorum&#8221; diye konu\u015ftu.<br \/>\nCHP eski d\u00f6nem milletvekili Nevin Gaye Erbatur, &#8220;Say\u0131n Ba\u015fkan. Yapt\u0131klar\u0131n i\u00e7in sana \u00e7ok te\u015fekk\u00fcr ediyoruz. Ama yapacaklar\u0131n i\u00e7in de ayr\u0131ca te\u015fekk\u00fcr etmek istiyoruz. Sevgili dostlar, Vahap Se\u00e7er ger\u00e7ekten se\u00e7ildi\u011fi g\u00fcnden bug\u00fcne Mersin i\u00e7in \u00e7ok de\u011ferli projelere imza att\u0131. Hepimiz bunu biliyoruz. Onunla gurur duyuyoruz. Onun ba\u015far\u0131lar\u0131n\u0131n devam etmesini istiyorum. Biz her zaman senin yan\u0131nday\u0131z. Yolun a\u00e7\u0131k olsun&#8221; ifadelerini kulland\u0131.<br \/>\nCHP \u00f6nceki d\u00f6nem milletvekili \u00dcmit \u00d6zg\u00fcm\u00fc\u015f, &#8220;Ba\u015fkan&#8217;la biz 4 sene Meclis&#8217;te milletvekilli\u011fi yapt\u0131k. Plan B\u00fct\u00e7e Komisyonu&#8217;ndaki \u00e7ok ba\u015far\u0131l\u0131 \u00e7al\u0131\u015fmalar\u0131n\u0131n canl\u0131 \u015fahidiyim. Belediye Ba\u015fkan\u0131 olduktan sonra da, yar\u0131 Mersinli olarak, gitti\u011fim her yerde yapt\u0131\u011f\u0131 \u00e7al\u0131\u015fmalar\u0131 izliyor ve Mersin halk\u0131yla da konu\u015fuyorum. Onlar\u0131n da memnuniyetini g\u00f6rd\u00fck\u00e7e de ciddi gurur duyuyorum&#8221; diye konu\u015ftu.<br \/>\nMersin Limonlu Sahili Koruma Derne\u011fi Ba\u015fkan\u0131 Hamit Tekg\u00fcl ise, &#8220;Bir hafta \u00f6nce hukuksal stat\u00fcye kavu\u015fan derne\u011fimizle Ba\u015fkan\u0131 ziyaret edecektik, ama o daha atik davrand\u0131. Bizden \u00f6nce geldi. Kendisine ho\u015f geldiniz, \u015feref verdiniz diyorum&#8221; dedi.<\/p>\n","protected":false},"excerpt":{"rendered":"<p>Mersin B\u00fcy\u00fck\u015fehir Belediye Ba\u015fkan\u0131 Vahap Se\u00e7er, B\u00fcy\u00fck\u015fehir Belediyesi Denizk\u0131z\u0131 Turizm A.\u015e.&#8217;nin i\u015fletti\u011fi Akkum, Kumkuyu ve T\u00f6bank plajlar\u0131n\u0131 gezdi. Plajlarda Mersin&#8217;in masmavi denizinde huzurlu bir tatil ge\u00e7iren vatanda\u015flara &#8220;\u0130yi tatiller&#8221; dileyen &hellip; <a href=\"https:\/\/akdenizolaygazetesi.com\/?p=19980\" class=\"more-link\">Devam\u0131n\u0131 Oku&#8230;<\/a><\/p>\n","protected":false},"author":2,"featured_media":19981,"comment_status":"open","ping_status":"open","sticky":false,"template":"","format":"standard","meta":[],"categories":[8,1,2,3,5],"tags":[],"_links":{"self":[{"href":"https:\/\/akdenizolaygazetesi.com\/index.php?rest_route=\/wp\/v2\/posts\/19980"}],"collection":[{"href":"https:\/\/akdenizolaygazetesi.com\/index.php?rest_route=\/wp\/v2\/posts"}],"about":[{"href":"https:\/\/akdenizolaygazetesi.com\/index.php?rest_route=\/wp\/v2\/types\/post"}],"author":[{"embeddable":true,"href":"https:\/\/akdenizolaygazetesi.com\/index.php?rest_route=\/wp\/v2\/users\/2"}],"replies":[{"embeddable":true,"href":"https:\/\/akdenizolaygazetesi.com\/index.php?rest_route=%2Fwp%2Fv2%2Fcomments&post=19980"}],"version-history":[{"count":1,"href":"https:\/\/akdenizolaygazetesi.com\/index.php?rest_route=\/wp\/v2\/posts\/19980\/revisions"}],"predecessor-version":[{"id":19982,"href":"https:\/\/akdenizolaygazetesi.com\/index.php?rest_route=\/wp\/v2\/posts\/19980\/revisions\/19982"}],"wp:featuredmedia":[{"embeddable":true,"href":"https:\/\/akdenizolaygazetesi.com\/index.php?rest_route=\/wp\/v2\/media\/19981"}],"wp:attachment":[{"href":"https:\/\/akdenizolaygazetesi.com\/index.php?rest_route=%2Fwp%2Fv2%2Fmedia&parent=19980"}],"wp:term":[{"taxonomy":"category","embeddable":true,"href":"https:\/\/akdenizolaygazetesi.com\/index.php?rest_route=%2Fwp%2Fv2%2Fcategories&post=19980"},{"taxonomy":"post_tag","embeddable":true,"href":"https:\/\/akdenizolaygazetesi.com\/index.php?rest_route=%2Fwp%2Fv2%2Ftags&post=19980"}],"curies":[{"name":"wp","href":"https:\/\/api.w.org\/{rel}","templated":true}]}}