{"id":19999,"date":"2022-07-25T16:19:02","date_gmt":"2022-07-25T13:19:02","guid":{"rendered":"http:\/\/akdenizolaygazetesi.com\/?p=19999"},"modified":"2022-07-25T16:19:02","modified_gmt":"2022-07-25T13:19:02","slug":"eser-eyuboglu-esenli-uzum-senligini-costurdu","status":"publish","type":"post","link":"https:\/\/akdenizolaygazetesi.com\/?p=19999","title":{"rendered":"ESER EY\u00dcBO\u011eLU, ESENL\u0130 \u00dcZ\u00dcM \u015eENL\u0130\u011e\u0130\u2019N\u0130 CO\u015eTURDU"},"content":{"rendered":"<p>Akdeniz Belediyesi taraf\u0131ndan ilki d\u00fczenlenen Esenli \u00dcz\u00fcm \u015eenli\u011fi\u2019ne konuk olan sanat\u00e7\u0131 Eser Ey\u00fcbo\u011flu, seslendirdi\u011fi t\u00fcrk\u00fcleri ile Esenli Meydan\u0131n\u0131 dolduran binlerce vatanda\u015fa unutamayacaklar\u0131 dakikalar ya\u015fatt\u0131.<br \/>\nAkdeniz Belediyesi\u2019nin bu y\u0131l ilk kez d\u00fczenledi\u011fi Esenli \u00dcz\u00fcm \u015eenli\u011fi\u2019ni, s\u0131cak ve nemli havaya ra\u011fmen her ya\u015ftan binlerce insan ziyaret etti. En iyi \u00fcz\u00fcm yar\u0131\u015fmalar\u0131, \u00e7ocuk aktiviteleri, halk oyunlar\u0131 g\u00f6sterileri ve \u00e7e\u015fitli etkinliklerle renklenen \u015fenli\u011fin konuk sanat\u00e7\u0131s\u0131 Eser Ey\u00fcbo\u011flu, konuklara unutamayacaklar\u0131 anlar ya\u015fatt\u0131.<br \/>\nMeydanda yer bulamayanlar, kayal\u0131klardan izledi<br \/>\nTRT-1 ekranlar\u0131n\u0131n izlenme rekoru k\u0131ran G\u00f6n\u00fcl Da\u011f\u0131 Dizisi&#8217;nin Selami Ferses karakteriyle sevilen oyuncusu, sanat\u00e7\u0131 Eser Ey\u00fcbo\u011flu, seslendirdi\u011fi t\u00fcrk\u00fcleri ile Esenli Meydan\u0131\u2019n\u0131 dolduran her ya\u015ftan binlerce ki\u015fiyi bir co\u015fturdu, bir h\u00fcz\u00fcnlendirdi.<br \/>\nEy\u00fcbo\u011flu\u2019nun t\u00fcrk\u00fclerini dinlemek i\u00e7in meydanda yer bulamayan y\u00fczlerce vatanda\u015f, Esenli Meydan\u0131n\u0131n etraf\u0131nda y\u00fckselen kayal\u0131klara \u00e7\u0131karak konseri izledi. Vatanda\u015flardan kimisi t\u00fcrk\u00fclere e\u015flik ederken, kimisi de meydana \u00e7\u0131karak dans etti, co\u015fkuya ortak oldu.<br \/>\n\u201cAkdeniz art\u0131k sevginin, bar\u0131\u015f\u0131n ve karde\u015fli\u011fin ba\u015fkenti\u201d<br \/>\nMeydan\u0131 ve civardaki kayal\u0131klar\u0131 dolduran Esenli sakinleri ve di\u011fer il\u00e7elerden gelen binlerce vatanda\u015f\u0131n yan\u0131 s\u0131ra, e\u015fi Behiye G\u00fcltak ile birlikte Eser Ey\u00fcbo\u011flu\u2019nun \u015fark\u0131 ve t\u00fcrk\u00fclerini dinleyen Akdeniz Belediye Ba\u015fkan\u0131 Mustafa G\u00fcltak, yer yer t\u00fcrk\u00fclere de e\u015flik etti. Eser Ey\u00fcbo\u011flu gibi sevilen bir sanat\u00e7\u0131 ve oyuncuyu Esenli sakinleri ile bulu\u015fturmaktan mutluluk duydu\u011funu s\u00f6yleyen Ba\u015fkan G\u00fcltak, g\u00f6sterilen ilginin ne kadar g\u00fczel ve do\u011fru bir i\u015f yapt\u0131klar\u0131n\u0131n ispat\u0131 oldu\u011funu ifade etti.<br \/>\nSahneye \u00e7\u0131karak meydan\u0131 dolduran kalabal\u0131\u011fa hitap eden Ba\u015fkan G\u00fcltak; \u201cAkdeniz art\u0131k sevginin, bar\u0131\u015f\u0131n, muhabbetin ba\u015fkenti oldu. Tabi bu da sizlerin sayesinde m\u00fcmk\u00fcn oldu. \u00c7\u00fcnk\u00fc sizler bizi tercih ettiniz, biz de Akdeniz\u2019i de\u011fi\u015ftiriyoruz. \u0130n\u015fallah ikinci \u015fenli\u011fimizi de yapt\u0131ktan sonra \u00fcz\u00fcm dedi\u011finizde, t\u00fcm T\u00fcrkiye\u2019nin akl\u0131na ilk \u00f6nce Esenli gelecek. S\u0131rada ayr\u0131ca g\u00fcl festivalimiz var. Karaduvar Bal\u0131k Festivalimizi de Eyl\u00fcl ay\u0131n\u0131n \u00fc\u00e7\u00fcnc\u00fc haftas\u0131nda d\u00fczenliyoruz. Hepinizi o g\u00fcn bal\u0131k ekmek yemeye davet ediyorum\u201d dedi.<br \/>\nEy\u00fcbo\u011flu\u2019ndan te\u015fekk\u00fcr\u2026<br \/>\nMersin\u2019e ilk defa geldi\u011fini s\u00f6yleyen Sanat\u00e7\u0131 Eser Ey\u00fcbo\u011flu ise, Esenli\u2019de ilk kez organize edilen \u00fcz\u00fcm \u015fenli\u011fine kat\u0131lmaktan b\u00fcy\u00fck onur ve mutluluk duydu\u011funu dile getirdi. \u015eenli\u011fe davet edilmesinden dolay\u0131 Ba\u015fkan Mustafa G\u00fcltak\u2019a te\u015fekk\u00fcr eden Eser Ey\u00fcbo\u011flu, kendisine g\u00f6sterilen yo\u011fun ilgi ve misafirperverlik i\u00e7in de meydan\u0131 dolduran binlerce vatanda\u015fa \u015f\u00fckranlar\u0131n\u0131 dile getirdi.<br \/>\nY\u0131llard\u0131r ya\u015fad\u0131klar\u0131 Akdeniz\u2019in k\u0131rsal bir b\u00f6lgesi ve \u015fehir merkezine uzak yerle\u015fim alanlar\u0131ndan biri olan Esenli\u2019de ilk kez b\u00f6ylesi g\u00fczel bir etkinli\u011fe tan\u0131k olduklar\u0131n\u0131 dile getiren her ya\u015ftan mahalle sakini, \u00fcz\u00fcm \u015fenli\u011finden \u00e7ok memnun kald\u0131klar\u0131n\u0131 belirterek etkinli\u011fin devam\u0131n\u0131n gelmesini talep ettiler. <\/p>\n","protected":false},"excerpt":{"rendered":"<p>Akdeniz Belediyesi taraf\u0131ndan ilki d\u00fczenlenen Esenli \u00dcz\u00fcm \u015eenli\u011fi\u2019ne konuk olan sanat\u00e7\u0131 Eser Ey\u00fcbo\u011flu, seslendirdi\u011fi t\u00fcrk\u00fcleri ile Esenli Meydan\u0131n\u0131 dolduran binlerce vatanda\u015fa unutamayacaklar\u0131 dakikalar ya\u015fatt\u0131. Akdeniz Belediyesi\u2019nin bu y\u0131l ilk kez &hellip; <a href=\"https:\/\/akdenizolaygazetesi.com\/?p=19999\" class=\"more-link\">Devam\u0131n\u0131 Oku&#8230;<\/a><\/p>\n","protected":false},"author":2,"featured_media":20000,"comment_status":"open","ping_status":"open","sticky":false,"template":"","format":"standard","meta":[],"categories":[2,3],"tags":[],"_links":{"self":[{"href":"https:\/\/akdenizolaygazetesi.com\/index.php?rest_route=\/wp\/v2\/posts\/19999"}],"collection":[{"href":"https:\/\/akdenizolaygazetesi.com\/index.php?rest_route=\/wp\/v2\/posts"}],"about":[{"href":"https:\/\/akdenizolaygazetesi.com\/index.php?rest_route=\/wp\/v2\/types\/post"}],"author":[{"embeddable":true,"href":"https:\/\/akdenizolaygazetesi.com\/index.php?rest_route=\/wp\/v2\/users\/2"}],"replies":[{"embeddable":true,"href":"https:\/\/akdenizolaygazetesi.com\/index.php?rest_route=%2Fwp%2Fv2%2Fcomments&post=19999"}],"version-history":[{"count":1,"href":"https:\/\/akdenizolaygazetesi.com\/index.php?rest_route=\/wp\/v2\/posts\/19999\/revisions"}],"predecessor-version":[{"id":20001,"href":"https:\/\/akdenizolaygazetesi.com\/index.php?rest_route=\/wp\/v2\/posts\/19999\/revisions\/20001"}],"wp:featuredmedia":[{"embeddable":true,"href":"https:\/\/akdenizolaygazetesi.com\/index.php?rest_route=\/wp\/v2\/media\/20000"}],"wp:attachment":[{"href":"https:\/\/akdenizolaygazetesi.com\/index.php?rest_route=%2Fwp%2Fv2%2Fmedia&parent=19999"}],"wp:term":[{"taxonomy":"category","embeddable":true,"href":"https:\/\/akdenizolaygazetesi.com\/index.php?rest_route=%2Fwp%2Fv2%2Fcategories&post=19999"},{"taxonomy":"post_tag","embeddable":true,"href":"https:\/\/akdenizolaygazetesi.com\/index.php?rest_route=%2Fwp%2Fv2%2Ftags&post=19999"}],"curies":[{"name":"wp","href":"https:\/\/api.w.org\/{rel}","templated":true}]}}