{"id":20002,"date":"2022-07-25T16:20:38","date_gmt":"2022-07-25T13:20:38","guid":{"rendered":"http:\/\/akdenizolaygazetesi.com\/?p=20002"},"modified":"2022-07-25T16:20:38","modified_gmt":"2022-07-25T13:20:38","slug":"toroslarda-ibadethanelerin-hijyen-ve-dezenfeksiyonu-kesintisiz-suruyor","status":"publish","type":"post","link":"https:\/\/akdenizolaygazetesi.com\/?p=20002","title":{"rendered":"TOROSLAR&#8217;DA \u0130BADETHANELER\u0130N H\u0130JYEN VE DEZENFEKS\u0130YONU KES\u0130NT\u0130S\u0130Z S\u00dcR\u00dcYOR"},"content":{"rendered":"<p>Covid-19 vakalar\u0131nda ya\u015fanan art\u0131\u015f\u0131n ard\u0131ndan tedbirlerini daha da artt\u0131ran Toroslar Belediyesi, il\u00e7edeki kamuya a\u00e7\u0131k alanlar\u0131 temiz ve hijyenik tutmak amac\u0131yla \u00e7al\u0131\u015fmalar\u0131n\u0131 aral\u0131ks\u0131z s\u00fcrd\u00fcr\u00fcyor.<\/p>\n<p>Belediyenin ibadethane temizlik ve dezenfektan ekibi,  il\u00e7e merkezinin yan\u0131 s\u0131ra y\u00fcksek kesimlerdeki mahallelerde bulunan t\u00fcm ibadethanelerin temizlik ve dezenfekte i\u015flemlerini koordineli bir \u015fekilde ger\u00e7ekle\u015ftiriyor.<\/p>\n<p>\u0130badethanelerdeki hal\u0131lar, hal\u0131 y\u0131kama makinesiyle yerinde y\u0131kan\u0131rken; avlu, tuvalet, kap\u0131 kollar\u0131 ve ayakkab\u0131l\u0131k gibi temas\u0131n olabilece\u011fi t\u00fcm y\u00fczeyler dezenfekte ediliyor.<\/p>\n<p>Ba\u015fkan Y\u0131lmaz; &#8220;Her T\u00fcrl\u00fc \u00d6nlemi Al\u0131yoruz&#8221;<\/p>\n<p>Toroslar Belediye Ba\u015fkan\u0131 Ats\u0131z Af\u015f\u0131n Y\u0131lmaz, vatanda\u015flar\u0131n daha sa\u011fl\u0131kl\u0131 ko\u015fullarda ibadetlerini yerine getirebilmeleri i\u00e7in il\u00e7edeki t\u00fcm ibadethanelerde temizlik ve dezenfeksiyon \u00e7al\u0131\u015fmalar\u0131n\u0131n aral\u0131ks\u0131z devam etti\u011fini s\u00f6yledi.<\/p>\n<p> &#8220;Vatanda\u015flar\u0131m\u0131z\u0131n vir\u00fcsten etkilenmemeleri i\u00e7in her t\u00fcrl\u00fc \u00f6nlemi al\u0131yoruz&#8221; diyen Ba\u015fkan Y\u0131lmaz; &#8220;Koronavir\u00fcs salg\u0131n\u0131na kar\u015f\u0131 y\u00fcr\u00fctt\u00fc\u011f\u00fcm\u00fcz m\u00fccadeleyi kesintisiz s\u00fcrd\u00fcr\u00fcyoruz. Son g\u00fcnlerde t\u00fcm d\u00fcnyada oldu\u011fu gibi \u00fclkemizde de vakalar artt\u0131. Biz de salg\u0131na kar\u015f\u0131 kamuya a\u00e7\u0131k alanlarda hijyen ve temizlik i\u015flemlerimizi daha da yo\u011funla\u015ft\u0131rd\u0131k. Bu alanlardan bir tanesi de ibadethanelerimizdir. Amac\u0131m\u0131z, hem\u015fehrilerimizin g\u00f6n\u00fcl rahatl\u0131\u011f\u0131yla ve huzur i\u00e7erisinde ibadetlerini ger\u00e7ekle\u015ftirmesidir. Hem\u015fehrilerimizden de iste\u011fimiz gerekli tedbirleri elden b\u0131rakmamalar\u0131d\u0131r&#8221; diye konu\u015ftu.<\/p>\n","protected":false},"excerpt":{"rendered":"<p>Covid-19 vakalar\u0131nda ya\u015fanan art\u0131\u015f\u0131n ard\u0131ndan tedbirlerini daha da artt\u0131ran Toroslar Belediyesi, il\u00e7edeki kamuya a\u00e7\u0131k alanlar\u0131 temiz ve hijyenik tutmak amac\u0131yla \u00e7al\u0131\u015fmalar\u0131n\u0131 aral\u0131ks\u0131z s\u00fcrd\u00fcr\u00fcyor. Belediyenin ibadethane temizlik ve dezenfektan ekibi, il\u00e7e &hellip; <a href=\"https:\/\/akdenizolaygazetesi.com\/?p=20002\" class=\"more-link\">Devam\u0131n\u0131 Oku&#8230;<\/a><\/p>\n","protected":false},"author":2,"featured_media":20003,"comment_status":"open","ping_status":"open","sticky":false,"template":"","format":"standard","meta":[],"categories":[2,3,9],"tags":[],"_links":{"self":[{"href":"https:\/\/akdenizolaygazetesi.com\/index.php?rest_route=\/wp\/v2\/posts\/20002"}],"collection":[{"href":"https:\/\/akdenizolaygazetesi.com\/index.php?rest_route=\/wp\/v2\/posts"}],"about":[{"href":"https:\/\/akdenizolaygazetesi.com\/index.php?rest_route=\/wp\/v2\/types\/post"}],"author":[{"embeddable":true,"href":"https:\/\/akdenizolaygazetesi.com\/index.php?rest_route=\/wp\/v2\/users\/2"}],"replies":[{"embeddable":true,"href":"https:\/\/akdenizolaygazetesi.com\/index.php?rest_route=%2Fwp%2Fv2%2Fcomments&post=20002"}],"version-history":[{"count":1,"href":"https:\/\/akdenizolaygazetesi.com\/index.php?rest_route=\/wp\/v2\/posts\/20002\/revisions"}],"predecessor-version":[{"id":20004,"href":"https:\/\/akdenizolaygazetesi.com\/index.php?rest_route=\/wp\/v2\/posts\/20002\/revisions\/20004"}],"wp:featuredmedia":[{"embeddable":true,"href":"https:\/\/akdenizolaygazetesi.com\/index.php?rest_route=\/wp\/v2\/media\/20003"}],"wp:attachment":[{"href":"https:\/\/akdenizolaygazetesi.com\/index.php?rest_route=%2Fwp%2Fv2%2Fmedia&parent=20002"}],"wp:term":[{"taxonomy":"category","embeddable":true,"href":"https:\/\/akdenizolaygazetesi.com\/index.php?rest_route=%2Fwp%2Fv2%2Fcategories&post=20002"},{"taxonomy":"post_tag","embeddable":true,"href":"https:\/\/akdenizolaygazetesi.com\/index.php?rest_route=%2Fwp%2Fv2%2Ftags&post=20002"}],"curies":[{"name":"wp","href":"https:\/\/api.w.org\/{rel}","templated":true}]}}