{"id":20008,"date":"2022-07-26T13:10:55","date_gmt":"2022-07-26T10:10:55","guid":{"rendered":"http:\/\/akdenizolaygazetesi.com\/?p=20008"},"modified":"2022-07-26T13:10:55","modified_gmt":"2022-07-26T10:10:55","slug":"uzum-diyari-esenli-artik-turkiyenin-gundeminde","status":"publish","type":"post","link":"https:\/\/akdenizolaygazetesi.com\/?p=20008","title":{"rendered":"\u00dcZ\u00dcM D\u0130YARI ESENL\u0130, ARTIK T\u00dcRK\u0130YE\u2019N\u0130N G\u00dcNDEM\u0130NDE"},"content":{"rendered":"<p>Akdeniz Belediyesi taraf\u0131ndan b\u00f6lge \u00fcreticileri ile birlikte ilki ger\u00e7ekle\u015fen ve b\u00fcy\u00fck ilgi \u00e7eken \u201cEsenli \u00dcz\u00fcm Festivalinin\u201d yank\u0131lar\u0131 s\u00fcr\u00fcyor. \u0130lk kez 40 y\u0131l \u00f6nce d\u00fczenlendi\u011fi \u00f6\u011frenilen \u00fcz\u00fcm \u015fenli\u011fi, Akdeniz Belediyesi\u2019nin giri\u015fimleri ile yeniden canland\u0131.<br \/>\nEsenli Meydan\u0131\u2019nda d\u00fczenlenen ve binlerce insan\u0131n ziyaret etti\u011fi \u015fenlik sayesinde, Mersin\u2019in k\u0131rsal mahallelerinden olan Akdeniz il\u00e7esine ba\u011fl\u0131 Esenli Mahallesi\u2019nde yeti\u015fen \u00fcz\u00fcm \u00e7e\u015fitlerinin t\u00fcm T\u00fcrkiye\u2019ye tan\u0131t\u0131m\u0131 sa\u011fland\u0131. En iyi \u00fcz\u00fcm yar\u0131\u015fmas\u0131, halk oyunlar\u0131, \u00e7ocuklar i\u00e7in g\u00f6steriler ve Eser Ey\u00fcbo\u011flu konseri ile daha da renklenen \u015fenli\u011fe, Mersin Milletvekilleri Zeynep G\u00fcl Y\u0131lmaz ve Hac\u0131 \u00d6zkan da kat\u0131ld\u0131.<br \/>\n\u201c\u00dcz\u00fcm denince akla art\u0131k Esenli de gelecek\u201d<br \/>\n\u015eenlik alan\u0131ndan CNN T\u00fcrk canl\u0131 yay\u0131n\u0131na kat\u0131lan Akdeniz Belediye Ba\u015fkan\u0131 M. Mustafa G\u00fcltak, Mersin Milletvekilleri Y\u0131lmaz ve \u00d6zkan\u2019\u0131n yan\u0131 s\u0131ra, \u015fenli\u011fe b\u00fcy\u00fck ilgi g\u00f6steren vatanda\u015flara te\u015fekk\u00fcr etti. Bug\u00fcne dek iki kez d\u00fczenlenen Karaduvar Bal\u0131k Festivali ile Mersin ve Akdeniz\u2019i, T\u00fcrkiye ve d\u00fcnyaya tan\u0131tt\u0131klar\u0131n\u0131 anlatan Ba\u015fkan G\u00fcltak, bu kez de Esenli \u00fcz\u00fcm \u015fenli\u011fine imza att\u0131klar\u0131n\u0131 dile getirdi.<br \/>\nBa\u015fkan G\u00fcltak; \u201cAkdeniz il\u00e7emize ba\u011fl\u0131 k\u0131rsal bir mahallemiz olan Esenli\u2019de, 13 bin d\u00f6n\u00fcm gibi b\u00fcy\u00fck bir arazide \u00fcz\u00fcm yeti\u015ftiricili\u011fi yap\u0131lmakta. Yeti\u015ftirilen \u00fcz\u00fcmlerin \u00e7o\u011fu da ihra\u00e7 ediliyor. \u015eenli\u011fimiz sayesinde, \u2018\u00fcz\u00fcm\u2019 denince insanlar\u0131m\u0131z\u0131n akl\u0131na art\u0131k Esenli Mahallemiz ve Akdeniz il\u00e7emiz de gelecek\u201d dedi.<br \/>\n\u201cRekabet olu\u015facak, \u00e7ift\u00e7ilerimiz daha \u00e7ok kazanacak\u201d<br \/>\nBu t\u00fcr festivaller sayesinde, hem Mersin\u2019i, hem Akdeniz\u2019i hem de yerli \u00fcreticilerimizin yeti\u015ftirdi\u011fi \u00fcr\u00fcnleri t\u00fcm T\u00fcrkiye\u2019ye ve d\u00fcnyaya tan\u0131tm\u0131\u015f oluyoruz\u201d diyen Ba\u015fkan G\u00fcltak; \u201cFestival ve \u015fenlikler sayesinde ayr\u0131ca ihracat\u00e7\u0131lar\u0131m\u0131z\u0131n dikkatini de \u00e7ekiyoruz. B\u00f6ylelikle \u00e7ift\u00e7ilerimizi daha \u00e7ok ihracat\u00e7\u0131n\u0131n ziyaret etmesini, olu\u015facak rekabet sayesinde \u00fcreticilerimizin daha \u00e7ok kazanmas\u0131n\u0131 sa\u011fl\u0131yoruz\u201d ifadelerini kulland\u0131.<br \/>\n\u201cK\u0131rk y\u0131l sonra bir ilki ger\u00e7ekle\u015ftirmekten onur duyuyoruz\u201d<br \/>\nAkdeniz Belediye Ba\u015fkan\u0131 G\u00fcltak, a\u00e7\u0131klamas\u0131nda; \u201cAkdeniz\u2019e hizmet m\u00fccadelesinde desteklerini esirgemeyen, her zaman yan\u0131m\u0131zda olan Cumhurba\u015fkan\u0131m\u0131z Say\u0131n Recep Tayyip Erdo\u011fan\u2019a, de\u011ferli Bakanlar\u0131m\u0131z ve Milletvekillerimize ayr\u0131ca te\u015fekk\u00fcr ediyorum. Akdeniz\u2019i bu t\u00fcr \u015fenlik ve festivallerle t\u00fcm T\u00fcrkiye\u2019ye ve hatta d\u00fcnyaya tan\u0131tmaya, anlatmaya devam edece\u011fiz. \u00dcz\u00fcm festivali ilk kez 40 y\u0131l \u00f6nce yap\u0131lm\u0131\u015f. K\u0131rk y\u0131l sonra bir ilki ger\u00e7ekle\u015ftirmekten, Esenli\u2019yi, Akdeniz\u2019i, Mersin\u2019i, say\u0131n vekillerimizle birlikte T\u00fcrkiye\u2019ye tan\u0131tmaktan onur ve mutluluk duyuyoruz\u201d ifadelerini kulland\u0131.<br \/>\nY\u0131lmaz; \u201cAkdeniz\u2019in \u00e7ehresini de\u011fi\u015ftiren Ba\u015fkan\u0131m\u0131za te\u015fekk\u00fcr ediyoruz\u201d<br \/>\nAK Parti Mersin Milletvekili Zeynep G\u00fcl Y\u0131lmaz da konu\u015fmas\u0131nda, Esenli Mahallesi\u2019nde \u00e7ok g\u00fczel bir atmosfer ya\u015fand\u0131\u011f\u0131n\u0131 s\u00f6yledi, \u015fenli\u011fe yo\u011fun bir kat\u0131l\u0131m\u0131n ger\u00e7ekle\u015fti\u011fini ifade etti. Y\u0131lmaz; \u201cEsenli Mahallemizde yeti\u015fen bu g\u00fczel \u00fcz\u00fcmlerin tan\u0131t\u0131m\u0131 bu \u015fenlik sayesinde oldu. \u015eenli\u011fi organize eden k\u0131ymetli ba\u015fkan\u0131m\u0131za \u00e7ok te\u015fekk\u00fcr ediyoruz. Ba\u015fkan\u0131m\u0131z, hizmetleri ve festivallerle Akdeniz\u2019in \u00e7ehresini de\u011fi\u015ftirdi. Bizler de bu anlamda memnunuz, gururluyuz. \u0130n\u015fallah daha nice festivallerde yeniden bir araya gelmek dile\u011fiyle\u201d dedi.<br \/>\n\u00d6zkan; \u201cBelediye Ba\u015fkan\u0131m\u0131za deste\u011fimiz devam edecek\u201d<br \/>\nMersin Milletvekili Hac\u0131 \u00d6zkan ise; Esenli \u00dcz\u00fcm \u015eenli\u011fi\u2019nin t\u00fcm T\u00fcrkiye\u2019ye \u00f6rnek olaca\u011f\u0131n\u0131n alt\u0131n\u0131 \u00e7izerek; \u201cMersin, 12 ay boyunca tar\u0131m \u00fcr\u00fcnleri \u00fcreten bir kent. Mersinimiz ayr\u0131ca, Edirne\u2019den Kars\u2019a kadar b\u00fct\u00fcn farkl\u0131l\u0131klar\u0131m\u0131z\u0131 bir arada bar\u0131nd\u0131ran, birli\u011fi, beraberli\u011fi, g\u00fc\u00e7l\u00fc karde\u015fli\u011fi sa\u011flam\u0131\u015f, T\u00fcrkiye aynas\u0131 olmu\u015f bir kenttir. Hedefimiz, belediye ba\u015fkan\u0131m\u0131zla el ele, omuz omuza birlikte \u00e7al\u0131\u015farak onlarca birincili\u011fi olan tar\u0131m \u00fcr\u00fcnlerimizi i\u00e7 ve d\u0131\u015f piyasada daha \u00e7ok tan\u0131tmak olacakt\u0131r\u201d diye konu\u015ftu. <\/p>\n","protected":false},"excerpt":{"rendered":"<p>Akdeniz Belediyesi taraf\u0131ndan b\u00f6lge \u00fcreticileri ile birlikte ilki ger\u00e7ekle\u015fen ve b\u00fcy\u00fck ilgi \u00e7eken \u201cEsenli \u00dcz\u00fcm Festivalinin\u201d yank\u0131lar\u0131 s\u00fcr\u00fcyor. \u0130lk kez 40 y\u0131l \u00f6nce d\u00fczenlendi\u011fi \u00f6\u011frenilen \u00fcz\u00fcm \u015fenli\u011fi, Akdeniz Belediyesi\u2019nin giri\u015fimleri &hellip; <a href=\"https:\/\/akdenizolaygazetesi.com\/?p=20008\" class=\"more-link\">Devam\u0131n\u0131 Oku&#8230;<\/a><\/p>\n","protected":false},"author":2,"featured_media":20009,"comment_status":"open","ping_status":"open","sticky":false,"template":"","format":"standard","meta":[],"categories":[1,2,3,5],"tags":[],"_links":{"self":[{"href":"https:\/\/akdenizolaygazetesi.com\/index.php?rest_route=\/wp\/v2\/posts\/20008"}],"collection":[{"href":"https:\/\/akdenizolaygazetesi.com\/index.php?rest_route=\/wp\/v2\/posts"}],"about":[{"href":"https:\/\/akdenizolaygazetesi.com\/index.php?rest_route=\/wp\/v2\/types\/post"}],"author":[{"embeddable":true,"href":"https:\/\/akdenizolaygazetesi.com\/index.php?rest_route=\/wp\/v2\/users\/2"}],"replies":[{"embeddable":true,"href":"https:\/\/akdenizolaygazetesi.com\/index.php?rest_route=%2Fwp%2Fv2%2Fcomments&post=20008"}],"version-history":[{"count":1,"href":"https:\/\/akdenizolaygazetesi.com\/index.php?rest_route=\/wp\/v2\/posts\/20008\/revisions"}],"predecessor-version":[{"id":20010,"href":"https:\/\/akdenizolaygazetesi.com\/index.php?rest_route=\/wp\/v2\/posts\/20008\/revisions\/20010"}],"wp:featuredmedia":[{"embeddable":true,"href":"https:\/\/akdenizolaygazetesi.com\/index.php?rest_route=\/wp\/v2\/media\/20009"}],"wp:attachment":[{"href":"https:\/\/akdenizolaygazetesi.com\/index.php?rest_route=%2Fwp%2Fv2%2Fmedia&parent=20008"}],"wp:term":[{"taxonomy":"category","embeddable":true,"href":"https:\/\/akdenizolaygazetesi.com\/index.php?rest_route=%2Fwp%2Fv2%2Fcategories&post=20008"},{"taxonomy":"post_tag","embeddable":true,"href":"https:\/\/akdenizolaygazetesi.com\/index.php?rest_route=%2Fwp%2Fv2%2Ftags&post=20008"}],"curies":[{"name":"wp","href":"https:\/\/api.w.org\/{rel}","templated":true}]}}