{"id":20011,"date":"2022-07-26T13:13:15","date_gmt":"2022-07-26T10:13:15","guid":{"rendered":"http:\/\/akdenizolaygazetesi.com\/?p=20011"},"modified":"2022-07-26T13:13:15","modified_gmt":"2022-07-26T10:13:15","slug":"ozel-gereksinimli-bireyler-acik-hava-sinemasinda-tosun-pasa-filmiyle-eglendi","status":"publish","type":"post","link":"https:\/\/akdenizolaygazetesi.com\/?p=20011","title":{"rendered":"\u00d6ZEL GEREKS\u0130N\u0130ML\u0130 B\u0130REYLER, A\u00c7IK HAVA S\u0130NEMASINDA &#8216;TOSUN PA\u015eA&#8217; F\u0130LM\u0130YLE E\u011eLEND\u0130"},"content":{"rendered":"<p>Mersin B\u00fcy\u00fck\u015fehir Belediyesi, Engelsiz Ya\u015fam Park\u0131&#8217;n\u0131 \u00f6zel gereksinimli bireyler i\u00e7in a\u00e7\u0131k hava sinemas\u0131na \u00e7evirdi.  Zaman zaman al\u0131\u015fveri\u015f merkezlerinde sinemaya g\u00f6t\u00fcr\u00fclen \u00f6zel gereksinimli bireyler, bu kez de a\u00e7\u0131k havada sinema izlemenin keyfini ya\u015fad\u0131.<br \/>\nSa\u011fl\u0131k \u0130\u015fleri Dairesi personeli, Engelsiz Ya\u015fam Park\u0131&#8217;n\u0131n bir noktas\u0131na projeksiyon kurarak, puf koltuklar ve sandalyeler yerle\u015ftirdi. Ekrana yans\u0131t\u0131lan T\u00fcrk Sinemas\u0131&#8217;n\u0131n \u00f6nemli yap\u0131tlar\u0131ndan olan &#8216;Tosun Pa\u015fa&#8217; filmini izleyen \u00f6zel bireyler ve aileleri, kahkaha dolu bir ak\u015fam ya\u015fad\u0131. \u00d6zel bireyler ve aileleri patlam\u0131\u015f m\u0131s\u0131r ve i\u00e7ecek e\u015fli\u011finde a\u00e7\u0131k havada sinema izlemenin keyfini ya\u015fad\u0131.<br \/>\n&#8220;Cuma, Cumartesi, Pazar g\u00fcnleri a\u00e7\u0131k hava sinemam\u0131z var&#8221;<br \/>\nSa\u011fl\u0131k \u0130\u015fleri Dairesi Engelliler \u015eube M\u00fcd\u00fcr\u00fc Abdullah Gerbo\u011fa, yaz aylar\u0131nda a\u00e7\u0131k havada etkinliklere a\u011f\u0131rl\u0131k verdiklerini belirterek, &#8220;Yaz aylar\u0131n\u0131n gelmesiyle birlikte havan\u0131n ge\u00e7 kararmas\u0131n\u0131 f\u0131rsat bilerek, etkinliklerimizi havan\u0131n daha serin oldu\u011fu saatlere kayd\u0131rd\u0131k. Park\u0131m\u0131zda sinema d\u0131\u015f\u0131nda farkl\u0131 etkinliklerimiz de oluyor. Sokak oyunlar\u0131, su sava\u015f\u0131, kutu oyunlar\u0131, bocce gibi farkl\u0131 etkinliklerimiz oluyor. Amac\u0131m\u0131z engelli bireylerin sosyalle\u015fmesini sa\u011flamak ve rahat zaman ge\u00e7irebilecekleri bir ortam olu\u015fturmak. Engelsiz Ya\u015fam Park\u0131&#8217;ndaki etkinliklerimiz haftan\u0131n 7 g\u00fcn\u00fc, sabah 8&#8217;den ak\u015fam saat 10&#8217;a kadar devam ediyor. Cuma, Cumartesi, Pazar g\u00fcnleri a\u00e7\u0131k hava sinemam\u0131z, di\u011fer g\u00fcnlerde farkl\u0131 etkinliklerimiz var. Yaz aylar\u0131 boyunca bu \u015fekilde \u00e7al\u0131\u015fmaya devam edece\u011fiz&#8221; dedi.<br \/>\n&#8220;Muhte\u015fem bir \u015fey. \u00c7ocuklar o kadar mutlu ki&#8221;<br \/>\n\u00d6zel gereksinimli \u00e7ocu\u011funu a\u00e7\u0131k hava sinemas\u0131na getiren Berrin Tulumbac\u0131, yap\u0131lan etkinliklerin \u00e7ocuklar\u0131 ne kadar mutlu etti\u011fini anlatarak, &#8220;Muhte\u015fem bir \u015fey. \u00c7ocuklar o kadar mutlu ki anlatamam size. G\u00fcnd\u00fcz hava \u00e7ok s\u0131cak, ak\u015fam \u00e7ok g\u00fczel oluyor. \u00c7ocuklar mutlu. Bir de bizler ak\u015fam \u00e7\u0131kmay\u0131z d\u0131\u015far\u0131ya, ama bu vesileyle ak\u015fam \u00e7\u0131kmak bamba\u015fka bir duygu&#8221; ifadelerini kulland\u0131.<br \/>\nBirbirinden farkl\u0131 ve kaliteli etkinlikler yap\u0131ld\u0131\u011f\u0131na vurgu yapan Tulumbac\u0131, &#8220;O kadar g\u00fczel ki her \u015fey. G\u00fcnd\u00fcz aktivite, \u00f6\u011flen aktivite, ak\u015fam sinema. \u00c7ocuklar yemek yiyor, havuza giriyor. Her t\u00fcrl\u00fc \u015fey var. Bocce&#8217;den tutun halk oyunlar\u0131na, dramadan tutun annelere y\u00f6nelik makrome kursuna kadar bir s\u00fcr\u00fc \u015fey var. Ben \u00e7ocu\u011fuma yeti\u015femiyorum, o derece g\u00fczel. Nas\u0131l te\u015fekk\u00fcr edece\u011fimi bilemiyorum. Hi\u00e7 kimsenin, \u015fu ana kadar yapamad\u0131\u011f\u0131 bir \u015feyi yap\u0131yor Vahap Ba\u015fkan\u0131m&#8221; diye konu\u015ftu.<\/p>\n","protected":false},"excerpt":{"rendered":"<p>Mersin B\u00fcy\u00fck\u015fehir Belediyesi, Engelsiz Ya\u015fam Park\u0131&#8217;n\u0131 \u00f6zel gereksinimli bireyler i\u00e7in a\u00e7\u0131k hava sinemas\u0131na \u00e7evirdi. Zaman zaman al\u0131\u015fveri\u015f merkezlerinde sinemaya g\u00f6t\u00fcr\u00fclen \u00f6zel gereksinimli bireyler, bu kez de a\u00e7\u0131k havada sinema izlemenin &hellip; <a href=\"https:\/\/akdenizolaygazetesi.com\/?p=20011\" class=\"more-link\">Devam\u0131n\u0131 Oku&#8230;<\/a><\/p>\n","protected":false},"author":2,"featured_media":20012,"comment_status":"open","ping_status":"open","sticky":false,"template":"","format":"standard","meta":[],"categories":[1,2,3,5],"tags":[],"_links":{"self":[{"href":"https:\/\/akdenizolaygazetesi.com\/index.php?rest_route=\/wp\/v2\/posts\/20011"}],"collection":[{"href":"https:\/\/akdenizolaygazetesi.com\/index.php?rest_route=\/wp\/v2\/posts"}],"about":[{"href":"https:\/\/akdenizolaygazetesi.com\/index.php?rest_route=\/wp\/v2\/types\/post"}],"author":[{"embeddable":true,"href":"https:\/\/akdenizolaygazetesi.com\/index.php?rest_route=\/wp\/v2\/users\/2"}],"replies":[{"embeddable":true,"href":"https:\/\/akdenizolaygazetesi.com\/index.php?rest_route=%2Fwp%2Fv2%2Fcomments&post=20011"}],"version-history":[{"count":1,"href":"https:\/\/akdenizolaygazetesi.com\/index.php?rest_route=\/wp\/v2\/posts\/20011\/revisions"}],"predecessor-version":[{"id":20013,"href":"https:\/\/akdenizolaygazetesi.com\/index.php?rest_route=\/wp\/v2\/posts\/20011\/revisions\/20013"}],"wp:featuredmedia":[{"embeddable":true,"href":"https:\/\/akdenizolaygazetesi.com\/index.php?rest_route=\/wp\/v2\/media\/20012"}],"wp:attachment":[{"href":"https:\/\/akdenizolaygazetesi.com\/index.php?rest_route=%2Fwp%2Fv2%2Fmedia&parent=20011"}],"wp:term":[{"taxonomy":"category","embeddable":true,"href":"https:\/\/akdenizolaygazetesi.com\/index.php?rest_route=%2Fwp%2Fv2%2Fcategories&post=20011"},{"taxonomy":"post_tag","embeddable":true,"href":"https:\/\/akdenizolaygazetesi.com\/index.php?rest_route=%2Fwp%2Fv2%2Ftags&post=20011"}],"curies":[{"name":"wp","href":"https:\/\/api.w.org\/{rel}","templated":true}]}}