{"id":20014,"date":"2022-07-26T13:16:42","date_gmt":"2022-07-26T10:16:42","guid":{"rendered":"http:\/\/akdenizolaygazetesi.com\/?p=20014"},"modified":"2022-07-26T13:16:42","modified_gmt":"2022-07-26T10:16:42","slug":"esenlili-ureticilerin-uzum-senligi-sevinci","status":"publish","type":"post","link":"https:\/\/akdenizolaygazetesi.com\/?p=20014","title":{"rendered":"ESENL\u0130L\u0130 \u00dcRET\u0130C\u0130LER\u0130N \u00dcZ\u00dcM \u015eENL\u0130\u011e\u0130 SEV\u0130NC\u0130"},"content":{"rendered":"<p>Akdeniz Belediyesi taraf\u0131ndan ilk kez d\u00fczenlenen Esenli \u00dcz\u00fcm \u015eenli\u011fine, s\u0131cak ve nemli havaya ra\u011fmen binlerce ki\u015fi kat\u0131ld\u0131. Esenlili \u00fcz\u00fcm \u00fcreticileri, g\u00f6rd\u00fckleri yo\u011fun ilgiden duyduklar\u0131 sevin\u00e7 ve memnuniyeti dile getirdi.<br \/>\nKent merkezinin da\u011fl\u0131k kuzey kesiminde bulunan ve Akdeniz il\u00e7esinin en \u00fccra ve k\u0131rsal mahallelerinden biri olan Esenli\u2019de, belediye taraf\u0131ndan mahalleye kazand\u0131r\u0131lan meydanda ilk kez organize edilen \u00fcz\u00fcm \u015fenli\u011fi, her ya\u015f ve kesimden insan\u0131n b\u00fcy\u00fck ilgisini \u00e7ekti. \u015eenli\u011fi, kent merkezinin yan\u0131 s\u0131ra, di\u011fer il\u00e7elerden de y\u00fczlerce insan ziyaret etti. B\u00f6lgede olu\u015fan ara\u00e7 trafi\u011fi kimi zaman adeta kilitlendi.<br \/>\nEsenli \u00fcz\u00fcm\u00fc T\u00fcrkiye ve d\u00fcnyaya tan\u0131t\u0131lacak<br \/>\n\u015eenlikte stantlar a\u00e7arak \u00fcrettikleri \u00fcz\u00fcmleri, ayr\u0131ca \u00fcz\u00fcm ve \u00e7ekirde\u011fi kullan\u0131larak \u00fcrettikleri \u00e7e\u015fitli \u00fcr\u00fcnleri sat\u0131\u015fa ve konuklar\u0131n be\u011fenisine sunan Esenlili \u00e7ift\u00e7iler, etkinli\u011fe g\u00f6sterilen yo\u011fun ilgiden ve mahallelerinde ilk kez g\u00f6rd\u00fckleri kalabal\u0131ktan dolay\u0131 \u015fa\u015fk\u0131nl\u0131k ve memnuniyetlerini gizleyemedi. \u015eenlik sayesinde Esenli \u00fcz\u00fcm\u00fcn\u00fcn T\u00fcrkiye ve d\u00fcnyaya a\u00e7\u0131lmas\u0131n\u0131 umut ettiklerini, Bu sayede emeklerinin kar\u015f\u0131l\u0131\u011f\u0131n\u0131 alabileceklerini belirten \u00fcreticiler, \u015fenli\u011fin devam\u0131n\u0131 beklediklerini dile getirdiler; Akdeniz Belediye Ba\u015fkan\u0131 Mustafa G\u00fcltak, Meclis \u00fcyeleri ve Esenli Mahalle Muhtar\u0131 Feyyaz G\u00f6rg\u00fcl\u00fc\u2019ye te\u015fekk\u00fcr ettiler.<br \/>\nEsenlili \u00fcreticiler ve konuklar \u015fenlikten \u00e7ok memnun\u2026<br \/>\nAyhan K\u0131z\u0131ltan (MTSO Ba\u015fkan\u0131): \u201c\u015eenlik harika, \u00fcz\u00fcmler de ayr\u0131ca harika, hepsini tatt\u0131k. \u0130nsan\u0131n, yedik\u00e7e yiyesi geliyor. Esenli\u2019de ciddi bir \u00fcz\u00fcm \u00fcretimi var. Bu anlamda festivalin \u00f6nemi de art\u0131yor. Umuyorum bu ve bundan sonra yap\u0131lacak festival; Esenli \u00fcz\u00fcm\u00fcn\u00fcn, hem T\u00fcrkiye hem de d\u00fcnyaya tan\u0131t\u0131lmas\u0131na destek olacak. Akdeniz Belediye Ba\u015fkan\u0131 Say\u0131n G\u00fcltak, ekibine, Esenli Muhtar\u0131m\u0131za ve \u00e7ift\u00e7ilerimize te\u015fekk\u00fcr ediyorum. Halk\u0131m\u0131z\u0131n ilgisi de b\u00f6ylesi bir festivale ihtiyac\u0131m\u0131z oldu\u011funu g\u00f6sterdi. Ekonomi, e\u011flence ve sosyal faaliyetler hepsi bir arada. \u00c7ok keyifli bir festival oldu\u011funu belirtmek istiyorum.\u201d<br \/>\nHalil Kara (Akdeniz Belediyesi Meclis \u00dcyesi); \u201cEsenli Mahallesindenim. \u00c7ocuklu\u011fum, \u015fu an bulundu\u011fumuz bu alanda ge\u00e7ti. Esenli \u00dcz\u00fcm \u015eenli\u011fi\u2019ni stratejik plan\u0131m\u0131za eklemi\u015f ve Meclisimizden de oybirli\u011fi ile karar alm\u0131\u015ft\u0131k. Belediye Ba\u015fkan\u0131m\u0131z da bu \u015fenli\u011fi yapmam\u0131za b\u00fcy\u00fck katk\u0131 sa\u011flad\u0131. Eme\u011fi ge\u00e7en \u00e7al\u0131\u015fanlara ve i\u015f\u00e7i arkada\u015flar\u0131m\u0131za te\u015fekk\u00fcr ediyorum. Umar\u0131m gelen misafirlerimiz buradan mutlu ayr\u0131l\u0131rlar. Biz de \u00f6n\u00fcm\u00fczdeki y\u0131llarda bu \u015fenli\u011fi daha da geli\u015ftirerek devam ettiririz.\u201d<br \/>\nFeyyaz G\u00f6rg\u00fcl\u00fc, (Esenli Mahalle Muhtar\u0131); \u201cBu festival bizi \u00e7ok onurland\u0131rd\u0131, gururland\u0131rd\u0131. Ba\u015fta Akdeniz belediye Ba\u015fkan\u0131m\u0131z Mustafa G\u00fcltak ve eme\u011fi ge\u00e7en herkese \u00e7ok te\u015fekk\u00fcr ediyorum. 50 y\u0131ld\u0131r bu i\u015fi yap\u0131yorum, \u00fcz\u00fcm deyince Esenli, ilk akla gelen k\u00f6ylerimizden biri. Bundan 40 y\u0131l \u00f6nce \u00fcz\u00fcm \u015f\u00f6leni yapm\u0131\u015f bir k\u00f6y olarak, bug\u00fcn bu festivali yapmak bizlere gurur verdi. \u0130n\u015fallah geleneksel hale getirip tekrar tekrar yapmay\u0131 Allah bize nasip eder.\u201d<br \/>\nRamazan \u00c7elikkol (Esenlili \u00fcretici); \u201cTar\u0131mla, \u00fcz\u00fcm yeti\u015ftiricili\u011fi ile u\u011fra\u015f\u0131yorum. Victoria ba\u015fta gelmek \u00fczere t\u00fcm \u00fcz\u00fcm \u00e7e\u015fitlerimizi yeti\u015ftiriyoruz. Ayn\u0131 zamanda turun\u00e7giller, bu\u011fday ve pamuk da yeti\u015ftiriyoruz. Akdeniz Belediye Ba\u015fkan\u0131m\u0131z G\u00fcltak, Muhtar\u0131m\u0131z Feyyaz G\u00f6rg\u00fcl\u00fc ve \u015fenli\u011fin d\u00fczenlenmesinde eme\u011fi ge\u00e7en herkese \u00e7ok \u00e7ok te\u015fekk\u00fcr ediyorum.\u201d<br \/>\n\u00d6zkan Erol, (Esenli sakini); \u201c\u00dcz\u00fcm \u015eenli\u011finden \u00e7ok memnunuz. Belediye Ba\u015fkan\u0131m\u0131z Say\u0131n Mustafa G\u00fcltak, Esenlili \u00fcreticiler i\u00e7in gayet g\u00fczel ve ba\u015far\u0131l\u0131 bir i\u015fe imza att\u0131. Ba\u015fkan\u0131m\u0131z, \u00f6nce bu meydan\u0131 yapt\u0131, sonras\u0131nda k\u00f6yl\u00fc olarak \u00fcz\u00fcm \u00fcreticisi oldu\u011fumuz i\u00e7in, iste\u011fimiz \u00fczerine \u00fcz\u00fcmlerimizi tan\u0131tmak ad\u0131na da bu \u015fenli\u011fi d\u00fczenledi. Gayet memnunuz, ba\u015fkan\u0131m\u0131za \u00e7ok te\u015fekk\u00fcr ederiz. \u015eenli\u011fimiz bundan sonra da devam edecek.\u201d<br \/>\nAli Civan; \u201cB\u00f6ylesi g\u00fczel bir \u015fenlik d\u00fczenledi\u011fi i\u00e7in Ba\u015fkan\u0131m\u0131z G\u00fcltak\u2019a te\u015fekk\u00fcr ediyoruz. Kat\u0131l\u0131m \u00e7ok g\u00fczel, ellerine sa\u011fl\u0131k ba\u015fkan\u0131m\u0131z\u0131n. \u0130lerleyen y\u0131llarda, burada ve ba\u015fka mahallelerimizde bu t\u00fcr \u015fenliklerin devam\u0131n\u0131 dileriz.\u201d<br \/>\nHanifi Demirsoy, (Esenlili \u00fcz\u00fcm \u00fcreticisi); \u201c\u015eenli\u011fimiz \u00e7ok g\u00fczel. Belediye Ba\u015fkan\u0131m\u0131zdan Allah raz\u0131 olsun. Kendisine ve eme\u011fi ge\u00e7enlere \u00e7ok te\u015fekk\u00fcr ediyoruz. \u015eenli\u011fin, \u00fcretti\u011fimiz \u00fcz\u00fcmlerin tan\u0131t\u0131m\u0131na ciddi katk\u0131lar sunaca\u011f\u0131na inan\u0131yoruz.\u201d<br \/>\nD\u00fcrdane Ko\u00e7ak, (Esenlili Lavanta \u00dcreticisi); \u201cEsenli\u2019de ya\u015f\u0131yoruz, lavanta yeti\u015ftiriyoruz. Kokular\u0131 mis gibi. \u00dcr\u00fcnlerimizi satmak i\u00e7in geldik. Festival \u00e7ok g\u00fczel, her sene yap\u0131lmas\u0131n\u0131 istiyoruz. Belediye ba\u015fkan\u0131m\u0131za, muhtar\u0131m\u0131za ve b\u00fct\u00fcn eme\u011fi ge\u00e7enlere te\u015fekk\u00fcr ediyoruz.\u201d<br \/>\nAyfer Erol, (Esenlili \u00e7ift\u00e7i); \u201cBiz burada \u00fcz\u00fcm yeti\u015ftiriyoruz, tek ge\u00e7imimiz de \u00fcz\u00fcm&#8230; \u015eenlik sayesinde, in\u015fallah \u00fcr\u00fcnlerimizi daha \u00e7ok ki\u015fi tan\u0131yacak ve bizler de eme\u011fimizin, al\u0131n terimizin kar\u015f\u0131l\u0131\u011f\u0131n\u0131 alabilece\u011fiz. Mahallemize ve biz \u00e7ift\u00e7ilere b\u00f6yle bir imk\u00e2n sunulmas\u0131 ve \u00fcz\u00fcm\u00fcm\u00fcz\u00fcn tan\u0131t\u0131lmas\u0131ndan dolay\u0131 herkese \u00e7ok te\u015fekk\u00fcr ediyorum.\u201d<br \/>\nAy\u015fe G\u00fcnd\u00fcz; \u201cEsenli \u00dcz\u00fcm \u015eenli\u011fi\u2019ne Mersin\u2019den kat\u0131l\u0131yorum. Bu imk\u00e2n\u0131 bizlere sa\u011flad\u0131\u011f\u0131 i\u00e7in Akdeniz Belediyesi\u2019ne \u00e7ok te\u015fekk\u00fcr ediyoruz. \u015eenli\u011fe kat\u0131l\u0131m da \u00e7ok g\u00fczel, memnun oldum.\u201d<br \/>\nMerve Meral \u0130nci; \u201cB\u00fcy\u00fck bir grup olarak, \u015fenli\u011fe davetli olarak geldik ve \u00e7ok memnun kald\u0131k. Biz de bu topra\u011f\u0131n sakiniyiz. \u00dcz\u00fcm zaten harika. \u015eenlik dolu dolu ge\u00e7iyor.  Harika bir proje. Ba\u015fkan\u0131m\u0131z G\u00fcltak\u2019a \u00e7ok te\u015fekk\u00fcr ediyoruz.\u201d<br \/>\nH\u00fcseyin Bolat, (De\u011fnek K\u00f6y\u00fc Sakini); \u201cEsenli, e\u015fimin k\u00f6y\u00fc. Bug\u00fcn g\u00fczel bir etkinlik d\u00fczenleniyor. E\u015fim ve dostlar\u0131m\u0131zla beraber bu g\u00fczel etkinli\u011fe kat\u0131ld\u0131k. Herkese hay\u0131rl\u0131 u\u011furlu olsun, devam\u0131n\u0131 diliyoruz. Her k\u00f6y\u00fcm\u00fczde yeti\u015fen ayr\u0131 \u00fcr\u00fcnler var. O k\u00f6ylerimizde de bu t\u00fcr etkinlikler d\u00fczenlendi\u011fini g\u00f6rmek isteriz. Ba\u015fta Ba\u015fkan\u0131m\u0131z G\u00fcltak olmak \u00fczere eme\u011fi ge\u00e7enlere te\u015fekk\u00fcr ediyorum.\u201d<br \/>\n\u0130brahim Koca, (Kazanl\u0131 Cumhuriyet Mahallesi Muhtar\u0131); \u201c\u015eenli\u011fimiz \u00e7ok g\u00fczel. Kimin eme\u011fi ge\u00e7mi\u015f ise hepsinden Allah raz\u0131 olsun. \u00c7ok g\u00fczel bir kayna\u015fma oldu. \u00dcz\u00fcmler de harika, tatt\u0131k, eve de ald\u0131k.\u201d<br \/>\nAy\u015fe Yal\u00e7\u0131n, (Esenlili \u00fcz\u00fcm \u00fcreticisi); \u201c\u015eenli\u011fimizde stant a\u00e7t\u0131k, \u00fcretti\u011fimiz \u00fcz\u00fcmleri ziyaret\u00e7iler i\u00e7in sat\u0131\u015fa sunduk. Memnunuz, iyi oldu k\u00f6y\u00fcm\u00fcz ve \u00fcz\u00fcm\u00fcm\u00fcz ad\u0131na. \u00dcz\u00fcmlerimizin Mersin, T\u00fcrkiye ve d\u00fcnyaya yay\u0131lmas\u0131 ad\u0131na g\u00fczel bir \u015fenlik.\u201d<br \/>\nOsman Erdem; \u201cMersin\u2019den geliyorum, etkinli\u011fi internetten g\u00f6rd\u00fcm. \u00dcz\u00fcm \u015fenli\u011fi \u00e7ok g\u00fczel. Ba\u015fkan\u0131m\u0131za sevgiler, sayg\u0131lar. \u015eenli\u011fin devam\u0131n\u0131 bekliyoruz.\u201d<\/p>\n","protected":false},"excerpt":{"rendered":"<p>Akdeniz Belediyesi taraf\u0131ndan ilk kez d\u00fczenlenen Esenli \u00dcz\u00fcm \u015eenli\u011fine, s\u0131cak ve nemli havaya ra\u011fmen binlerce ki\u015fi kat\u0131ld\u0131. Esenlili \u00fcz\u00fcm \u00fcreticileri, g\u00f6rd\u00fckleri yo\u011fun ilgiden duyduklar\u0131 sevin\u00e7 ve memnuniyeti dile getirdi. Kent &hellip; <a href=\"https:\/\/akdenizolaygazetesi.com\/?p=20014\" class=\"more-link\">Devam\u0131n\u0131 Oku&#8230;<\/a><\/p>\n","protected":false},"author":2,"featured_media":20015,"comment_status":"open","ping_status":"open","sticky":false,"template":"","format":"standard","meta":[],"categories":[2,3,5],"tags":[],"_links":{"self":[{"href":"https:\/\/akdenizolaygazetesi.com\/index.php?rest_route=\/wp\/v2\/posts\/20014"}],"collection":[{"href":"https:\/\/akdenizolaygazetesi.com\/index.php?rest_route=\/wp\/v2\/posts"}],"about":[{"href":"https:\/\/akdenizolaygazetesi.com\/index.php?rest_route=\/wp\/v2\/types\/post"}],"author":[{"embeddable":true,"href":"https:\/\/akdenizolaygazetesi.com\/index.php?rest_route=\/wp\/v2\/users\/2"}],"replies":[{"embeddable":true,"href":"https:\/\/akdenizolaygazetesi.com\/index.php?rest_route=%2Fwp%2Fv2%2Fcomments&post=20014"}],"version-history":[{"count":1,"href":"https:\/\/akdenizolaygazetesi.com\/index.php?rest_route=\/wp\/v2\/posts\/20014\/revisions"}],"predecessor-version":[{"id":20016,"href":"https:\/\/akdenizolaygazetesi.com\/index.php?rest_route=\/wp\/v2\/posts\/20014\/revisions\/20016"}],"wp:featuredmedia":[{"embeddable":true,"href":"https:\/\/akdenizolaygazetesi.com\/index.php?rest_route=\/wp\/v2\/media\/20015"}],"wp:attachment":[{"href":"https:\/\/akdenizolaygazetesi.com\/index.php?rest_route=%2Fwp%2Fv2%2Fmedia&parent=20014"}],"wp:term":[{"taxonomy":"category","embeddable":true,"href":"https:\/\/akdenizolaygazetesi.com\/index.php?rest_route=%2Fwp%2Fv2%2Fcategories&post=20014"},{"taxonomy":"post_tag","embeddable":true,"href":"https:\/\/akdenizolaygazetesi.com\/index.php?rest_route=%2Fwp%2Fv2%2Ftags&post=20014"}],"curies":[{"name":"wp","href":"https:\/\/api.w.org\/{rel}","templated":true}]}}