{"id":20023,"date":"2022-07-27T12:23:13","date_gmt":"2022-07-27T09:23:13","guid":{"rendered":"http:\/\/akdenizolaygazetesi.com\/?p=20023"},"modified":"2022-07-27T12:23:13","modified_gmt":"2022-07-27T09:23:13","slug":"mersin-orman-bolge-mudurlugunde-gorev-degisimi","status":"publish","type":"post","link":"https:\/\/akdenizolaygazetesi.com\/?p=20023","title":{"rendered":"Mersin Orman B\u00f6lge M\u00fcd\u00fcrl\u00fc\u011f\u00fcnde G\u00f6rev De\u011fi\u015fimi"},"content":{"rendered":"<p>Orman Genel M\u00fcd\u00fcr Yard\u0131mc\u0131s\u0131 olarak atanan Kenan Akduman\u2019dan Mersin Orman B\u00f6lge M\u00fcd\u00fcr\u00fc olarak g\u00f6revi devralan Mustafa Yal\u00e7\u0131n, yeni g\u00f6revine ba\u015flad\u0131.<\/p>\n<p> Genel M\u00fcd\u00fcr Yard\u0131mc\u0131s\u0131 Kenan Akduman, Mersin Orman B\u00f6lge M\u00fcd\u00fcrl\u00fc\u011f\u00fc g\u00f6revinden ayr\u0131lmas\u0131 nedeniyle, B\u00f6lge M\u00fcd\u00fcr\u00fc Mustafa Yal\u00e7\u0131n, B\u00f6lge M\u00fcd\u00fcr Yard\u0131mc\u0131lar\u0131, \u015eube M\u00fcd\u00fcrleri ve \u00e7evrimi\u00e7i kat\u0131lan Orman \u0130\u015fletme M\u00fcd\u00fcrleri kat\u0131l\u0131m\u0131yla b\u00f6lge m\u00fcd\u00fcrl\u00fc\u011f\u00fcm\u00fcz merkezinde veda toplant\u0131s\u0131nda bir araya geldi.<\/p>\n<p>Mersin Orman B\u00f6lge M\u00fcd\u00fcrl\u00fc\u011f\u00fc olarak Genel M\u00fcd\u00fcr Yard\u0131mc\u0131m\u0131za yeni g\u00f6rev yerinde ba\u015far\u0131lar diler, yapt\u0131\u011f\u0131 ba\u015far\u0131l\u0131 \u00e7al\u0131\u015fma ve hizmetlerinden \u00f6t\u00fcr\u00fc te\u015fekk\u00fcr ederiz.<\/p>\n","protected":false},"excerpt":{"rendered":"<p>Orman Genel M\u00fcd\u00fcr Yard\u0131mc\u0131s\u0131 olarak atanan Kenan Akduman\u2019dan Mersin Orman B\u00f6lge M\u00fcd\u00fcr\u00fc olarak g\u00f6revi devralan Mustafa Yal\u00e7\u0131n, yeni g\u00f6revine ba\u015flad\u0131. Genel M\u00fcd\u00fcr Yard\u0131mc\u0131s\u0131 Kenan Akduman, Mersin Orman B\u00f6lge M\u00fcd\u00fcrl\u00fc\u011f\u00fc g\u00f6revinden &hellip; <a href=\"https:\/\/akdenizolaygazetesi.com\/?p=20023\" class=\"more-link\">Devam\u0131n\u0131 Oku&#8230;<\/a><\/p>\n","protected":false},"author":2,"featured_media":20024,"comment_status":"open","ping_status":"open","sticky":false,"template":"","format":"standard","meta":[],"categories":[3,5],"tags":[],"_links":{"self":[{"href":"https:\/\/akdenizolaygazetesi.com\/index.php?rest_route=\/wp\/v2\/posts\/20023"}],"collection":[{"href":"https:\/\/akdenizolaygazetesi.com\/index.php?rest_route=\/wp\/v2\/posts"}],"about":[{"href":"https:\/\/akdenizolaygazetesi.com\/index.php?rest_route=\/wp\/v2\/types\/post"}],"author":[{"embeddable":true,"href":"https:\/\/akdenizolaygazetesi.com\/index.php?rest_route=\/wp\/v2\/users\/2"}],"replies":[{"embeddable":true,"href":"https:\/\/akdenizolaygazetesi.com\/index.php?rest_route=%2Fwp%2Fv2%2Fcomments&post=20023"}],"version-history":[{"count":1,"href":"https:\/\/akdenizolaygazetesi.com\/index.php?rest_route=\/wp\/v2\/posts\/20023\/revisions"}],"predecessor-version":[{"id":20025,"href":"https:\/\/akdenizolaygazetesi.com\/index.php?rest_route=\/wp\/v2\/posts\/20023\/revisions\/20025"}],"wp:featuredmedia":[{"embeddable":true,"href":"https:\/\/akdenizolaygazetesi.com\/index.php?rest_route=\/wp\/v2\/media\/20024"}],"wp:attachment":[{"href":"https:\/\/akdenizolaygazetesi.com\/index.php?rest_route=%2Fwp%2Fv2%2Fmedia&parent=20023"}],"wp:term":[{"taxonomy":"category","embeddable":true,"href":"https:\/\/akdenizolaygazetesi.com\/index.php?rest_route=%2Fwp%2Fv2%2Fcategories&post=20023"},{"taxonomy":"post_tag","embeddable":true,"href":"https:\/\/akdenizolaygazetesi.com\/index.php?rest_route=%2Fwp%2Fv2%2Ftags&post=20023"}],"curies":[{"name":"wp","href":"https:\/\/api.w.org\/{rel}","templated":true}]}}