{"id":20026,"date":"2022-07-27T12:24:47","date_gmt":"2022-07-27T09:24:47","guid":{"rendered":"http:\/\/akdenizolaygazetesi.com\/?p=20026"},"modified":"2022-07-27T12:24:47","modified_gmt":"2022-07-27T09:24:47","slug":"mufide-ilhan-heykelinin-kol-ve-bilek-kisimlari-ikinci-kez-calindi","status":"publish","type":"post","link":"https:\/\/akdenizolaygazetesi.com\/?p=20026","title":{"rendered":"M\u00dcF\u0130DE \u0130LHAN HEYKEL\u0130&#8217;N\u0130N KOL VE B\u0130LEK KISIMLARI \u0130K\u0130NC\u0130 KEZ \u00c7ALINDI"},"content":{"rendered":"<p>Mersin B\u00fcy\u00fck\u015fehir Belediyesi Park ve Bah\u00e7eler Dairesi personeli, K\u00fclt\u00fcr Park&#8217;taki rutin kontrolleri s\u0131ras\u0131nda, Adnan Menderes Bulvar\u0131 Hilton yak\u0131nlar\u0131nda yer alan M\u00fcfide \u0130lhan heykelinin ba\u015f ve iki el k\u0131sm\u0131n\u0131n kopar\u0131larak \u00e7al\u0131nd\u0131\u011f\u0131n\u0131 fark etti. Kimli\u011fi belirsiz ki\u015fi ya da ki\u015filerce yap\u0131lan sald\u0131r\u0131 hakk\u0131nda personel, Emniyet&#8217;e su\u00e7 duyurusunda bulundu.<br \/>\nMart ay\u0131nda da ayn\u0131 sald\u0131r\u0131 ya\u015fanm\u0131\u015ft\u0131<br \/>\n2 Mart tarihinde de ayn\u0131 olay\u0131n ya\u015fanmas\u0131n\u0131n ard\u0131ndan B\u00fcy\u00fck\u015fehir Belediyesi heykelin bak\u0131m, onar\u0131m ve restorasyon i\u015flemini tamamlam\u0131\u015ft\u0131. T\u00fcrkiye&#8217;de ilk kad\u0131n \u0130l Belediye Ba\u015fkan\u0131 olan M\u00fcfide \u0130lhan&#8217;\u0131n an\u0131s\u0131na yap\u0131lan heykel, 4 ay arayla 2 kez tahrip edildi.<br \/>\n&#8220;M\u00fcfide \u0130lhan heykelinin restorasyonu en k\u0131sa zamanda ger\u00e7ekle\u015ftirilecek&#8221;<br \/>\nB\u00fcy\u00fck\u015fehir Belediyesi Park ve Bah\u00e7eler Dairesi&#8217;nde K\u00fclt\u00fcr Park Saha Sorumlusu olarak g\u00f6rev yapan Ziraat Y\u00fcksek M\u00fchendisi Kerem A\u00e7\u0131kel, &#8220;26 Temmuz Sal\u0131 G\u00fcn\u00fc sahadaki personelimizin rutin kontrollerinde, Adnan Menderes Bulvar\u0131 Hilton yak\u0131nlar\u0131ndaki M\u00fcfide \u0130lhan heykelinin ba\u015f k\u0131sm\u0131n\u0131n ve iki el k\u0131sm\u0131n\u0131n kopar\u0131larak \u00e7al\u0131nd\u0131\u011f\u0131 fark edildi. Bunun \u00fczerine Emniyet&#8217;e gerekli ba\u015fvurularda bulunularak, h\u0131rs\u0131zl\u0131kla ilgili hukuki s\u00fcre\u00e7 ba\u015flat\u0131ld\u0131. 2 Mart 2022 tarihinde de yine ayn\u0131 olay\u0131 ya\u015fam\u0131\u015ft\u0131k. O olayda da yine heykelin ba\u015f ve el k\u0131s\u0131mlar\u0131 \u00e7al\u0131nm\u0131\u015ft\u0131. Ancak hukuki s\u00fcre\u00e7 sonucu bunu yapan ki\u015fi yakalanm\u0131\u015ft\u0131&#8221; dedi.<br \/>\nBug\u00fcn ayn\u0131 \u015feyin yine ya\u015fand\u0131\u011f\u0131n\u0131 kaydeden A\u00e7\u0131kel, &#8220;Bu olayla da ilgili hukuki s\u00fcreci ba\u015flatt\u0131k ve yak\u0131ndan takip edece\u011fiz. Vatanda\u015flar\u0131m\u0131zdan da bu konuda daha duyarl\u0131 olmalar\u0131n\u0131 ve bu t\u00fcr olaylar\u0131 fark etmeleri veya g\u00f6rmeleri halinde, an\u0131nda parktaki personele bildirmelerini rica ediyoruz. B\u00fcy\u00fck\u015fehir Belediyesi Park ve Bah\u00e7eler Dairesi Ba\u015fkanl\u0131\u011f\u0131 olarak, M\u00fcfide \u0130lhan heykelinin en k\u0131sa zamanda restorasyonunu ger\u00e7ekle\u015ftirece\u011fiz. Arkada\u015flar\u0131m\u0131z bug\u00fcn heykelle ilgili \u00e7al\u0131\u015fmaya ba\u015flad\u0131lar. Heykeli en k\u0131sa zamanda eski haline getirece\u011fiz&#8221; dedi.  <\/p>\n","protected":false},"excerpt":{"rendered":"<p>Mersin B\u00fcy\u00fck\u015fehir Belediyesi Park ve Bah\u00e7eler Dairesi personeli, K\u00fclt\u00fcr Park&#8217;taki rutin kontrolleri s\u0131ras\u0131nda, Adnan Menderes Bulvar\u0131 Hilton yak\u0131nlar\u0131nda yer alan M\u00fcfide \u0130lhan heykelinin ba\u015f ve iki el k\u0131sm\u0131n\u0131n kopar\u0131larak \u00e7al\u0131nd\u0131\u011f\u0131n\u0131 &hellip; <a href=\"https:\/\/akdenizolaygazetesi.com\/?p=20026\" class=\"more-link\">Devam\u0131n\u0131 Oku&#8230;<\/a><\/p>\n","protected":false},"author":2,"featured_media":20027,"comment_status":"open","ping_status":"open","sticky":false,"template":"","format":"standard","meta":[],"categories":[34,2,3,5],"tags":[],"_links":{"self":[{"href":"https:\/\/akdenizolaygazetesi.com\/index.php?rest_route=\/wp\/v2\/posts\/20026"}],"collection":[{"href":"https:\/\/akdenizolaygazetesi.com\/index.php?rest_route=\/wp\/v2\/posts"}],"about":[{"href":"https:\/\/akdenizolaygazetesi.com\/index.php?rest_route=\/wp\/v2\/types\/post"}],"author":[{"embeddable":true,"href":"https:\/\/akdenizolaygazetesi.com\/index.php?rest_route=\/wp\/v2\/users\/2"}],"replies":[{"embeddable":true,"href":"https:\/\/akdenizolaygazetesi.com\/index.php?rest_route=%2Fwp%2Fv2%2Fcomments&post=20026"}],"version-history":[{"count":1,"href":"https:\/\/akdenizolaygazetesi.com\/index.php?rest_route=\/wp\/v2\/posts\/20026\/revisions"}],"predecessor-version":[{"id":20028,"href":"https:\/\/akdenizolaygazetesi.com\/index.php?rest_route=\/wp\/v2\/posts\/20026\/revisions\/20028"}],"wp:featuredmedia":[{"embeddable":true,"href":"https:\/\/akdenizolaygazetesi.com\/index.php?rest_route=\/wp\/v2\/media\/20027"}],"wp:attachment":[{"href":"https:\/\/akdenizolaygazetesi.com\/index.php?rest_route=%2Fwp%2Fv2%2Fmedia&parent=20026"}],"wp:term":[{"taxonomy":"category","embeddable":true,"href":"https:\/\/akdenizolaygazetesi.com\/index.php?rest_route=%2Fwp%2Fv2%2Fcategories&post=20026"},{"taxonomy":"post_tag","embeddable":true,"href":"https:\/\/akdenizolaygazetesi.com\/index.php?rest_route=%2Fwp%2Fv2%2Ftags&post=20026"}],"curies":[{"name":"wp","href":"https:\/\/api.w.org\/{rel}","templated":true}]}}