{"id":20032,"date":"2022-07-27T12:39:27","date_gmt":"2022-07-27T09:39:27","guid":{"rendered":"http:\/\/akdenizolaygazetesi.com\/?p=20032"},"modified":"2022-07-27T12:39:53","modified_gmt":"2022-07-27T09:39:53","slug":"gultak-akdenizin-kurtulusu-kentsel-donusumle-mumkun","status":"publish","type":"post","link":"https:\/\/akdenizolaygazetesi.com\/?p=20032","title":{"rendered":"G\u00dcLTAK; \u201cAKDEN\u0130Z\u2019\u0130N KURTULU\u015eU KENTSEL D\u00d6N\u00dc\u015e\u00dcMLE M\u00dcMK\u00dcN\u201d"},"content":{"rendered":"\n<p>Siteler Mahallesi sakinleriyle bulu\u015fan Akdeniz Belediye Ba\u015fkan\u0131 M. Mustafa G\u00fcltak, il\u00e7ede acil ihtiya\u00e7 duyan 6-7 mahallede daha kentsel d\u00f6n\u00fc\u015f\u00fcm projelerini ger\u00e7ekle\u015ftirmek istediklerini belirterek; \u201cMersin ve Akdeniz\u2019in tek kurtulu\u015fu, vatanda\u015f\u0131m\u0131z\u0131 ma\u011fdur etmeden yerinde kentsel d\u00f6n\u00fc\u015f\u00fcm projelerini hayata ge\u00e7irmektir\u201d dedi.<br>Mahalle ve esnaf ziyaretlerini aral\u0131ks\u0131z s\u00fcrd\u00fcren Akdeniz Belediye Ba\u015fkan\u0131 M. Mustafa G\u00fcltak&#8217;\u0131n son dura\u011f\u0131 Siteler Mahallesi oldu. Ba\u015fkan yard\u0131mc\u0131lar\u0131, meclis \u00fcyeleri ve parti yetkililerinin de kat\u0131ld\u0131\u011f\u0131 bulu\u015fmada s\u00f6z alan Siteler Mahalle Muhtar\u0131 Nebi Akka\u011f\u0131t, ziyareti ve mahalleye kazand\u0131rd\u0131\u011f\u0131 hizmet ve \u00e7al\u0131\u015fmalar nedeniyle Ba\u015fkan G\u00fcltak ve belediye hizmet birimlerine te\u015fekk\u00fcr etti.<br>Bor\u00e7lanma talebi i\u00e7in destek<br>Akdeniz Belediye Ba\u015fkan\u0131 G\u00fcltak da mahalle sakinlerine hitab\u0131nda, mahalleye sunulan hizmetleri anlatt\u0131, kalanlar\u0131n da en k\u0131sa s\u00fcrede vatanda\u015flara sunulaca\u011f\u0131n\u0131 anlatt\u0131. Konu\u015fmas\u0131nda, Cumhur \u0130ttifak\u0131 olarak oybirli\u011fi ile Mersin B\u00fcy\u00fck\u015fehir Belediyesi\u2019ne 310 milyon TL bor\u00e7lanma yetkisi verdiklerini hat\u0131rlatan Ba\u015fkan G\u00fcltak; Akdeniz Belediyesi\u2019nin 28 Temmuz\u2019da yap\u0131lacak ola\u011fan\u00fcst\u00fc meclis toplant\u0131s\u0131nda bor\u00e7lanma talebini yeniden g\u00fcndeme getireceklerini belirtti. Meclis \u00fcyeleri ve muhtarlardan destek isteyen Ba\u015fkan G\u00fcltak, \u201c\u015eimdi bizler de talep etti\u011fimiz bu bor\u00e7lanma yetkisinin Meclisimizden oybirli\u011fi ile \u00e7\u0131kmas\u0131n\u0131 bekliyoruz. \u00c7\u00fcnk\u00fc Akdeniz&#8217;in, B\u00fcy\u00fck\u015fehir&#8217;e g\u00f6re \u00e7ok daha fazla ihtiyac\u0131 var. Merkez il\u00e7elerde ekonomik olarak en \u00e7ok s\u0131k\u0131nt\u0131 \u00e7eken belediyelerin ba\u015f\u0131nda geliyoruz\u201d dedi<br>\u201cGe\u00e7mi\u015fte korkmu\u015flar ama biz ba\u015fard\u0131k\u201d<br>Sitelerin de kentin en eski mahallelerinden biri oldu\u011funa dikkat \u00e7eken Ba\u015fkan G\u00fcltak, \u00c7ay ve Bar\u0131\u015f Mahallesi \u00f6rneklerini vererek, yerinde kentsel d\u00f6n\u00fc\u015f\u00fcm projelerinin \u00f6nemine de\u011findi. \u00d6zellikle projenin tamamland\u0131\u011f\u0131 \u00c7ay Mahallesi\u2019nde ya\u015fayan vatanda\u015flar\u0131n \u00e7ok avantajl\u0131 bir durumda oldu\u011funu belirten Ba\u015fkan G\u00fcltak, Bar\u0131\u015f Mahallesi\u2019nde de projenin h\u0131zla ilerledi\u011fini, 1 y\u0131la kalmaz bitece\u011fini ifade etti.<br>\u201cSadece bu 2 mahallemiz de\u011fil, Mersin ve Akdeniz il\u00e7emizin bir\u00e7ok mahallesi d\u00f6n\u00fc\u015f\u00fcme ihtiya\u00e7 duyuyor\u201d diyen Ba\u015fkan G\u00fcltak, s\u00f6zlerini \u015f\u00f6yle s\u00fcrd\u00fcrd\u00fc; \u201cHalk\u0131n ma\u011fdur olmamas\u0131 kayd\u0131yla, yerinde kentsel d\u00f6n\u00fc\u015f\u00fcm projeleriyle bu \u015fehir de\u011fi\u015fir. Yar\u0131n \u00c7ay Mahallesi sakinleri yeni, modern ve g\u00fcvenli konutlar\u0131na yerle\u015fecek, Bar\u0131\u015f Mahallesi de yakla\u015f\u0131k 1 sene sonra teslim edilecek. Yepyeni evler; tapu sorunu, park sorunu yok, \u00e7ocuklar\u0131n oyun alan\u0131 sorunu, kre\u015f, ibadethane sorunu yok.\u201d<br>\u201cBiz konu\u015fmuyoruz, i\u015f yap\u0131yoruz\u201d<br>\u201cMersin\u2019in kurtulu\u015fu, vatanda\u015f\u0131 da ma\u011fdur etmeyen kentsel d\u00f6n\u00fc\u015f\u00fcm projeleridir\u201d diyen Ba\u015fkan G\u00fcltak, \u201cSiteler ve di\u011fer mahallelerimizin her t\u00fcrl\u00fc sorununu \u00e7\u00f6zmek istiyorsak devletin de sa\u011flad\u0131\u011f\u0131 imk\u00e2nlar\u0131 kullanarak Mersin\u2019de kentsel d\u00f6n\u00fc\u015f\u00fcm projelerini hayata ge\u00e7irmek zorunday\u0131z. Bug\u00fcne kadar kimse yapmam\u0131\u015f, korkmu\u015f. Ba\u015fka bir form\u00fcl bulan da yok. Tabi vatanda\u015f\u0131 ikna edemezsen s\u0131k\u0131nt\u0131 ya\u015fars\u0131n ama biz ba\u015fard\u0131k. Gelecek se\u00e7imde Akdeniz\u2019de yeniden se\u00e7ilip g\u00f6reve gelmemiz halinde, bu kez 2 de\u011fil, alt ve \u00fcstyap\u0131s\u0131 sorunlu, park\u0131, ye\u015fil alan\u0131 olmayan 6-7 mahallemizde birden kentsel d\u00f6n\u00fc\u015f\u00fcm projelerini ba\u015flataca\u011f\u0131z. Bu konuda h\u00fck\u00fcmetimizin de deste\u011fini al\u0131yoruz. Ba\u015fkalar\u0131 konu\u015fuyor ama biz i\u015f yap\u0131yoruz. Bitirdi\u011fimiz projeleri de ortaya koyduk\u201d ifadelerini kulland\u0131.<br>\u201cAkdeniz art\u0131k kavga ile de\u011fil festivallerle an\u0131l\u0131yor\u201d<br>Hafta sonu Esenli Mahallesinde, belediyenin ilk kez d\u00fczenledi\u011fi Esenli \u00dcz\u00fcm \u015eenli\u011fi\u2019ne de de\u011finen Ba\u015fkan G\u00fcltak, \u015fenli\u011fin; kendisinin de bekledi\u011finin \u00e7ok \u00fczerinde bir kat\u0131l\u0131m ve ilgi g\u00f6rd\u00fc\u011f\u00fcn\u00fcn alt\u0131n\u0131 \u00e7izerek; \u201cA\u00e7\u0131k\u00e7as\u0131 \u015fa\u015f\u0131rmad\u0131m de\u011fil ama demek ki bunlar laz\u0131m. Bug\u00fcn Google\u2019ye festival yazd\u0131\u011f\u0131n\u0131zda kar\u015f\u0131n\u0131za Karaduvar \u00e7\u0131k\u0131yor. \u00c7\u00fcnk\u00fc Akdeniz, art\u0131k kavga ve uyu\u015fturucu ile an\u0131lm\u0131yor. Festivaller, \u015fenlikler, bar\u0131\u015f ve karde\u015flikle an\u0131l\u0131yor. Bunlar da kolay olmuyor, \u00e7al\u0131\u015farak oluyor\u201d diye konu\u015ftu.<br>Akdeniz Belediye Ba\u015fkan\u0131 Mustafa G\u00fcltak, konu\u015fmas\u0131ndan sonra s\u00f6z alan Siteler Mahallesi sakinlerini de tek tek dinledi, dile getirdikleri taleplerini not edip, en k\u0131sa s\u00fcrede \u00e7\u00f6z\u00fcm\u00fc i\u00e7in ilgili birim m\u00fcd\u00fcrlerine talimat verdi. Ba\u015fkan G\u00fcltak, ard\u0131ndan da mahallede esnaf ziyareti ger\u00e7ekle\u015ftirdi.<\/p>\n","protected":false},"excerpt":{"rendered":"<p>Siteler Mahallesi sakinleriyle bulu\u015fan Akdeniz Belediye Ba\u015fkan\u0131 M. Mustafa G\u00fcltak, il\u00e7ede acil ihtiya\u00e7 duyan 6-7 mahallede daha kentsel d\u00f6n\u00fc\u015f\u00fcm projelerini ger\u00e7ekle\u015ftirmek istediklerini belirterek; \u201cMersin ve Akdeniz\u2019in tek kurtulu\u015fu, vatanda\u015f\u0131m\u0131z\u0131 ma\u011fdur &hellip; <a href=\"https:\/\/akdenizolaygazetesi.com\/?p=20032\" class=\"more-link\">Devam\u0131n\u0131 Oku&#8230;<\/a><\/p>\n","protected":false},"author":2,"featured_media":20033,"comment_status":"open","ping_status":"open","sticky":false,"template":"","format":"standard","meta":[],"categories":[8,1,2,3,5],"tags":[],"_links":{"self":[{"href":"https:\/\/akdenizolaygazetesi.com\/index.php?rest_route=\/wp\/v2\/posts\/20032"}],"collection":[{"href":"https:\/\/akdenizolaygazetesi.com\/index.php?rest_route=\/wp\/v2\/posts"}],"about":[{"href":"https:\/\/akdenizolaygazetesi.com\/index.php?rest_route=\/wp\/v2\/types\/post"}],"author":[{"embeddable":true,"href":"https:\/\/akdenizolaygazetesi.com\/index.php?rest_route=\/wp\/v2\/users\/2"}],"replies":[{"embeddable":true,"href":"https:\/\/akdenizolaygazetesi.com\/index.php?rest_route=%2Fwp%2Fv2%2Fcomments&post=20032"}],"version-history":[{"count":1,"href":"https:\/\/akdenizolaygazetesi.com\/index.php?rest_route=\/wp\/v2\/posts\/20032\/revisions"}],"predecessor-version":[{"id":20034,"href":"https:\/\/akdenizolaygazetesi.com\/index.php?rest_route=\/wp\/v2\/posts\/20032\/revisions\/20034"}],"wp:featuredmedia":[{"embeddable":true,"href":"https:\/\/akdenizolaygazetesi.com\/index.php?rest_route=\/wp\/v2\/media\/20033"}],"wp:attachment":[{"href":"https:\/\/akdenizolaygazetesi.com\/index.php?rest_route=%2Fwp%2Fv2%2Fmedia&parent=20032"}],"wp:term":[{"taxonomy":"category","embeddable":true,"href":"https:\/\/akdenizolaygazetesi.com\/index.php?rest_route=%2Fwp%2Fv2%2Fcategories&post=20032"},{"taxonomy":"post_tag","embeddable":true,"href":"https:\/\/akdenizolaygazetesi.com\/index.php?rest_route=%2Fwp%2Fv2%2Ftags&post=20032"}],"curies":[{"name":"wp","href":"https:\/\/api.w.org\/{rel}","templated":true}]}}