{"id":20039,"date":"2022-07-28T12:33:41","date_gmt":"2022-07-28T09:33:41","guid":{"rendered":"http:\/\/akdenizolaygazetesi.com\/?p=20039"},"modified":"2022-07-28T12:33:41","modified_gmt":"2022-07-28T09:33:41","slug":"okul-bahceleri-bakimdan-geciyor","status":"publish","type":"post","link":"https:\/\/akdenizolaygazetesi.com\/?p=20039","title":{"rendered":"&#8220;Okul Bah\u00e7eleri Bak\u0131mdan Ge\u00e7iyor&#8221;"},"content":{"rendered":"<p>Toroslar Belediyesi, 2022-2023 e\u011fitim \u00f6\u011fretim sezonu \u00f6ncesi il\u00e7ede bulunan e\u011fitim kurumlar\u0131n\u0131n \u00e7evre d\u00fczenlemesini yap\u0131yor.<\/p>\n<p>Belediye Park ve Bah\u00e7eler M\u00fcd\u00fcrl\u00fc\u011f\u00fc ekipleri taraf\u0131ndan okul bah\u00e7elerinde otlar\u0131n temizlenmesi, \u00e7imlerin bi\u00e7ilmesi, budama ve a\u011fa\u00e7lar\u0131n bak\u0131m\u0131 yap\u0131l\u0131yor. Kuruyan ve tehlike arz eden a\u011fa\u00e7lar\u0131n budama \u00e7al\u0131\u015fmalar\u0131 ile okul bah\u00e7eleri daha estetik bir g\u00f6r\u00fcn\u00fcme kavu\u015fuyor.<\/p>\n<p>&#8220;Budanan A\u011fa\u00e7 Dallar\u0131, Park ve Ye\u015fil Alanlarda Yeniden Kullan\u0131l\u0131yor&#8221;<\/p>\n<p>A\u011fa\u00e7lar\u0131n sa\u011fl\u0131kl\u0131 b\u00fcy\u00fcmesi, hastal\u0131klara kar\u015f\u0131 direncinin artt\u0131r\u0131lmas\u0131n\u0131n da ama\u00e7land\u0131\u011f\u0131 budama \u00e7al\u0131\u015fmalar\u0131 sonucunda ortaya \u00e7\u0131kan a\u011fa\u00e7 dallar\u0131 ve yapraklar gibi organik at\u0131klar da Toroslar Belediyesinin Kompost G\u00fcbre Yap\u0131m \u00dcnitesi&#8217;nde kompost g\u00fcbreye d\u00f6n\u00fc\u015ft\u00fcr\u00fcl\u00fcyor.<\/p>\n<p>Komposta d\u00f6n\u00fc\u015fen g\u00fcbre, il\u00e7e genelindeki park, bah\u00e7e ve ye\u015fil alanlarda kullan\u0131l\u0131yor. B\u00f6ylece, topra\u011f\u0131n organik maddelerce iyile\u015ftirilmesinin ve daha verimli hale getirilmesinin yan\u0131 s\u0131ra do\u011faya ve \u00fclke ekonomisine de katk\u0131 sa\u011flan\u0131yor.<\/p>\n<p>Ba\u015fkan Y\u0131lmaz; &#8220;E\u011fitim \u00d6nceli\u011fimiz&#8221;<\/p>\n<p>Toroslar Belediye Ba\u015fkan\u0131 Ats\u0131z Af\u015f\u0131n Y\u0131lmaz, il\u00e7edeki okullarda e\u011fitim kalitesinin artmas\u0131na, \u00f6\u011frencilerin daha sa\u011fl\u0131kl\u0131 ve g\u00fcvenli ortamlarda e\u011fitim almalar\u0131na \u00f6nem verdiklerini s\u00f6yledi.<\/p>\n<p>&#8220;Toroslar Belediyesi olarak bir\u00e7ok alanda projelerimizi ger\u00e7ekle\u015ftirirken e\u011fitime olan deste\u011fimizi de aral\u0131ks\u0131z s\u00fcrd\u00fcr\u00fcyoruz&#8221; diyen Ba\u015fkan Y\u0131lmaz; &#8220;E\u011fitim \u00f6nceli\u011fimiz. Yeni e\u011fitim \u00f6\u011fretim sezonu \u00f6ncesi ihtiya\u00e7 duyulan okullar\u0131m\u0131z\u0131n bah\u00e7elerinde bak\u0131m \u00e7al\u0131\u015fmas\u0131 yaparak \u00f6\u011frencilerimizin daha sa\u011fl\u0131kl\u0131 ve d\u00fczenli ortamlarda e\u011fitim almaya ba\u015flamalar\u0131n\u0131 istiyoruz. Gelece\u011fimizin teminat\u0131 \u00e7ocuklar\u0131m\u0131z\u0131n ve gen\u00e7lerimizin, daha iyi ko\u015fullarda e\u011fitim hayatlar\u0131n\u0131 s\u00fcrd\u00fcrmeleri i\u00e7in \u00fczerimize d\u00fc\u015fen sorumlulu\u011fun fark\u0131nday\u0131z. E\u011fitim ve \u00f6\u011fretime olan desteklerimiz artarak devam edecek&#8221; ifadelerini kulland\u0131.<\/p>\n","protected":false},"excerpt":{"rendered":"<p>Toroslar Belediyesi, 2022-2023 e\u011fitim \u00f6\u011fretim sezonu \u00f6ncesi il\u00e7ede bulunan e\u011fitim kurumlar\u0131n\u0131n \u00e7evre d\u00fczenlemesini yap\u0131yor. Belediye Park ve Bah\u00e7eler M\u00fcd\u00fcrl\u00fc\u011f\u00fc ekipleri taraf\u0131ndan okul bah\u00e7elerinde otlar\u0131n temizlenmesi, \u00e7imlerin bi\u00e7ilmesi, budama ve a\u011fa\u00e7lar\u0131n &hellip; <a href=\"https:\/\/akdenizolaygazetesi.com\/?p=20039\" class=\"more-link\">Devam\u0131n\u0131 Oku&#8230;<\/a><\/p>\n","protected":false},"author":2,"featured_media":20040,"comment_status":"open","ping_status":"open","sticky":false,"template":"","format":"standard","meta":[],"categories":[2,3,5],"tags":[],"_links":{"self":[{"href":"https:\/\/akdenizolaygazetesi.com\/index.php?rest_route=\/wp\/v2\/posts\/20039"}],"collection":[{"href":"https:\/\/akdenizolaygazetesi.com\/index.php?rest_route=\/wp\/v2\/posts"}],"about":[{"href":"https:\/\/akdenizolaygazetesi.com\/index.php?rest_route=\/wp\/v2\/types\/post"}],"author":[{"embeddable":true,"href":"https:\/\/akdenizolaygazetesi.com\/index.php?rest_route=\/wp\/v2\/users\/2"}],"replies":[{"embeddable":true,"href":"https:\/\/akdenizolaygazetesi.com\/index.php?rest_route=%2Fwp%2Fv2%2Fcomments&post=20039"}],"version-history":[{"count":1,"href":"https:\/\/akdenizolaygazetesi.com\/index.php?rest_route=\/wp\/v2\/posts\/20039\/revisions"}],"predecessor-version":[{"id":20041,"href":"https:\/\/akdenizolaygazetesi.com\/index.php?rest_route=\/wp\/v2\/posts\/20039\/revisions\/20041"}],"wp:featuredmedia":[{"embeddable":true,"href":"https:\/\/akdenizolaygazetesi.com\/index.php?rest_route=\/wp\/v2\/media\/20040"}],"wp:attachment":[{"href":"https:\/\/akdenizolaygazetesi.com\/index.php?rest_route=%2Fwp%2Fv2%2Fmedia&parent=20039"}],"wp:term":[{"taxonomy":"category","embeddable":true,"href":"https:\/\/akdenizolaygazetesi.com\/index.php?rest_route=%2Fwp%2Fv2%2Fcategories&post=20039"},{"taxonomy":"post_tag","embeddable":true,"href":"https:\/\/akdenizolaygazetesi.com\/index.php?rest_route=%2Fwp%2Fv2%2Ftags&post=20039"}],"curies":[{"name":"wp","href":"https:\/\/api.w.org\/{rel}","templated":true}]}}