{"id":20042,"date":"2022-07-28T12:36:00","date_gmt":"2022-07-28T09:36:00","guid":{"rendered":"http:\/\/akdenizolaygazetesi.com\/?p=20042"},"modified":"2022-07-28T12:36:00","modified_gmt":"2022-07-28T09:36:00","slug":"sirada-balik-ve-gul-festivalleri-var","status":"publish","type":"post","link":"https:\/\/akdenizolaygazetesi.com\/?p=20042","title":{"rendered":"\u201cS\u0131rada bal\u0131k ve g\u00fcl festivalleri var\u201d"},"content":{"rendered":"<p>Esenli Mahallesi Muhtar\u0131 Feyyaz G\u00f6rg\u00fcl\u00fc ve b\u00f6lgenin \u00fcz\u00fcm \u00fcreticileri, Akdeniz Belediyesi taraf\u0131ndan 40 y\u0131l sonra yeniden canlanan, yerel ve ulusal \u00f6l\u00e7ekte ses getiren \u2018Esenli \u00dcz\u00fcm \u015eenli\u011fi\u2019 i\u00e7in te\u015fekk\u00fcr etmek amac\u0131yla Ba\u015fkan G\u00fcltak\u2019\u0131 ziyaret etti.<br \/>\nBulu\u015fmada ilk s\u00f6z alan Esenli Mahallesi Muhtar\u0131 Feyyaz G\u00f6rg\u00fcl\u00fc, Esenli \u00dcz\u00fcm \u015eenli\u011fi\u2019nin yerel ve ulusal anlamda b\u00fcy\u00fck bir ilgi \u00e7ekti\u011fini ifade etti. \u015eenli\u011fi ilerleyen y\u0131llarda da tekrar yapmak istediklerini ve bu anlamda Ba\u015fkan G\u00fcltak\u2019tan yeniden destek beklediklerini kaydeden G\u00f6rg\u00fcl\u00fc, \u201cHafta sonu k\u00f6y\u00fcm\u00fczde \u00e7ok g\u00fczel bir \u015fenlik ya\u015fad\u0131k. Herkes \u00e7ok memnun kald\u0131. Sosyal medya aya\u011fa kalkt\u0131. \u0130stanbul\u2019da ya\u015fayan k\u00f6yl\u00fclerimiz bile hayretler i\u00e7inde kald\u0131 ve de hayran oldular. Yerel ve ulusal televizyon kanallar\u0131nda k\u00f6y\u00fcm\u00fcz\u00fc g\u00f6rd\u00fck izledik deyip \u015fenlikten duyduklar\u0131 mutlulu\u011fu bizimle payla\u015ft\u0131lar. \u015eenli\u011fimize d\u0131\u015far\u0131dan gelen konuklar\u0131m\u0131z da \u00e7ok olumlu g\u00f6r\u00fc\u015flerini ifade ettiler. Esenli olarak \u00e7ok mutlu olduk. Bu nedenle Say\u0131n Ba\u015fkan\u0131m, sizlere ve \u015fenli\u011fin organize edilmesinde emek veren t\u00fcm ekibinize ben de mahallem ad\u0131na te\u015fekk\u00fcr ediyorum, eme\u011finize, y\u00fcre\u011finize sa\u011fl\u0131k diyorum. Allah sizden ve ekibinizden raz\u0131 olsun\u201d diye konu\u015ftu.<br \/>\n\u201cS\u0131rada bal\u0131k ve g\u00fcl festivalleri var\u201d<br \/>\nZiyaretleri nedeniyle konuklar\u0131na te\u015fekk\u00fcr eden Akdeniz Belediye Ba\u015fkan\u0131 Mustafa G\u00fcltak ise, Esenli \u00fcz\u00fcm \u015fenli\u011finin, beklentilerin \u00fczerinde b\u00fcy\u00fck bir ilgiyle ger\u00e7ekle\u015fmesinden duydu\u011fu memnuniyeti dile getirdi. Nisan ay\u0131 i\u00e7erisinde de Bekirde-Dikilita\u015f-Civanyayla\u011f\u0131 b\u00f6lgesinde kesme g\u00fcl festivalini ger\u00e7ekle\u015ftireceklerini belirten Ba\u015fkan G\u00fcltak, \u201cB\u00f6lgemizde 3 tane kritik yer var. Birisi Esenli; 13 bin d\u00f6n\u00fcm arazide \u00fcz\u00fcm \u00fcretiliyor. \u0130kincisi Dikilita\u015f-Civanyayla\u011f\u0131-Bekirde\u2026 Bu b\u00f6lgede de kesme g\u00fcl \u00fcretiminde T\u00fcrkiye ikincisiyiz. Di\u011feri Karaduvar&#8230; Karaduvar\u2019da sistem oturdu, bu y\u0131l 3\u2019\u00fcnc\u00fc bal\u0131k festivalini yapaca\u011f\u0131z\u201d dedi.<br \/>\n\u201cA\u015f\u0131 tuttu, devam\u0131 gelecek\u201d<br \/>\nS\u00f6zlerini; \u201cArt\u0131k bu a\u015f\u0131 tuttu\u201d diyerek s\u00fcrd\u00fcren Ba\u015fkan G\u00fcltak, \u201cBal\u0131k festivali,  \u00fcz\u00fcm festivali ve g\u00fcl festivali\u2026 Y\u0131llar i\u00e7inde bu festivallerimiz devam edecek. Peki, bunlar\u0131n ne faydas\u0131 var? \u0130ki faydas\u0131 var. Birincisi, Mersin ve Akdeniz\u2019i, T\u00fcrkiye\u2019ye ve hatta T\u00fcrkiye d\u0131\u015f\u0131na tan\u0131t\u0131yoruz. \u0130nsanlar merak edip geliyor. \u0130kincisi de \u00f6zellikle \u00fcz\u00fcm ve ard\u0131ndan yapaca\u011f\u0131m\u0131z g\u00fcl festivalimiz sayesinde T\u00fcrkiye\u2019nin dikkatini buraya \u00e7ektik. Yeni ve daha \u00e7ok ihracat\u00e7\u0131 b\u00f6lgeye gelecek, rekabet olu\u015facak. Bu rekabetten de \u00e7ift\u00e7ilerimiz faydalanacak, \u00fcr\u00fcnlerini daha iyi rakamlara satacaklar diye d\u00fc\u015f\u00fcn\u00fcyorum. Nitekim bunu Karaduvar bal\u0131k festivalinde g\u00f6rd\u00fck. B\u00f6lgenin bal\u0131k sat\u0131\u015flar\u0131 artt\u0131, esnaf\u0131n da ticari manada kazan\u00e7lar\u0131n\u0131n y\u00fckseldi\u011fini g\u00f6rd\u00fck. Kimse merak etmesin; \u00fcz\u00fcm \u015fenli\u011fi de art\u0131k marka de\u011feri olan bir \u015fenlik haline geldi ve bundan sonra da devam edecek\u201d \u015feklinde konu\u015ftu.<br \/>\nZiyarete kat\u0131lan Esenlili \u00fcz\u00fcm \u00fcreticileri de \u015fenlikten duyduklar\u0131 memnuniyeti dile getirerek, Ba\u015fkan Mustafa G\u00fcltak ve ekibine te\u015fekk\u00fcr ettiler, b\u00fcy\u00fck ses getiren etkinli\u011fin devam etmesini talep ettiler. <\/p>\n","protected":false},"excerpt":{"rendered":"<p>Esenli Mahallesi Muhtar\u0131 Feyyaz G\u00f6rg\u00fcl\u00fc ve b\u00f6lgenin \u00fcz\u00fcm \u00fcreticileri, Akdeniz Belediyesi taraf\u0131ndan 40 y\u0131l sonra yeniden canlanan, yerel ve ulusal \u00f6l\u00e7ekte ses getiren \u2018Esenli \u00dcz\u00fcm \u015eenli\u011fi\u2019 i\u00e7in te\u015fekk\u00fcr etmek amac\u0131yla &hellip; <a href=\"https:\/\/akdenizolaygazetesi.com\/?p=20042\" class=\"more-link\">Devam\u0131n\u0131 Oku&#8230;<\/a><\/p>\n","protected":false},"author":2,"featured_media":20043,"comment_status":"open","ping_status":"open","sticky":false,"template":"","format":"standard","meta":[],"categories":[1,2,3,5],"tags":[],"_links":{"self":[{"href":"https:\/\/akdenizolaygazetesi.com\/index.php?rest_route=\/wp\/v2\/posts\/20042"}],"collection":[{"href":"https:\/\/akdenizolaygazetesi.com\/index.php?rest_route=\/wp\/v2\/posts"}],"about":[{"href":"https:\/\/akdenizolaygazetesi.com\/index.php?rest_route=\/wp\/v2\/types\/post"}],"author":[{"embeddable":true,"href":"https:\/\/akdenizolaygazetesi.com\/index.php?rest_route=\/wp\/v2\/users\/2"}],"replies":[{"embeddable":true,"href":"https:\/\/akdenizolaygazetesi.com\/index.php?rest_route=%2Fwp%2Fv2%2Fcomments&post=20042"}],"version-history":[{"count":1,"href":"https:\/\/akdenizolaygazetesi.com\/index.php?rest_route=\/wp\/v2\/posts\/20042\/revisions"}],"predecessor-version":[{"id":20044,"href":"https:\/\/akdenizolaygazetesi.com\/index.php?rest_route=\/wp\/v2\/posts\/20042\/revisions\/20044"}],"wp:featuredmedia":[{"embeddable":true,"href":"https:\/\/akdenizolaygazetesi.com\/index.php?rest_route=\/wp\/v2\/media\/20043"}],"wp:attachment":[{"href":"https:\/\/akdenizolaygazetesi.com\/index.php?rest_route=%2Fwp%2Fv2%2Fmedia&parent=20042"}],"wp:term":[{"taxonomy":"category","embeddable":true,"href":"https:\/\/akdenizolaygazetesi.com\/index.php?rest_route=%2Fwp%2Fv2%2Fcategories&post=20042"},{"taxonomy":"post_tag","embeddable":true,"href":"https:\/\/akdenizolaygazetesi.com\/index.php?rest_route=%2Fwp%2Fv2%2Ftags&post=20042"}],"curies":[{"name":"wp","href":"https:\/\/api.w.org\/{rel}","templated":true}]}}