{"id":20048,"date":"2022-07-28T12:39:02","date_gmt":"2022-07-28T09:39:02","guid":{"rendered":"http:\/\/akdenizolaygazetesi.com\/?p=20048"},"modified":"2022-07-28T12:39:02","modified_gmt":"2022-07-28T09:39:02","slug":"secer-ogrencilerimize-sadece-ders-vermiyoruz-evladimiz-gibi-de-ilgileniyoruz","status":"publish","type":"post","link":"https:\/\/akdenizolaygazetesi.com\/?p=20048","title":{"rendered":"SE\u00c7ER: &#8220;\u00d6\u011eRENC\u0130LER\u0130M\u0130ZE SADECE DERS VERM\u0130YORUZ, EVLADIMIZ G\u0130B\u0130 DE \u0130LG\u0130LEN\u0130YORUZ&#8221;"},"content":{"rendered":"<p>Mersin B\u00fcy\u00fck\u015fehir Belediye Ba\u015fkan\u0131 Vahap Se\u00e7er, B\u00fcy\u00fck\u015fehir Belediyesi&#8217;nin uzman e\u011fitimci kadrosuyla \u00fccretsiz olarak \u00f6\u011frencilere YKS tercih dan\u0131\u015fmanl\u0131\u011f\u0131 deste\u011fi sundu\u011fu Kongre ve Sergi Saray\u0131&#8217;n\u0131 ziyaret etti. Dan\u0131\u015fmanl\u0131\u011fa ba\u015fvuran \u00f6\u011frencilerle bir araya gelen Ba\u015fkan Se\u00e7er, gen\u00e7lerle tek tek sohbet etti. \u00d6\u011frenciler, Mersin&#8217;de e\u011fitimde f\u0131rsat e\u015fitli\u011fi sa\u011flayan hizmetlerden dolay\u0131 Ba\u015fkan Se\u00e7er&#8217;e te\u015fekk\u00fcr etti.<br \/>\nBa\u015fkan Se\u00e7er&#8217;in ziyareti esnas\u0131nda, merkezdeki \u00f6\u011frenciler aras\u0131nda, B\u00fcy\u00fck\u015fehir Belediyesi&#8217;nin E\u011fitim ve \u00d6\u011fretimi Destekleme Kurs Merkezlerinde \u00f6\u011frenim deste\u011fi g\u00f6ren ve T\u00fcrkiye&#8217;de ilk 70&#8217;e giren Ozan Ar\u0131kan ile 110 bininci s\u0131raya yerle\u015fen y\u00fczde 90 g\u00f6rme engelli Ekin Ayd\u0131n da yer ald\u0131.<br \/>\n&#8220;E\u011fitim, bir belediyenin yapaca\u011f\u0131 yoldan da binadan da \u00f6nemli&#8221;<br \/>\nE\u011fitime verdikleri \u00f6neme dair a\u00e7\u0131klama yapan Ba\u015fkan Se\u00e7er, e\u011fitim alan\u0131nda de\u011ferli hizmetleri hayata ge\u00e7irdiklerini belirtti. Se\u00e7er, &#8220;Ba\u015fta Mersinimize, ama genel anlamda \u00fclkemize ve insanl\u0131\u011fa katk\u0131 i\u00e7in, e\u011fitime destek veriyoruz. \u00c7\u00fcnk\u00fc e\u011fitim, bir belediyenin yapaca\u011f\u0131 yoldan da binadan da \u00f6nemli. E\u011fitim olmazsa, arzu etti\u011fimiz nitelikli bir kenti yaratamay\u0131z, i\u00e7i bo\u015f kal\u0131r. Toplumda e\u011fitim seviyesini y\u00fckseltmek, \u00fclke olarak e\u011fitimli insanlar\u0131n say\u0131s\u0131n\u0131 \u00e7o\u011falt\u0131p; iyi yeti\u015fmi\u015f, alan\u0131nda \u00e7ok kaliteli, de\u011ferli bireyleri yeti\u015ftirip, d\u00fcnyayla rekabet etmemiz laz\u0131m. Onun i\u00e7in e\u011fitim \u00f6nemli&#8221; dedi.<br \/>\nE\u011fitim konusunda belediye olarak \u00fczerlerine d\u00fc\u015fen g\u00f6revi yerine getirmeye gayret ettiklerini s\u00f6yleyen Ba\u015fkan Se\u00e7er, &#8220;Hizmetlerimizden bir tanesi de hem \u00fcniversiteye, hem de liselere ge\u00e7i\u015f s\u0131navlar\u0131na \u00fccretsiz haz\u0131rl\u0131k kursu veren merkezlerimiz. Yakla\u015f\u0131k olarak 6 bin 500 civar\u0131nda bir \u00f6\u011frenciye hitap ediyoruz. \u00dcniversite s\u0131nav sonu\u00e7lar\u0131 a\u00e7\u0131kland\u0131. \u015eu anda yerle\u015ftirme i\u015flemleri ba\u015fl\u0131yor. Burada da MERC\u0130 dan\u0131\u015fmanl\u0131k merkezimizin \u00e7ok de\u011ferli uzmanlar\u0131, tercihler konusunda dan\u0131\u015fmanl\u0131k hizmeti veriyorlar. \u00d6\u011frencilerimizle g\u00f6r\u00fc\u015f\u00fcyorlar. Zaten biz sadece pozitif bilim konusunda \u00f6\u011fretim yapm\u0131yoruz. 1 y\u0131l boyunca matematik, fizik ya da sosyal bilimlerle ilgili alanlarda ders verdi\u011fimiz gibi, \u00e7ocuklarla evlad\u0131m\u0131z gibi de ilgileniyoruz. Onlar\u0131n psikolojik durumundan evdeki sorunlar\u0131na kadar, her \u015feyiyle ilgilenen bir kurumuz&#8221; diye konu\u015ftu.<br \/>\n&#8220;Kurs Merkezi \u00f6\u011frencilerimiz \u00f6nemli ba\u015far\u0131lara imza att\u0131lar&#8221;<br \/>\nDan\u0131\u015fmanl\u0131k hizmetinin sunuldu\u011fu merkez hakk\u0131nda konu\u015fan Ba\u015fkan Se\u00e7er, &#8220;T\u00fcrkiye&#8217;nin her taraf\u0131ndan vak\u0131f \u00fcniversiteleri, devlet \u00fcniversiteleri burada \u00f6\u011frencilerle bulu\u015fabiliyor. \u00d6\u011frencilerimize \u00fcniversitelerini anlatabiliyor; konumu, durumu, fiziki \u015fartlar\u0131 hakk\u0131nda bilgi veriyorlar. Bu y\u0131l e\u011fitim kurumlar\u0131m\u0131zdan kurs g\u00f6ren \u00f6\u011frencilerimizin \u00f6nemli ba\u015far\u0131lar\u0131 oldu. \u0130lk bine 3 \u00f6\u011frencimiz girdi. \u015eimdi bir \u00f6\u011frencimizle sohbet ettim. T\u00fcrkiye 70&#8217;incisi olmu\u015f. Gayet y\u00fcksek bir ba\u015far\u0131 elde etmi\u015f. Yine ilk 50 bine 151 \u00f6\u011frencimiz, ilk 10 bine 34 \u00f6\u011frencimiz, ilk 20 bine 64 \u00f6\u011frencimiz, ilk 5 bine 17 \u00f6\u011frencimiz girdi. Bunlar de\u011ferli, \u00f6nemli ba\u015far\u0131lar bizim i\u00e7in. 4 bin 300 civar\u0131nda \u00f6\u011frencimiz vard\u0131, hepsi ba\u015far\u0131l\u0131. Peki neden ba\u015far\u0131l\u0131? Kurs merkezlerimizdeki uzman personelimiz, performans\u0131n\u0131 d\u00fc\u015f\u00fck g\u00f6rd\u00fc\u011f\u00fc \u00f6\u011frencilerle daha fazla ilgilendi. E\u011fitim \u00f6\u011fretimin ba\u015flad\u0131\u011f\u0131 ilk g\u00fcnden son g\u00fcne kadar takip edildikleri i\u00e7in, onlar\u0131n performans d\u00fc\u015f\u00fckl\u00fcklerine pek f\u0131rsat verilmedi. Her y\u0131l ba\u015far\u0131lar\u0131m\u0131z\u0131n daha da artaca\u011f\u0131n\u0131 s\u00f6yleyebilirim&#8221; ifadelerini kulland\u0131.<br \/>\n&#8220;Okul y\u0131llar\u0131na g\u00f6re e\u011fitim yard\u0131mlar\u0131nda farkl\u0131l\u0131k olacak&#8221;<br \/>\nB\u00fcy\u00fck\u015fehir Belediyesi&#8217;nin e\u011fitim yard\u0131mlar\u0131n\u0131n \u00f6nemli oldu\u011funu dile getiren Ba\u015fkan Se\u00e7er, &#8220;G\u00fcn\u00fcm\u00fczde hayat pahal\u0131l\u0131\u011f\u0131 var ve velileri \u00e7ok zorluyor. Bir \u00e7ocu\u011fun, ba\u015fka bir kente \u00fcniversite okumaya gitmesi, aile i\u00e7in muazzam bir ekonomik y\u00fck getiriyor. Bizim de hem buradaki ko\u015fullar\u0131 d\u00fczeltmek, hem de d\u0131\u015far\u0131ya giden \u00f6\u011frencilerimize katk\u0131 sunmak i\u00e7in baz\u0131 \u00e7al\u0131\u015fmalar\u0131m\u0131z var. Ge\u00e7ti\u011fimiz y\u0131llarda da vard\u0131, bu y\u0131l da devam edecek. Hem \u00f6n lisans e\u011fitimi, hem de 4 y\u0131ll\u0131k, 5 y\u0131ll\u0131k, 6 y\u0131ll\u0131k lisans e\u011fitimi alacak \u00f6\u011frencilerimiz i\u00e7in e\u011fitim yard\u0131mlar\u0131m\u0131z devam edecek. Yaln\u0131z bu y\u0131l farkl\u0131 bir uygulama yap\u0131yoruz. Okul y\u0131llar\u0131na g\u00f6re, e\u011fitim yard\u0131mlar\u0131nda da farkl\u0131l\u0131k olacak. \u00d6rne\u011fin e\u011fitim s\u00fcresi 6 y\u0131l olan \u00f6\u011frenciler en y\u00fcksek e\u011fitim yard\u0131m\u0131n\u0131 al\u0131rken,  5 y\u0131ll\u0131klar biraz daha az, 4 y\u0131ll\u0131klar ondan daha az ve 2 y\u0131ll\u0131klar en az miktar\u0131 alacak. Bu \u015fekilde bir \u00e7al\u0131\u015fmam\u0131z var ve Meclis&#8217;e sunaca\u011f\u0131z. Gelecek e\u011fitim \u00f6\u011fretim d\u00f6neminde bu uygulamaya ge\u00e7meyi planl\u0131yoruz&#8221; diye konu\u015ftu.<br \/>\n&#8220;Mersin&#8217;i, gen\u00e7lerimizin hayat\u0131n\u0131 daha da kolayla\u015ft\u0131ran bir kent haline getiriyoruz&#8221;<br \/>\nMersin&#8217;in bir \u00fcniversite kenti olma y\u00f6n\u00fcnde \u00e7ok \u00f6nemli ad\u0131mlar att\u0131\u011f\u0131n\u0131 ve bar\u0131nd\u0131rd\u0131\u011f\u0131 potansiyel ile gen\u00e7lerin tercih etti\u011fi \u015fehirlerin ba\u015f\u0131nda geldi\u011fini kaydeden Ba\u015fkan Se\u00e7er, &#8220;2&#8217;si devlet, 2&#8217;si \u00f6zel olmak \u00fczere 4 \u00fcniversitemiz var ve bu kent 50 binin \u00fczerinde \u00fcniversite \u00f6\u011frencisini a\u011f\u0131rl\u0131yor. Belediye olarak \u015fehri \u00f6\u011frencilerimize g\u00f6re, onlara hitap eden ko\u015fullara g\u00f6re haz\u0131rlama gayretimiz var. T\u00fcrkiye&#8217;nin en ucuz toplu ta\u015f\u0131ma \u00fccreti 1 TL ile \u015fu anda bizde. Tarsus ve Mersin \u00fcniversitelerimizin kap\u0131s\u0131nda 3,5 TL&#8217;ye 3 \u00e7e\u015fit yemek veriliyor. Bu uygulama gelecek y\u0131llarda da devam edecek. Yine \u00c7ama\u015f\u0131r Kafelerimiz devam edecek. Okuma salonlar\u0131m\u0131z\u0131 m\u00fcmk\u00fcn oldu\u011funca \u00e7o\u011faltaca\u011f\u0131z. \u015eu anda Hal Mahallesi&#8217;nde yapt\u0131\u011f\u0131m\u0131z \u00e7ok g\u00fczel bir okuma salonumuz daha oldu. Yine bulundu\u011fumuz Atat\u00fcrk Park\u0131&#8217;nda, K\u00fclt\u00fcr Park Marina civar\u0131nda \u00e7ok g\u00fczel okuma salonlar\u0131m\u0131z var. K\u00fclt\u00fcr Park&#8217;ta Mezitli s\u0131n\u0131rlar\u0131 i\u00e7erisinde olan yer ise muazzam bir konsepte olacak. Dijital bir k\u00fct\u00fcphane, \u00f6\u011frencilerimize 24 saat hizmet verecek. Bunun gibi \u00f6\u011frencilerimizin hayatlar\u0131n\u0131 kolayla\u015ft\u0131racak, daha kaliteli hale getirecek \u00e7al\u0131\u015fmalar\u0131m\u0131z\u0131 s\u00fcrd\u00fcrece\u011fiz&#8221; ifadelerini kulland\u0131.<br \/>\nBar\u0131nma konusuna da de\u011finen Se\u00e7er, &#8220;G\u00fclnar&#8217;da ge\u00e7ti\u011fimiz y\u0131l hizmete a\u00e7t\u0131\u011f\u0131m\u0131z 68 k\u0131z ve 40 erkek \u00f6\u011frencinin kalabilece\u011fi toplam 108 yatakl\u0131 misafirhanemiz var. Merkezde erkek \u00f6\u011frencilere hizmet edecek 120 yatakl\u0131 yeni bir misafirhaneyi de hizmete haz\u0131r hale getirdik. Yeni e\u011fitim \u00f6\u011fretim y\u0131l\u0131nda orada da \u00f6\u011frencilerimizi a\u011f\u0131rlayaca\u011f\u0131z&#8221; dedi.<br \/>\nBa\u015fkan Se\u00e7er, Hastane Caddesi&#8217;ndeki esnaf\u0131 gezdi<br \/>\nMerkezdeki \u00f6\u011frencileri ziyaretinin ard\u0131ndan Ba\u015fkan Se\u00e7er, Akdeniz il\u00e7esi Hastane Caddesi&#8217;ndeki esnaf\u0131 gezdi. Ba\u015fkan Se\u00e7er, cadde esnaf\u0131na &#8220;hay\u0131rl\u0131 i\u015fler&#8221; dileyerek, sorun ve taleplerini dinledi. Cadde esnaf\u0131 ve vatanda\u015flar, ziyaret boyunca Ba\u015fkan Se\u00e7er&#8217;e kente kazand\u0131r\u0131lan hizmetlerden duyduklar\u0131 memnuniyeti dile getirdi.<\/p>\n","protected":false},"excerpt":{"rendered":"<p>Mersin B\u00fcy\u00fck\u015fehir Belediye Ba\u015fkan\u0131 Vahap Se\u00e7er, B\u00fcy\u00fck\u015fehir Belediyesi&#8217;nin uzman e\u011fitimci kadrosuyla \u00fccretsiz olarak \u00f6\u011frencilere YKS tercih dan\u0131\u015fmanl\u0131\u011f\u0131 deste\u011fi sundu\u011fu Kongre ve Sergi Saray\u0131&#8217;n\u0131 ziyaret etti. Dan\u0131\u015fmanl\u0131\u011fa ba\u015fvuran \u00f6\u011frencilerle bir araya &hellip; <a href=\"https:\/\/akdenizolaygazetesi.com\/?p=20048\" class=\"more-link\">Devam\u0131n\u0131 Oku&#8230;<\/a><\/p>\n","protected":false},"author":2,"featured_media":20049,"comment_status":"open","ping_status":"open","sticky":false,"template":"","format":"standard","meta":[],"categories":[2,3,5],"tags":[],"_links":{"self":[{"href":"https:\/\/akdenizolaygazetesi.com\/index.php?rest_route=\/wp\/v2\/posts\/20048"}],"collection":[{"href":"https:\/\/akdenizolaygazetesi.com\/index.php?rest_route=\/wp\/v2\/posts"}],"about":[{"href":"https:\/\/akdenizolaygazetesi.com\/index.php?rest_route=\/wp\/v2\/types\/post"}],"author":[{"embeddable":true,"href":"https:\/\/akdenizolaygazetesi.com\/index.php?rest_route=\/wp\/v2\/users\/2"}],"replies":[{"embeddable":true,"href":"https:\/\/akdenizolaygazetesi.com\/index.php?rest_route=%2Fwp%2Fv2%2Fcomments&post=20048"}],"version-history":[{"count":1,"href":"https:\/\/akdenizolaygazetesi.com\/index.php?rest_route=\/wp\/v2\/posts\/20048\/revisions"}],"predecessor-version":[{"id":20050,"href":"https:\/\/akdenizolaygazetesi.com\/index.php?rest_route=\/wp\/v2\/posts\/20048\/revisions\/20050"}],"wp:featuredmedia":[{"embeddable":true,"href":"https:\/\/akdenizolaygazetesi.com\/index.php?rest_route=\/wp\/v2\/media\/20049"}],"wp:attachment":[{"href":"https:\/\/akdenizolaygazetesi.com\/index.php?rest_route=%2Fwp%2Fv2%2Fmedia&parent=20048"}],"wp:term":[{"taxonomy":"category","embeddable":true,"href":"https:\/\/akdenizolaygazetesi.com\/index.php?rest_route=%2Fwp%2Fv2%2Fcategories&post=20048"},{"taxonomy":"post_tag","embeddable":true,"href":"https:\/\/akdenizolaygazetesi.com\/index.php?rest_route=%2Fwp%2Fv2%2Ftags&post=20048"}],"curies":[{"name":"wp","href":"https:\/\/api.w.org\/{rel}","templated":true}]}}