{"id":20055,"date":"2022-07-29T12:41:05","date_gmt":"2022-07-29T09:41:05","guid":{"rendered":"http:\/\/akdenizolaygazetesi.com\/?p=20055"},"modified":"2022-07-29T12:41:05","modified_gmt":"2022-07-29T09:41:05","slug":"mersin-orman-bolge-muduru-mustafa-yalcina-hayirli-olsun-ziyareti","status":"publish","type":"post","link":"https:\/\/akdenizolaygazetesi.com\/?p=20055","title":{"rendered":"Mersin Orman B\u00f6lge M\u00fcd\u00fcr\u00fc Mustafa Yal\u00e7\u0131n\u2019a hay\u0131rl\u0131 olsun ziyareti"},"content":{"rendered":"<p>Orman Genel M\u00fcd\u00fcr Yard\u0131mc\u0131s\u0131 \u0130brahim Y\u00fczer ve \u00c7evre, \u015eehircilik ve \u0130klim De\u011fi\u015fikli\u011fi Bakanl\u0131\u011f\u0131, Yerel Y\u00f6netimler Genel M\u00fcd\u00fcrl\u00fc\u011f\u00fc, Y\u00f6netim Hizmetleri Daire Ba\u015fkan\u0131 Seyfullah Arslant\u00fcrk,  Mersin Orman B\u00f6lge M\u00fcd\u00fcr\u00fc Mustafa Yal\u00e7\u0131n\u2019a hay\u0131rl\u0131 olsun ziyaretinde bulundu.<br \/>\nB\u00f6lge M\u00fcd\u00fcr\u00fc Yal\u00e7\u0131n ile bir s\u00fcre ba\u015f ba\u015fa sohbet eden Orman Genel M\u00fcd\u00fcr Yard\u0131mc\u0131s\u0131 \u0130brahim Y\u00fczer ve \u00c7evre, \u015eehircilik ve \u0130klim De\u011fi\u015fikli\u011fi Bakanl\u0131\u011f\u0131, Yerel Y\u00f6netimler Genel M\u00fcd\u00fcrl\u00fc\u011f\u00fc, Y\u00f6netim Hizmetleri Daire Ba\u015fkan\u0131 Seyfullah Arslant\u00fcrk, Yal\u00e7\u0131n\u2019a yeni g\u00f6revinde ba\u015far\u0131lar dilediler. <\/p>\n<p>B\u00f6lge M\u00fcd\u00fcr\u00fc Yal\u00e7\u0131n ise ziyaretten duydu\u011fu memnuniyeti dile getirerek kendilerine te\u015fekk\u00fcr etti.<\/p>\n","protected":false},"excerpt":{"rendered":"<p>Orman Genel M\u00fcd\u00fcr Yard\u0131mc\u0131s\u0131 \u0130brahim Y\u00fczer ve \u00c7evre, \u015eehircilik ve \u0130klim De\u011fi\u015fikli\u011fi Bakanl\u0131\u011f\u0131, Yerel Y\u00f6netimler Genel M\u00fcd\u00fcrl\u00fc\u011f\u00fc, Y\u00f6netim Hizmetleri Daire Ba\u015fkan\u0131 Seyfullah Arslant\u00fcrk, Mersin Orman B\u00f6lge M\u00fcd\u00fcr\u00fc Mustafa Yal\u00e7\u0131n\u2019a hay\u0131rl\u0131 &hellip; <a href=\"https:\/\/akdenizolaygazetesi.com\/?p=20055\" class=\"more-link\">Devam\u0131n\u0131 Oku&#8230;<\/a><\/p>\n","protected":false},"author":2,"featured_media":20056,"comment_status":"open","ping_status":"open","sticky":false,"template":"","format":"standard","meta":[],"categories":[2,3],"tags":[],"_links":{"self":[{"href":"https:\/\/akdenizolaygazetesi.com\/index.php?rest_route=\/wp\/v2\/posts\/20055"}],"collection":[{"href":"https:\/\/akdenizolaygazetesi.com\/index.php?rest_route=\/wp\/v2\/posts"}],"about":[{"href":"https:\/\/akdenizolaygazetesi.com\/index.php?rest_route=\/wp\/v2\/types\/post"}],"author":[{"embeddable":true,"href":"https:\/\/akdenizolaygazetesi.com\/index.php?rest_route=\/wp\/v2\/users\/2"}],"replies":[{"embeddable":true,"href":"https:\/\/akdenizolaygazetesi.com\/index.php?rest_route=%2Fwp%2Fv2%2Fcomments&post=20055"}],"version-history":[{"count":1,"href":"https:\/\/akdenizolaygazetesi.com\/index.php?rest_route=\/wp\/v2\/posts\/20055\/revisions"}],"predecessor-version":[{"id":20057,"href":"https:\/\/akdenizolaygazetesi.com\/index.php?rest_route=\/wp\/v2\/posts\/20055\/revisions\/20057"}],"wp:featuredmedia":[{"embeddable":true,"href":"https:\/\/akdenizolaygazetesi.com\/index.php?rest_route=\/wp\/v2\/media\/20056"}],"wp:attachment":[{"href":"https:\/\/akdenizolaygazetesi.com\/index.php?rest_route=%2Fwp%2Fv2%2Fmedia&parent=20055"}],"wp:term":[{"taxonomy":"category","embeddable":true,"href":"https:\/\/akdenizolaygazetesi.com\/index.php?rest_route=%2Fwp%2Fv2%2Fcategories&post=20055"},{"taxonomy":"post_tag","embeddable":true,"href":"https:\/\/akdenizolaygazetesi.com\/index.php?rest_route=%2Fwp%2Fv2%2Ftags&post=20055"}],"curies":[{"name":"wp","href":"https:\/\/api.w.org\/{rel}","templated":true}]}}