{"id":20058,"date":"2022-07-29T12:43:22","date_gmt":"2022-07-29T09:43:22","guid":{"rendered":"http:\/\/akdenizolaygazetesi.com\/?p=20058"},"modified":"2022-07-29T12:43:22","modified_gmt":"2022-07-29T09:43:22","slug":"akdenizde-yuzme-havuzu-cocuklarin-ayagina-geliyor","status":"publish","type":"post","link":"https:\/\/akdenizolaygazetesi.com\/?p=20058","title":{"rendered":"AKDEN\u0130Z\u2019DE Y\u00dcZME HAVUZU \u00c7OCUKLARIN AYA\u011eINA GEL\u0130YOR"},"content":{"rendered":"<p>Akdeniz Belediyesi, denize veya havuza gitme imk\u00e2n\u0131 bulamayan \u00e7ocuklar\u0131 y\u00fczme havuzu ile bulu\u015fturmaya, onlar\u0131 sevindirmeye devam ediyor. Mad\u0131mak Park\u0131\u2019na kurulan portatif y\u00fczme havuzunda \u00e7ocuklar\u0131n mutlulu\u011funa ortak olan Ba\u015fkan G\u00fcltak\u2019a, anneler ve serinlemenin keyfini s\u00fcren k\u00fc\u00e7\u00fckler te\u015fekk\u00fcr etti.<br \/>\nAkdeniz\u2019de art\u0131k geleneksel hale gelen ve her yaz y\u00fczlerce \u00e7ocu\u011fun \u00fccretsiz y\u00fczme \u00f6\u011frendi\u011fi, arkada\u015flar\u0131yla da yaz s\u0131ca\u011f\u0131n\u0131n keyfini \u00e7\u0131kard\u0131\u011f\u0131 kurslar\u0131n bu y\u0131lki aya\u011f\u0131 yo\u011fun ilgi alt\u0131nda ger\u00e7ekle\u015fiyor. K\u00fclt\u00fcr Sosyal \u0130\u015fler M\u00fcd\u00fcrl\u00fc\u011f\u00fc\u2019nce 2 Temmuz Mad\u0131mak Bar\u0131\u015f ve Karde\u015flik Park\u0131 i\u00e7ine portatif bir y\u00fczme havuzu kuruldu. Uzman e\u011fitmenler ve cankurtaranlar g\u00f6zetiminde, 28 Haziran\u2019da ba\u015flayan bu y\u0131lki kursa 2009 ile 2015 do\u011fumlu Akdenizli \u00e7ocuklar\u0131n ba\u015fvurular\u0131 al\u0131nd\u0131.<br \/>\nHavuzu ziyaret eden Ba\u015fkan G\u00fcltak \u00e7ocuklar\u0131n sevincini payla\u015ft\u0131<br \/>\nAkdeniz Belediyesi\u2019nin park i\u00e7ine kurdu\u011fu y\u00fczme havuzunu, ba\u015fkan yard\u0131mc\u0131lar\u0131 ve meclis \u00fcyeleri ile birlikte ziyaret eden Akdeniz Belediye Ba\u015fkan\u0131 Mustafa G\u00fcltak, \u00e7ocuklar\u0131n\u0131 kursa getiren annelerle sohbet etti. Duygular\u0131n\u0131 dile getiren anneler, \u00e7ocuklar\u0131na b\u00f6ylesi g\u00fczel bir imk\u00e2n sa\u011flad\u0131\u011f\u0131 i\u00e7in Ba\u015fkan G\u00fcltak\u2019a te\u015fekk\u00fcr etti. K\u00fc\u00e7\u00fck \u00e7ocuklar da tatili en g\u00fczel \u015fekilde de\u011ferlendirip y\u00fczme \u00f6\u011frendiklerini, ayr\u0131ca arkada\u015flar\u0131yla birlikte havuzun keyfini s\u00fcrd\u00fcklerini dile getirdiler.<br \/>\n\u201cAnnelere verdi\u011fimiz s\u00f6z\u00fc tuttuk\u201d<br \/>\nY\u00fczme havuzunun kenar\u0131na ge\u00e7erek \u00e7ocuklarla sohbet eden Ba\u015fkan G\u00fcltak, yak\u0131n d\u00f6nemde Y\u0131lmaz G\u00fcney Gen\u00e7lik Merkezi\u2019nin hizmete a\u00e7\u0131laca\u011f\u0131n\u0131 ve buradaki parkta da y\u00fczme kurslar\u0131 vereceklerini belirtti, gelecek y\u0131l kurulacak portatif havuz say\u0131s\u0131n\u0131n artt\u0131r\u0131lmas\u0131 i\u00e7in de birim yetkililerine talimat verdi.<br \/>\nBa\u015fkan G\u00fcltak; \u201cSe\u00e7ildi\u011fimiz g\u00fcnden bu g\u00fcne kadar b\u00f6lgemizde maalesef hi\u00e7 y\u00fczme havuzu yap\u0131lmam\u0131\u015f. Se\u00e7im d\u00f6neminde kar\u015f\u0131la\u015ft\u0131\u011f\u0131m annelerin en b\u00fcy\u00fck iste\u011fi, yavrular\u0131n\u0131n havuza veya denize gidebilmesi, y\u00fczme \u00f6\u011frenebilmesiydi. Di\u011fer il\u00e7elerde, sitelerde havuzlar varken Akdeniz\u2019de bir tane havuz yoktu.<br \/>\nSe\u00e7ildi\u011fimiz y\u0131l bu portatif havuzlar\u0131 T\u00fcrkiye\u2019de ilk kez g\u00fcndeme getiren ve uygulamay\u0131 ba\u015flatan bir belediye ba\u015fkan\u0131 olarak o y\u0131ldan beri devam ediyoruz. Annelere verdi\u011fimiz s\u00f6z\u00fcm\u00fcz\u00fc tuttuk, dezavantajl\u0131 ailelerimizin aya\u011f\u0131na havuzu getirdik. Ayr\u0131ca ailelerimizi, anneler ve k\u0131zlar\u0131n\u0131, Silifke kamp\u0131nda misafir ediyoruz. Denize hi\u00e7 gitmemi\u015f insanlar\u0131m\u0131z\u0131 hem denizle, k\u00fclt\u00fcrel, sosyal etkinliklerle bulu\u015ftururken, farkl\u0131 il veya il\u00e7elerimizde do\u011fa ve tarih gezilerine g\u00f6t\u00fcrmeye devam ediyoruz\u201d diye konu\u015ftu.<br \/>\n\u201c\u00c7ocuklar\u0131m\u0131z mutlu, aileler mutlu, biz mutluyuz\u201d<br \/>\nY\u00fczme bilmenin \u00f6nemine dikkat \u00e7eken Ba\u015fkan Mustafa G\u00fcltak; \u201cAkdeniz\u2019de 3 y\u0131l i\u00e7inde 10 bini a\u015fan \u00e7ocu\u011fumuza y\u00fczme \u00f6\u011frettik ve bu say\u0131 daha da artacak. Be\u015f y\u0131l\u0131n sonunda \u00e7ok daha fazla \u00e7ocu\u011fumuza y\u00fczme \u00f6\u011fretmi\u015f olaca\u011f\u0131z. \u00c7ocuklar\u0131m\u0131z ve aileleri mutlu oluyor. Tabi onlar\u0131n mutlulu\u011fu bizim de mutlulu\u011fumuz. Y\u0131lmaz G\u00fcney Park\u0131\u2019nda yar\u0131 olimpik havuzu bitirdik, 15 g\u00fcne kadar dolduruyoruz. Gen\u00e7lerimizin profesyonel y\u00fczme \u00f6\u011frenmesi i\u00e7in \u00e7al\u0131\u015faca\u011f\u0131z. Akdeniz\u2019de y\u00fczme bilmeyen \u00e7ocuk kalmayacak. Ben mutluyum, \u00e7ocuklar\u0131m\u0131z, ailelerimiz mutlu\u201d ifadelerini kulland\u0131. <\/p>\n","protected":false},"excerpt":{"rendered":"<p>Akdeniz Belediyesi, denize veya havuza gitme imk\u00e2n\u0131 bulamayan \u00e7ocuklar\u0131 y\u00fczme havuzu ile bulu\u015fturmaya, onlar\u0131 sevindirmeye devam ediyor. Mad\u0131mak Park\u0131\u2019na kurulan portatif y\u00fczme havuzunda \u00e7ocuklar\u0131n mutlulu\u011funa ortak olan Ba\u015fkan G\u00fcltak\u2019a, anneler &hellip; <a href=\"https:\/\/akdenizolaygazetesi.com\/?p=20058\" class=\"more-link\">Devam\u0131n\u0131 Oku&#8230;<\/a><\/p>\n","protected":false},"author":2,"featured_media":20059,"comment_status":"open","ping_status":"open","sticky":false,"template":"","format":"standard","meta":[],"categories":[1,2,3],"tags":[],"_links":{"self":[{"href":"https:\/\/akdenizolaygazetesi.com\/index.php?rest_route=\/wp\/v2\/posts\/20058"}],"collection":[{"href":"https:\/\/akdenizolaygazetesi.com\/index.php?rest_route=\/wp\/v2\/posts"}],"about":[{"href":"https:\/\/akdenizolaygazetesi.com\/index.php?rest_route=\/wp\/v2\/types\/post"}],"author":[{"embeddable":true,"href":"https:\/\/akdenizolaygazetesi.com\/index.php?rest_route=\/wp\/v2\/users\/2"}],"replies":[{"embeddable":true,"href":"https:\/\/akdenizolaygazetesi.com\/index.php?rest_route=%2Fwp%2Fv2%2Fcomments&post=20058"}],"version-history":[{"count":1,"href":"https:\/\/akdenizolaygazetesi.com\/index.php?rest_route=\/wp\/v2\/posts\/20058\/revisions"}],"predecessor-version":[{"id":20060,"href":"https:\/\/akdenizolaygazetesi.com\/index.php?rest_route=\/wp\/v2\/posts\/20058\/revisions\/20060"}],"wp:featuredmedia":[{"embeddable":true,"href":"https:\/\/akdenizolaygazetesi.com\/index.php?rest_route=\/wp\/v2\/media\/20059"}],"wp:attachment":[{"href":"https:\/\/akdenizolaygazetesi.com\/index.php?rest_route=%2Fwp%2Fv2%2Fmedia&parent=20058"}],"wp:term":[{"taxonomy":"category","embeddable":true,"href":"https:\/\/akdenizolaygazetesi.com\/index.php?rest_route=%2Fwp%2Fv2%2Fcategories&post=20058"},{"taxonomy":"post_tag","embeddable":true,"href":"https:\/\/akdenizolaygazetesi.com\/index.php?rest_route=%2Fwp%2Fv2%2Ftags&post=20058"}],"curies":[{"name":"wp","href":"https:\/\/api.w.org\/{rel}","templated":true}]}}