{"id":20070,"date":"2022-07-29T12:51:41","date_gmt":"2022-07-29T09:51:41","guid":{"rendered":"http:\/\/akdenizolaygazetesi.com\/?p=20070"},"modified":"2022-07-29T12:51:41","modified_gmt":"2022-07-29T09:51:41","slug":"cbknin-5-oyuncusu-milli-takim-kampinda","status":"publish","type":"post","link":"https:\/\/akdenizolaygazetesi.com\/?p=20070","title":{"rendered":"\u00c7BK&#8217;NIN 5 OYUNCUSU M\u0130LL\u0130 TAKIM KAMPINDA"},"content":{"rendered":"<p>\u00c7ukurova Basketbol Kul\u00fcb\u00fc (\u00c7BK) Mersin Yeni\u015fehir Belediyesi&#8217;nde U12 tak\u0131m\u0131n\u0131n 5 sporcusu, y\u0131ld\u0131z B milli tak\u0131m\u0131n\u0131n K\u0131rklareli&#8217;ndeki kamp\u0131na kat\u0131ld\u0131.<\/p>\n<p>T\u00fcrk basketboluna \u00f6nemli kazan\u0131mlar sa\u011flayabilmek ad\u0131na \u00e7aba g\u00f6steren \u00c7BK, altyap\u0131 yat\u0131r\u0131mlar\u0131n\u0131n kar\u015f\u0131l\u0131\u011f\u0131n\u0131 al\u0131yor. Milli tak\u0131mlar\u0131n \u00e7e\u015fitli ya\u015f kategorilerine birden \u00e7ok sporcu g\u00f6nderen \u00c7ukurova Basketbol&#8217;un U12 tak\u0131m\u0131nda forma giyen Kadriye Erva \u00d6zek, Derin Kafkas, S\u00fcmeyye Altunta\u015f, Ecrin Ece Tutucu ve Duru \u00c7ak\u0131r, yeniden y\u0131ld\u0131z B milli tak\u0131m\u0131n\u0131n K\u0131rklareli&#8217;nde d\u00fczenlenen kamp\u0131na davet edildi.<\/p>\n<p>Ay-y\u0131ld\u0131zl\u0131 forma ile \u00e7al\u0131\u015fmalara ba\u015flayan gen\u00e7 basketbolcular, &#8220;Milli tak\u0131mlardaki amac\u0131m\u0131z, \u00fclkemizi uluslararas\u0131 arenada en iyi \u015fekilde temsil etmektir. \u00c7ukurova Basketbol \u00e7at\u0131s\u0131 alt\u0131nda, milli tak\u0131mlar seviyesine gelmemizde eme\u011fi olan y\u00f6netimimize ve antren\u00f6rlerimize te\u015fekk\u00fcr ederiz. Gelecek y\u0131llarda da A milli tak\u0131m formas\u0131n\u0131 giyerek \u00fclkemize hizmet etmek istiyoruz&#8221; dedi.<\/p>\n","protected":false},"excerpt":{"rendered":"<p>\u00c7ukurova Basketbol Kul\u00fcb\u00fc (\u00c7BK) Mersin Yeni\u015fehir Belediyesi&#8217;nde U12 tak\u0131m\u0131n\u0131n 5 sporcusu, y\u0131ld\u0131z B milli tak\u0131m\u0131n\u0131n K\u0131rklareli&#8217;ndeki kamp\u0131na kat\u0131ld\u0131. T\u00fcrk basketboluna \u00f6nemli kazan\u0131mlar sa\u011flayabilmek ad\u0131na \u00e7aba g\u00f6steren \u00c7BK, altyap\u0131 yat\u0131r\u0131mlar\u0131n\u0131n kar\u015f\u0131l\u0131\u011f\u0131n\u0131 &hellip; <a href=\"https:\/\/akdenizolaygazetesi.com\/?p=20070\" class=\"more-link\">Devam\u0131n\u0131 Oku&#8230;<\/a><\/p>\n","protected":false},"author":2,"featured_media":20071,"comment_status":"open","ping_status":"open","sticky":false,"template":"","format":"standard","meta":[],"categories":[3,10],"tags":[],"_links":{"self":[{"href":"https:\/\/akdenizolaygazetesi.com\/index.php?rest_route=\/wp\/v2\/posts\/20070"}],"collection":[{"href":"https:\/\/akdenizolaygazetesi.com\/index.php?rest_route=\/wp\/v2\/posts"}],"about":[{"href":"https:\/\/akdenizolaygazetesi.com\/index.php?rest_route=\/wp\/v2\/types\/post"}],"author":[{"embeddable":true,"href":"https:\/\/akdenizolaygazetesi.com\/index.php?rest_route=\/wp\/v2\/users\/2"}],"replies":[{"embeddable":true,"href":"https:\/\/akdenizolaygazetesi.com\/index.php?rest_route=%2Fwp%2Fv2%2Fcomments&post=20070"}],"version-history":[{"count":1,"href":"https:\/\/akdenizolaygazetesi.com\/index.php?rest_route=\/wp\/v2\/posts\/20070\/revisions"}],"predecessor-version":[{"id":20072,"href":"https:\/\/akdenizolaygazetesi.com\/index.php?rest_route=\/wp\/v2\/posts\/20070\/revisions\/20072"}],"wp:featuredmedia":[{"embeddable":true,"href":"https:\/\/akdenizolaygazetesi.com\/index.php?rest_route=\/wp\/v2\/media\/20071"}],"wp:attachment":[{"href":"https:\/\/akdenizolaygazetesi.com\/index.php?rest_route=%2Fwp%2Fv2%2Fmedia&parent=20070"}],"wp:term":[{"taxonomy":"category","embeddable":true,"href":"https:\/\/akdenizolaygazetesi.com\/index.php?rest_route=%2Fwp%2Fv2%2Fcategories&post=20070"},{"taxonomy":"post_tag","embeddable":true,"href":"https:\/\/akdenizolaygazetesi.com\/index.php?rest_route=%2Fwp%2Fv2%2Ftags&post=20070"}],"curies":[{"name":"wp","href":"https:\/\/api.w.org\/{rel}","templated":true}]}}